{"id":93240,"date":"2026-01-28T00:10:00","date_gmt":"2026-01-28T03:10:00","guid":{"rendered":"https:\/\/blogdoeloiltoncajuhy.com.br\/site\/?p=93240"},"modified":"2026-01-27T19:29:16","modified_gmt":"2026-01-27T22:29:16","slug":"lindu-e-o-trio-nordestino-quando-a-musica-venceu-a-dor","status":"publish","type":"post","link":"https:\/\/blogdoeloiltoncajuhy.com.br\/site\/lindu-e-o-trio-nordestino-quando-a-musica-venceu-a-dor\/","title":{"rendered":"Lindu e o Trio Nordestino: Quando a m\u00fasica venceu a dor"},"content":{"rendered":"\n<p class=\"has-medium-font-size\"><strong>Um acidente, um est\u00fadio improvisado e um LP hist\u00f3rico que marcou a m\u00fasica nordestina.<\/strong><\/p>\n\n\n\n<p><strong>Blog do Eloilton Cajuhy \u2013 BEC<\/strong><\/p>\n\n\n\n<p><strong><a href=\"https:\/\/whatsapp.com\/channel\/0029VaAT7tDLI8Yfj5y9Z50Z\" target=\"_blank\" rel=\"noreferrer noopener\"><mark style=\"background-color:rgba(0, 0, 0, 0)\" class=\"has-inline-color has-luminous-vivid-orange-color\">>> Siga o canal do BEC no WhatsApp<\/mark><\/a><\/strong><\/p>\n\n\n\n<figure class=\"wp-block-image aligncenter size-full is-resized\"><a href=\"https:\/\/i0.wp.com\/blogdoeloiltoncajuhy.com.br\/site\/wp-content\/uploads\/2026\/01\/Lindu-Trio-Nordestino-Recorte-Jornal-Facebook.png?ssl=1\"><img data-recalc-dims=\"1\" fetchpriority=\"high\" decoding=\"async\" width=\"526\" height=\"761\" src=\"https:\/\/i0.wp.com\/blogdoeloiltoncajuhy.com.br\/site\/wp-content\/uploads\/2026\/01\/Lindu-Trio-Nordestino-Recorte-Jornal-Facebook.png?resize=526%2C761&#038;ssl=1\" alt=\"\" class=\"wp-image-93241\" style=\"width:440px;height:auto\" srcset=\"https:\/\/i0.wp.com\/blogdoeloiltoncajuhy.com.br\/site\/wp-content\/uploads\/2026\/01\/Lindu-Trio-Nordestino-Recorte-Jornal-Facebook.png?w=526&amp;ssl=1 526w, https:\/\/i0.wp.com\/blogdoeloiltoncajuhy.com.br\/site\/wp-content\/uploads\/2026\/01\/Lindu-Trio-Nordestino-Recorte-Jornal-Facebook.png?resize=207%2C300&amp;ssl=1 207w\" sizes=\"(max-width: 526px) 100vw, 526px\" \/><\/a><figcaption class=\"wp-element-caption\"><sub>Recorte de jornal mostrando como Lindu gravou o LP &#8220;No Meio das Meninas&#8221; &#8211; Reprodu\u00e7\u00e3o \/ Facebook<\/sub><\/figcaption><\/figure>\n\n\n\n<p>Em 1969, o Trio Nordestino viveu um dos momentos mais desafiadores de sua trajet\u00f3ria. Um grave acidente automobil\u00edstico deixou os integrantes impossibilitados de cumprir a agenda normal de apresenta\u00e7\u00f5es e grava\u00e7\u00f5es. Entre eles estava Lindu \u2014 nome art\u00edstico de Lindolfo Mendes Barbosa \u2014, que ficou praticamente imobilizado, todo engessado, precisando ser levado em uma maca.<\/p>\n\n\n\n<p>Mesmo diante dessa situa\u00e7\u00e3o extrema, a m\u00fasica falou mais alto. A gravadora CBS decidiu seguir adiante com o projeto e realizou a grava\u00e7\u00e3o do novo disco em condi\u00e7\u00f5es absolutamente incomuns. Lindu, sem poder se locomover, participou das sess\u00f5es deitado, mostrando uma determina\u00e7\u00e3o que se transformaria em s\u00edmbolo de resist\u00eancia e amor pela arte.<\/p>\n\n\n\n<p>O resultado desse esfor\u00e7o foi o LP \u201cNo Meio das Meninas\u201d, \u00e1lbum que trazia a can\u00e7\u00e3o-t\u00edtulo composta pelo pr\u00f3prio Lindolfo Mendes Barbosa. Mas o disco ainda guardava outra joia: \u201cProcurando Tu\u201d, composi\u00e7\u00e3o de Ant\u00f4nio Barros e J. Luna, que rapidamente conquistou o p\u00fablico e se tornou um dos maiores sucessos do Trio Nordestino.<\/p>\n\n\n\n<p>A for\u00e7a dessas m\u00fasicas atravessou as limita\u00e7\u00f5es f\u00edsicas e emocionais daquele per\u00edodo dif\u00edcil. O p\u00fablico respondeu com entusiasmo: o \u00e1lbum alcan\u00e7ou a impressionante marca de um milh\u00e3o de c\u00f3pias vendidas, consolidando ainda mais o Trio Nordestino como um dos grandes nomes da m\u00fasica popular brasileira.<\/p>\n\n\n\n<p>A hist\u00f3ria daquele LP \u00e9 mais do que um cap\u00edtulo curioso da ind\u00fastria fonogr\u00e1fica. \u00c9 um testemunho de f\u00e9, perseveran\u00e7a e da certeza de que, quando a voca\u00e7\u00e3o \u00e9 verdadeira, nem a dor consegue silenciar o som da sanfona. Como muitos f\u00e3s gostam de dizer, Deus aben\u00e7oou os tr\u00eas com a m\u00fasica \u2014 e aquele momento provou que o talento, quando \u00e9 aut\u00eantico, encontra sempre um jeito de continuar tocando cora\u00e7\u00f5es.<\/p>\n","protected":false},"excerpt":{"rendered":"<p>Um acidente, um est\u00fadio improvisado e um LP hist\u00f3rico que marcou a m\u00fasica nordestina. Blog do Eloilton Cajuhy \u2013 BEC >> Siga o canal do BEC no WhatsApp Em 1969, o Trio Nordestino viveu um dos momentos mais desafiadores de sua trajet\u00f3ria. Um grave acidente automobil\u00edstico deixou os integrantes impossibilitados de cumprir a agenda normal [&hellip;]<\/p>\n","protected":false},"author":2,"featured_media":93242,"comment_status":"open","ping_status":"open","sticky":false,"template":"","format":"standard","meta":{"_acf_changed":false,"_monsterinsights_skip_tracking":false,"_monsterinsights_sitenote_active":false,"_monsterinsights_sitenote_note":"","_monsterinsights_sitenote_category":0,"_jetpack_memberships_contains_paid_content":false,"footnotes":"","jetpack_publicize_message":"","jetpack_publicize_feature_enabled":true,"jetpack_social_post_already_shared":true,"jetpack_social_options":{"image_generator_settings":{"template":"highway","default_image_id":0,"font":"","enabled":false},"version":2}},"categories":[8],"tags":[],"class_list":["post-93240","post","type-post","status-publish","format-standard","has-post-thumbnail","hentry","category-cultura"],"acf":[],"jetpack_publicize_connections":[],"jetpack_featured_media_url":"https:\/\/i0.wp.com\/blogdoeloiltoncajuhy.com.br\/site\/wp-content\/uploads\/2026\/01\/Trio-Nordestino.jpg?fit=768%2C576&ssl=1","jetpack_sharing_enabled":true,"publishpress_future_workflow_manual_trigger":{"enabledWorkflows":[]},"_links":{"self":[{"href":"https:\/\/blogdoeloiltoncajuhy.com.br\/site\/wp-json\/wp\/v2\/posts\/93240","targetHints":{"allow":["GET"]}}],"collection":[{"href":"https:\/\/blogdoeloiltoncajuhy.com.br\/site\/wp-json\/wp\/v2\/posts"}],"about":[{"href":"https:\/\/blogdoeloiltoncajuhy.com.br\/site\/wp-json\/wp\/v2\/types\/post"}],"author":[{"embeddable":true,"href":"https:\/\/blogdoeloiltoncajuhy.com.br\/site\/wp-json\/wp\/v2\/users\/2"}],"replies":[{"embeddable":true,"href":"https:\/\/blogdoeloiltoncajuhy.com.br\/site\/wp-json\/wp\/v2\/comments?post=93240"}],"version-history":[{"count":1,"href":"https:\/\/blogdoeloiltoncajuhy.com.br\/site\/wp-json\/wp\/v2\/posts\/93240\/revisions"}],"predecessor-version":[{"id":93243,"href":"https:\/\/blogdoeloiltoncajuhy.com.br\/site\/wp-json\/wp\/v2\/posts\/93240\/revisions\/93243"}],"wp:featuredmedia":[{"embeddable":true,"href":"https:\/\/blogdoeloiltoncajuhy.com.br\/site\/wp-json\/wp\/v2\/media\/93242"}],"wp:attachment":[{"href":"https:\/\/blogdoeloiltoncajuhy.com.br\/site\/wp-json\/wp\/v2\/media?parent=93240"}],"wp:term":[{"taxonomy":"category","embeddable":true,"href":"https:\/\/blogdoeloiltoncajuhy.com.br\/site\/wp-json\/wp\/v2\/categories?post=93240"},{"taxonomy":"post_tag","embeddable":true,"href":"https:\/\/blogdoeloiltoncajuhy.com.br\/site\/wp-json\/wp\/v2\/tags?post=93240"}],"curies":[{"name":"wp","href":"https:\/\/api.w.org\/{rel}","templated":true}]}}