{"id":93209,"date":"2026-01-26T20:30:00","date_gmt":"2026-01-26T23:30:00","guid":{"rendered":"https:\/\/blogdoeloiltoncajuhy.com.br\/site\/?p=93209"},"modified":"2026-01-26T18:51:35","modified_gmt":"2026-01-26T21:51:35","slug":"as-raizes-invisiveis-da-vida","status":"publish","type":"post","link":"https:\/\/blogdoeloiltoncajuhy.com.br\/site\/as-raizes-invisiveis-da-vida\/","title":{"rendered":"As ra\u00edzes invis\u00edveis da vida"},"content":{"rendered":"\n<p class=\"has-medium-font-size\"><strong>Nem todo tempo \u00e9 de florescer \u2014 alguns existem para nos fortalecer por dentro.<\/strong><\/p>\n\n\n\n<p><strong>Por Blog do Eloilton Cajuhy \u2013 BEC<\/strong><\/p>\n\n\n\n<p><strong><a href=\"https:\/\/whatsapp.com\/channel\/0029VaAT7tDLI8Yfj5y9Z50Z\" target=\"_blank\" rel=\"noreferrer noopener\"><mark style=\"background-color:rgba(0, 0, 0, 0)\" class=\"has-inline-color has-luminous-vivid-orange-color\">&gt;&gt; Siga o canal do BEC no WhatsApp<\/mark><\/a><\/strong><\/p>\n\n\n\n<figure class=\"wp-block-image aligncenter size-full is-resized\"><a href=\"https:\/\/i0.wp.com\/blogdoeloiltoncajuhy.com.br\/site\/wp-content\/uploads\/2026\/01\/Pinterest-2026-01-26.jpeg?ssl=1\"><img data-recalc-dims=\"1\" fetchpriority=\"high\" decoding=\"async\" width=\"474\" height=\"842\" src=\"https:\/\/i0.wp.com\/blogdoeloiltoncajuhy.com.br\/site\/wp-content\/uploads\/2026\/01\/Pinterest-2026-01-26.jpeg?resize=474%2C842&#038;ssl=1\" alt=\"\" class=\"wp-image-93210\" style=\"width:358px;height:auto\" srcset=\"https:\/\/i0.wp.com\/blogdoeloiltoncajuhy.com.br\/site\/wp-content\/uploads\/2026\/01\/Pinterest-2026-01-26.jpeg?w=474&amp;ssl=1 474w, https:\/\/i0.wp.com\/blogdoeloiltoncajuhy.com.br\/site\/wp-content\/uploads\/2026\/01\/Pinterest-2026-01-26.jpeg?resize=169%2C300&amp;ssl=1 169w\" sizes=\"(max-width: 474px) 100vw, 474px\" \/><\/a><figcaption class=\"wp-element-caption\"><sub>Imagem: Pinterest<\/sub><\/figcaption><\/figure>\n\n\n\n<blockquote class=\"wp-block-quote is-layout-flow wp-block-quote-is-layout-flow\">\n<p><strong><mark style=\"background-color:rgba(0, 0, 0, 0)\" class=\"has-inline-color has-black-color\">Ter ra\u00edzes faz com que suportemos os momentos em que n\u00e3o damos flores e frutos.<\/mark><\/strong><\/p>\n<\/blockquote>\n\n\n\n<p>H\u00e1 per\u00edodos em que a vida parece silenciosa demais. Os dias passam sem grandes conquistas, os sonhos parecem suspensos no ar e a sensa\u00e7\u00e3o \u00e9 de que nada est\u00e1 acontecendo. \u00c9 justamente nesses momentos que as ra\u00edzes fazem o seu trabalho mais importante.<\/p>\n\n\n\n<p>Ra\u00edzes crescem no escuro. Ningu\u00e9m as aplaude, ningu\u00e9m as v\u00ea, mas s\u00e3o elas que sustentam a \u00e1rvore quando o vento chega e quando o solo se torna duro. Assim tamb\u00e9m somos n\u00f3s: h\u00e1 fases em que n\u00e3o exibimos flores nem colhemos frutos, mas estamos nos aprofundando, aprendendo, criando resist\u00eancia e maturidade.<\/p>\n\n\n\n<p>Vivemos em um tempo que valoriza apenas o que aparece \u2014 resultados r\u00e1pidos, vit\u00f3rias p\u00fablicas, sorrisos prontos para fotos. Esquecemos que toda vida saud\u00e1vel precisa de temporadas subterr\u00e2neas, onde a paci\u00eancia \u00e9 cultivada, a f\u00e9 \u00e9 testada e a identidade \u00e9 refor\u00e7ada. \u00c9 ali que deixamos de depender apenas das circunst\u00e2ncias e passamos a nos firmar em quem somos.<\/p>\n\n\n\n<p>Ter ra\u00edzes \u00e9 saber permanecer quando tudo parece est\u00e9ril. \u00c9 continuar cuidando do solo do cora\u00e7\u00e3o mesmo quando n\u00e3o h\u00e1 sinais imediatos de colheita. \u00c9 confiar que o que est\u00e1 sendo constru\u00eddo por dentro ser\u00e1, mais cedo ou mais tarde, revelado por fora.<\/p>\n\n\n\n<p>Se hoje voc\u00ea se sente em uma esta\u00e7\u00e3o de espera, n\u00e3o se apresse em se comparar com quem est\u00e1 florescendo agora. Cada \u00e1rvore tem seu tempo, cada hist\u00f3ria tem seu ritmo. Talvez este n\u00e3o seja o momento de exibir frutos, mas de aprofundar a alma, fortalecer convic\u00e7\u00f5es e aprender a suportar os ventos sem tombar.<\/p>\n\n\n\n<p>As flores voltam. Os frutos chegam. Mas s\u00f3 permanecem de p\u00e9 aqueles que, nos dias silenciosos, cuidaram bem das pr\u00f3prias ra\u00edzes.<\/p>\n","protected":false},"excerpt":{"rendered":"<p>Nem todo tempo \u00e9 de florescer \u2014 alguns existem para nos fortalecer por dentro. Por Blog do Eloilton Cajuhy \u2013 BEC &gt;&gt; Siga o canal do BEC no WhatsApp Ter ra\u00edzes faz com que suportemos os momentos em que n\u00e3o damos flores e frutos. H\u00e1 per\u00edodos em que a vida parece silenciosa demais. Os dias [&hellip;]<\/p>\n","protected":false},"author":2,"featured_media":93210,"comment_status":"open","ping_status":"open","sticky":false,"template":"","format":"standard","meta":{"_acf_changed":false,"_monsterinsights_skip_tracking":false,"_monsterinsights_sitenote_active":false,"_monsterinsights_sitenote_note":"","_monsterinsights_sitenote_category":0,"_jetpack_memberships_contains_paid_content":false,"footnotes":"","jetpack_publicize_message":"","jetpack_publicize_feature_enabled":true,"jetpack_social_post_already_shared":true,"jetpack_social_options":{"image_generator_settings":{"template":"highway","default_image_id":0,"font":"","enabled":false},"version":2}},"categories":[9],"tags":[],"class_list":["post-93209","post","type-post","status-publish","format-standard","has-post-thumbnail","hentry","category-reflexao"],"acf":[],"jetpack_publicize_connections":[],"jetpack_featured_media_url":"https:\/\/i0.wp.com\/blogdoeloiltoncajuhy.com.br\/site\/wp-content\/uploads\/2026\/01\/Pinterest-2026-01-26.jpeg?fit=474%2C842&ssl=1","jetpack_sharing_enabled":true,"publishpress_future_workflow_manual_trigger":{"enabledWorkflows":[]},"_links":{"self":[{"href":"https:\/\/blogdoeloiltoncajuhy.com.br\/site\/wp-json\/wp\/v2\/posts\/93209","targetHints":{"allow":["GET"]}}],"collection":[{"href":"https:\/\/blogdoeloiltoncajuhy.com.br\/site\/wp-json\/wp\/v2\/posts"}],"about":[{"href":"https:\/\/blogdoeloiltoncajuhy.com.br\/site\/wp-json\/wp\/v2\/types\/post"}],"author":[{"embeddable":true,"href":"https:\/\/blogdoeloiltoncajuhy.com.br\/site\/wp-json\/wp\/v2\/users\/2"}],"replies":[{"embeddable":true,"href":"https:\/\/blogdoeloiltoncajuhy.com.br\/site\/wp-json\/wp\/v2\/comments?post=93209"}],"version-history":[{"count":2,"href":"https:\/\/blogdoeloiltoncajuhy.com.br\/site\/wp-json\/wp\/v2\/posts\/93209\/revisions"}],"predecessor-version":[{"id":93212,"href":"https:\/\/blogdoeloiltoncajuhy.com.br\/site\/wp-json\/wp\/v2\/posts\/93209\/revisions\/93212"}],"wp:featuredmedia":[{"embeddable":true,"href":"https:\/\/blogdoeloiltoncajuhy.com.br\/site\/wp-json\/wp\/v2\/media\/93210"}],"wp:attachment":[{"href":"https:\/\/blogdoeloiltoncajuhy.com.br\/site\/wp-json\/wp\/v2\/media?parent=93209"}],"wp:term":[{"taxonomy":"category","embeddable":true,"href":"https:\/\/blogdoeloiltoncajuhy.com.br\/site\/wp-json\/wp\/v2\/categories?post=93209"},{"taxonomy":"post_tag","embeddable":true,"href":"https:\/\/blogdoeloiltoncajuhy.com.br\/site\/wp-json\/wp\/v2\/tags?post=93209"}],"curies":[{"name":"wp","href":"https:\/\/api.w.org\/{rel}","templated":true}]}}