{"id":93206,"date":"2026-01-26T16:02:50","date_gmt":"2026-01-26T19:02:50","guid":{"rendered":"https:\/\/blogdoeloiltoncajuhy.com.br\/site\/?p=93206"},"modified":"2026-01-26T16:02:52","modified_gmt":"2026-01-26T19:02:52","slug":"capitao-alden-critica-grupo-de-acm-neto-e-diz-que-pl-esta-escanteado-na-bahia","status":"publish","type":"post","link":"https:\/\/blogdoeloiltoncajuhy.com.br\/site\/capitao-alden-critica-grupo-de-acm-neto-e-diz-que-pl-esta-escanteado-na-bahia\/","title":{"rendered":"Capit\u00e3o Alden critica grupo de ACM Neto e diz que PL est\u00e1 \u201cescanteado\u201d na Bahia"},"content":{"rendered":"\n<p class=\"has-medium-font-size\"><strong>Por Pol\u00edtica ao Vivo<\/strong><\/p>\n\n\n\n<p><strong><a href=\"https:\/\/whatsapp.com\/channel\/0029VaAT7tDLI8Yfj5y9Z50Z\" target=\"_blank\" rel=\"noreferrer noopener\"><mark style=\"background-color:rgba(0, 0, 0, 0)\" class=\"has-inline-color has-luminous-vivid-orange-color\">>> Siga o canal do BEC no WhatsApp<\/mark><\/a><\/strong><\/p>\n\n\n\n<figure class=\"wp-block-image aligncenter size-full\"><a href=\"https:\/\/i0.wp.com\/blogdoeloiltoncajuhy.com.br\/site\/wp-content\/uploads\/2026\/01\/Capitao-Alden-Foto-Divulgacao.png?ssl=1\"><img data-recalc-dims=\"1\" fetchpriority=\"high\" decoding=\"async\" width=\"760\" height=\"399\" src=\"https:\/\/i0.wp.com\/blogdoeloiltoncajuhy.com.br\/site\/wp-content\/uploads\/2026\/01\/Capitao-Alden-Foto-Divulgacao.png?resize=760%2C399&#038;ssl=1\" alt=\"\" class=\"wp-image-93207\" srcset=\"https:\/\/i0.wp.com\/blogdoeloiltoncajuhy.com.br\/site\/wp-content\/uploads\/2026\/01\/Capitao-Alden-Foto-Divulgacao.png?w=760&amp;ssl=1 760w, https:\/\/i0.wp.com\/blogdoeloiltoncajuhy.com.br\/site\/wp-content\/uploads\/2026\/01\/Capitao-Alden-Foto-Divulgacao.png?resize=300%2C158&amp;ssl=1 300w\" sizes=\"(max-width: 760px) 100vw, 760px\" \/><\/a><figcaption class=\"wp-element-caption\"><sub>Foto: Divulga\u00e7\u00e3o<\/sub><\/figcaption><\/figure>\n\n\n\n<p>O deputado federal Capit\u00e3o Alden (PL) avaliou, em entrevista \u00e0 R\u00e1dio Antena 1 Salvador, a rela\u00e7\u00e3o do partido com o grupo ligado ao ex-prefeito ACM Neto. O parlamentar demonstrou insatisfa\u00e7\u00e3o com o espa\u00e7o ocupado pelo PL dentro da oposi\u00e7\u00e3o na Bahia.<\/p>\n\n\n\n<p>\u201cMas, o resultado, que tenho visto, \u00e9 o PL escanteado. O PL s\u00f3 tem servido para fundo eleitoral, tempo de r\u00e1dio e TV e mobiliza\u00e7\u00e3o dessas massas que v\u00e3o para a rua. Hoje o PL se mostra como a \u00fanica for\u00e7a, \u00fanico partido que consegue mobilizar milhares de pessoas nas ruas, as pessoas v\u00e3o de gra\u00e7a, est\u00e3o alinhadas com pautas conservadoras. [\u2026] Hoje o Centr\u00e3o, em especial o Uni\u00e3o Brasil, est\u00e1 buscando essa base conciliadora. Como vai ficar o PL na Bahia, quais as propostas concretas e reais de ACM Neto para essa base? \u00c9 s\u00f3 vamos nos unir para tirar o PT? O que ser\u00e1 entregue depois?\u201d, afirmou.<\/p>\n\n\n\n<p>Na entrevista, Alden destacou que temas como seguran\u00e7a p\u00fablica s\u00e3o fundamentais para manter a rela\u00e7\u00e3o no campo oposicionista. Ele disse que a base tem cobrado posicionamentos e que n\u00e3o pretende mais levar propostas ao eleitorado sem garantias de fidelidade \u00e0s pautas conservadoras.<\/p>\n\n\n\n<p>\u201cQuando n\u00e3o tenho a majorit\u00e1ria puxando os votos, que era o meu desejo, o PL perde votos. Isso dificulta a elei\u00e7\u00e3o de deputados federais e estaduais. Bolsonaro foi claro para elegermos mais deputados e senadores. O que tenho visto \u00e9 o PL servir de casa e legenda para candidatos que n\u00e3o s\u00e3o conservadores. Todos tentando migrar para o PL. Eles v\u00e3o cumprir com fidelidade o que defendemos? Quais ser\u00e3o as entregas?\u201d, declarou.<\/p>\n\n\n\n<p>O parlamentar tamb\u00e9m analisou o cen\u00e1rio das manifesta\u00e7\u00f5es contra o governo federal, com foco na Bahia e nas elei\u00e7\u00f5es de 2026. Segundo ele, a organiza\u00e7\u00e3o desses atos enfrenta dificuldades no estado devido \u00e0 extens\u00e3o territorial e ao resultado das urnas. \u201cNos estados, como a Bahia, temos uma dificuldade muito maior de organiza\u00e7\u00e3o desses movimentos. Primeiro, pela extens\u00e3o territorial [\u2026] temos um estado, que dos 417 munic\u00edpios, apenas dois deram votos de maneira concreta ao ex-presidente Jair Bolsonaro\u201d, disse.<\/p>\n","protected":false},"excerpt":{"rendered":"<p>Por Pol\u00edtica ao Vivo >> Siga o canal do BEC no WhatsApp O deputado federal Capit\u00e3o Alden (PL) avaliou, em entrevista \u00e0 R\u00e1dio Antena 1 Salvador, a rela\u00e7\u00e3o do partido com o grupo ligado ao ex-prefeito ACM Neto. O parlamentar demonstrou insatisfa\u00e7\u00e3o com o espa\u00e7o ocupado pelo PL dentro da oposi\u00e7\u00e3o na Bahia. \u201cMas, o [&hellip;]<\/p>\n","protected":false},"author":2,"featured_media":93207,"comment_status":"open","ping_status":"open","sticky":false,"template":"","format":"standard","meta":{"_acf_changed":false,"_monsterinsights_skip_tracking":false,"_monsterinsights_sitenote_active":false,"_monsterinsights_sitenote_note":"","_monsterinsights_sitenote_category":0,"_jetpack_memberships_contains_paid_content":false,"footnotes":"","jetpack_publicize_message":"","jetpack_publicize_feature_enabled":true,"jetpack_social_post_already_shared":true,"jetpack_social_options":{"image_generator_settings":{"template":"highway","default_image_id":0,"font":"","enabled":false},"version":2}},"categories":[3],"tags":[],"class_list":["post-93206","post","type-post","status-publish","format-standard","has-post-thumbnail","hentry","category-politica"],"acf":[],"jetpack_publicize_connections":[],"jetpack_featured_media_url":"https:\/\/i0.wp.com\/blogdoeloiltoncajuhy.com.br\/site\/wp-content\/uploads\/2026\/01\/Capitao-Alden-Foto-Divulgacao.png?fit=760%2C399&ssl=1","jetpack_sharing_enabled":true,"publishpress_future_workflow_manual_trigger":{"enabledWorkflows":[]},"_links":{"self":[{"href":"https:\/\/blogdoeloiltoncajuhy.com.br\/site\/wp-json\/wp\/v2\/posts\/93206","targetHints":{"allow":["GET"]}}],"collection":[{"href":"https:\/\/blogdoeloiltoncajuhy.com.br\/site\/wp-json\/wp\/v2\/posts"}],"about":[{"href":"https:\/\/blogdoeloiltoncajuhy.com.br\/site\/wp-json\/wp\/v2\/types\/post"}],"author":[{"embeddable":true,"href":"https:\/\/blogdoeloiltoncajuhy.com.br\/site\/wp-json\/wp\/v2\/users\/2"}],"replies":[{"embeddable":true,"href":"https:\/\/blogdoeloiltoncajuhy.com.br\/site\/wp-json\/wp\/v2\/comments?post=93206"}],"version-history":[{"count":1,"href":"https:\/\/blogdoeloiltoncajuhy.com.br\/site\/wp-json\/wp\/v2\/posts\/93206\/revisions"}],"predecessor-version":[{"id":93208,"href":"https:\/\/blogdoeloiltoncajuhy.com.br\/site\/wp-json\/wp\/v2\/posts\/93206\/revisions\/93208"}],"wp:featuredmedia":[{"embeddable":true,"href":"https:\/\/blogdoeloiltoncajuhy.com.br\/site\/wp-json\/wp\/v2\/media\/93207"}],"wp:attachment":[{"href":"https:\/\/blogdoeloiltoncajuhy.com.br\/site\/wp-json\/wp\/v2\/media?parent=93206"}],"wp:term":[{"taxonomy":"category","embeddable":true,"href":"https:\/\/blogdoeloiltoncajuhy.com.br\/site\/wp-json\/wp\/v2\/categories?post=93206"},{"taxonomy":"post_tag","embeddable":true,"href":"https:\/\/blogdoeloiltoncajuhy.com.br\/site\/wp-json\/wp\/v2\/tags?post=93206"}],"curies":[{"name":"wp","href":"https:\/\/api.w.org\/{rel}","templated":true}]}}