{"id":93200,"date":"2026-01-26T15:09:54","date_gmt":"2026-01-26T18:09:54","guid":{"rendered":"https:\/\/blogdoeloiltoncajuhy.com.br\/site\/?p=93200"},"modified":"2026-01-26T15:09:56","modified_gmt":"2026-01-26T18:09:56","slug":"investigadores-veem-situacao-de-toffoli-como-insustentavel-e-alertam-ministros-do-stf-sobre-agravamento-das-investigacoes-do-caso-master","status":"publish","type":"post","link":"https:\/\/blogdoeloiltoncajuhy.com.br\/site\/investigadores-veem-situacao-de-toffoli-como-insustentavel-e-alertam-ministros-do-stf-sobre-agravamento-das-investigacoes-do-caso-master\/","title":{"rendered":"Investigadores veem situa\u00e7\u00e3o de Toffoli como insustent\u00e1vel e alertam ministros do STF sobre agravamento das investiga\u00e7\u00f5es do Caso Master"},"content":{"rendered":"\n<p class=\"has-medium-font-size\"><strong>Ministros do STF ouvidos pelo blog defendem que o caso do Banco Master des\u00e7a para a primeira inst\u00e2ncia e que essa seria uma sa\u00edda &#8216;feij\u00e3o com arroz&#8217;: n\u00e3o cria tese nova, \u00e9 defens\u00e1vel tecnicamente, tira Toffoli do centro do caso e reduz a press\u00e3o direta sobre a Corte.<\/strong><\/p>\n\n\n\n<p><strong>Por Andr\u00e9ia Sadi<\/strong><\/p>\n\n\n\n<p><strong><a href=\"https:\/\/whatsapp.com\/channel\/0029VaAT7tDLI8Yfj5y9Z50Z\" target=\"_blank\" rel=\"noreferrer noopener\"><mark style=\"background-color:rgba(0, 0, 0, 0)\" class=\"has-inline-color has-luminous-vivid-orange-color\">>> Siga o canal do BEC no WhatsApp<\/mark><\/a><\/strong><\/p>\n\n\n\n<figure class=\"wp-block-image aligncenter size-full is-resized\"><a href=\"http:\/\/blogdoeloiltoncajuhy.com.br\/site\/wp-content\/uploads\/2026\/01\/Dias-Toffoli-\u2014-Foto-AFP-via-BBC.avif\"><img fetchpriority=\"high\" decoding=\"async\" width=\"984\" height=\"554\" src=\"http:\/\/blogdoeloiltoncajuhy.com.br\/site\/wp-content\/uploads\/2026\/01\/Dias-Toffoli-\u2014-Foto-AFP-via-BBC.avif\" alt=\"\" class=\"wp-image-93201\" style=\"aspect-ratio:1.7762359063313096;width:718px;height:auto\" srcset=\"https:\/\/blogdoeloiltoncajuhy.com.br\/site\/wp-content\/uploads\/2026\/01\/Dias-Toffoli-\u2014-Foto-AFP-via-BBC.avif 984w, https:\/\/blogdoeloiltoncajuhy.com.br\/site\/wp-content\/uploads\/2026\/01\/Dias-Toffoli-\u2014-Foto-AFP-via-BBC-300x169.avif 300w, https:\/\/blogdoeloiltoncajuhy.com.br\/site\/wp-content\/uploads\/2026\/01\/Dias-Toffoli-\u2014-Foto-AFP-via-BBC-768x432.avif 768w\" sizes=\"(max-width: 800px) 100vw, 800px\" \/><\/a><figcaption class=\"wp-element-caption\"><sub>Na avalia\u00e7\u00e3o de uma ala da Corte, a decis\u00e3o sobre o que fazer est\u00e1 nas m\u00e3os do pr\u00f3prio Toffoli \u2014 Foto: AFP via BBC<\/sub><\/figcaption><\/figure>\n\n\n\n<p>Investigadores ouvidos pelo <strong><em>blog<\/em><\/strong> nos \u00faltimos dias s\u00e3o taxativos: a situa\u00e7\u00e3o do ministro do Supremo Tribunal Federal (STF), Dias Toffoli, \u00e9 vista como insustent\u00e1vel e tende a se agravar.<\/p>\n\n\n\n<p>Relator do caso Master na Corte desde dezembro, quando tomou a decis\u00e3o de puxar para o Supremo as investiga\u00e7\u00f5es de supostas fraudes financeiras do banco de Daniel Vorcaro, Toffoli tem causado estranheza por decis\u00f5es do caso. Como, por exemplo, quando determinou que o material apreendido na 2\u00aa fase da Opera\u00e7\u00e3o Compliance Zero fosse enviado para o STF e n\u00e3o para a Pol\u00edcia Federal (PF).<\/p>\n\n\n\n<p>Al\u00e9m disso, na \u00faltima semana, foi revelado que fundos ligados ao Master compraram a participa\u00e7\u00e3o de irm\u00e3os do ministro no Resort Tayay\u00e1, na cidade de Ribeir\u00e3o Claro (PR). A transa\u00e7\u00e3o foi divulgada pelo jornal <strong>&#8220;O Estado de S. Paulo&#8221;<\/strong> e confirmada pela <strong>TV Globo<\/strong>.<\/p>\n\n\n\n<p>N\u00e3o h\u00e1, portanto, na avalia\u00e7\u00e3o dos investigadores, um ponto de virada que encerre a crise \u2014 apenas uma sucess\u00e3o de desdobramentos que independem, inclusive, das decis\u00f5es do pr\u00f3prio Toffoli.<\/p>\n\n\n\n<p>O motivo \u00e9 estrutural, explicam investigadores. H\u00e1 frentes da investiga\u00e7\u00e3o que n\u00e3o est\u00e3o sob o comando do ministro nem concentradas no Supremo. Em S\u00e3o Paulo, por exemplo, apura\u00e7\u00f5es envolvendo fundos e estruturas financeiras seguem em curso e podem gerar novos fatos a qualquer momento. Mesmo que Toffoli tente \u201corganizar\u201d o caso no STF, o desgaste pode vir por fora.<\/p>\n\n\n\n<p>Esse diagn\u00f3stico j\u00e1 foi levado diretamente \u00e0 maioria dos ministros da Corte. Investigadores alertaram que o caso tem potencial para \u201carrastar o tribunal para a lama\u201d, transformando um problema individual em risco institucional. Ministros est\u00e3o cientes da gravidade do quadro.<\/p>\n\n\n\n<p>Dentro do Supremo, a leitura \u00e9 dura, mas pragm\u00e1tica. H\u00e1 quem concorde que a situa\u00e7\u00e3o \u00e9 complexa demais para que o ministro permane\u00e7a \u00e0 frente do caso e defendem uma sa\u00edda para baixo, ou seja, que o caso des\u00e7a para a primeira inst\u00e2ncia.<\/p>\n\n\n\n<p>Essa sa\u00edda \u00e9 vista como o \u201cfeij\u00e3o com arroz\u201d jur\u00eddico: n\u00e3o cria tese nova, \u00e9 defens\u00e1vel tecnicamente, tira Toffoli do centro do caso e reduz a press\u00e3o direta sobre o STF. N\u00e3o \u00e9 uma sa\u00edda honrosa. \u00c9 apenas a menos traum\u00e1tica para a Corte.<\/p>\n\n\n\n<p>Essa \u00e9 considerada a alternativa poss\u00edvel justamente porque a outra \u2014 Toffoli simplesmente deixar o caso \u2014 n\u00e3o \u00e9 vista como fact\u00edvel. Ministros n\u00e3o acreditam que ele aceitaria se afastar voluntariamente da condu\u00e7\u00e3o.<\/p>\n\n\n\n<p>Ao mesmo tempo, h\u00e1 uma queixa interna: n\u00e3o houve uma tentativa real de convencimento institucional. Faltou uma conversa direta, coordenada, que buscasse construir essa sa\u00edda antes que a crise ganhasse din\u00e2mica pr\u00f3pria.<\/p>\n\n\n\n<p>O resultado \u00e9 que a crise colocou o Supremo como tema pol\u00edtico antecipadamente. Nos bastidores, a avalia\u00e7\u00e3o \u00e9 que o STF foi colocado \u201cna linha de tiro da campanha\u201d. O tribunal deixou de ser apenas um alvo da extrema-direita e passou a entrar no radar eleitoral de forma mais ampla, transformando-se em tema de disputa num momento de alta sensibilidade institucional.<\/p>\n\n\n\n<p>O impasse central permanece: na avalia\u00e7\u00e3o de uma ala da Corte, a decis\u00e3o est\u00e1 nas m\u00e3os do pr\u00f3prio Toffoli. Manter o caso no Supremo concentra o desgaste nele e amplia o risco de o tribunal ser visto como juiz em causa pr\u00f3pria. Com novos fatos podendo surgir fora do alcance do relator, a conten\u00e7\u00e3o pode se tornar invi\u00e1vel.<\/p>\n\n\n\n<p>A leitura interna \u00e9 que esticar a corda agrava a situa\u00e7\u00e3o do tribunal e empurra o STF para o centro de uma crise pol\u00edtica permanente. A crise de Toffoli, dizem investigadores e ministros, n\u00e3o tem prazo para acabar. Tem apenas a chance \u2014 ainda aberta \u2014 de ser contida antes de contaminar toda a Corte.<\/p>\n","protected":false},"excerpt":{"rendered":"<p>Ministros do STF ouvidos pelo blog defendem que o caso do Banco Master des\u00e7a para a primeira inst\u00e2ncia e que essa seria uma sa\u00edda &#8216;feij\u00e3o com arroz&#8217;: n\u00e3o cria tese nova, \u00e9 defens\u00e1vel tecnicamente, tira Toffoli do centro do caso e reduz a press\u00e3o direta sobre a Corte. Por Andr\u00e9ia Sadi >> Siga o canal [&hellip;]<\/p>\n","protected":false},"author":2,"featured_media":93201,"comment_status":"open","ping_status":"open","sticky":false,"template":"","format":"standard","meta":{"_acf_changed":false,"_monsterinsights_skip_tracking":false,"_monsterinsights_sitenote_active":false,"_monsterinsights_sitenote_note":"","_monsterinsights_sitenote_category":0,"_jetpack_memberships_contains_paid_content":false,"footnotes":"","jetpack_publicize_message":"","jetpack_publicize_feature_enabled":true,"jetpack_social_post_already_shared":true,"jetpack_social_options":{"image_generator_settings":{"template":"highway","default_image_id":0,"font":"","enabled":false},"version":2}},"categories":[3],"tags":[],"class_list":["post-93200","post","type-post","status-publish","format-standard","has-post-thumbnail","hentry","category-politica"],"acf":[],"jetpack_publicize_connections":[],"jetpack_featured_media_url":"https:\/\/blogdoeloiltoncajuhy.com.br\/site\/wp-content\/uploads\/2026\/01\/Dias-Toffoli-\u2014-Foto-AFP-via-BBC.avif","jetpack_sharing_enabled":true,"publishpress_future_workflow_manual_trigger":{"enabledWorkflows":[]},"_links":{"self":[{"href":"https:\/\/blogdoeloiltoncajuhy.com.br\/site\/wp-json\/wp\/v2\/posts\/93200","targetHints":{"allow":["GET"]}}],"collection":[{"href":"https:\/\/blogdoeloiltoncajuhy.com.br\/site\/wp-json\/wp\/v2\/posts"}],"about":[{"href":"https:\/\/blogdoeloiltoncajuhy.com.br\/site\/wp-json\/wp\/v2\/types\/post"}],"author":[{"embeddable":true,"href":"https:\/\/blogdoeloiltoncajuhy.com.br\/site\/wp-json\/wp\/v2\/users\/2"}],"replies":[{"embeddable":true,"href":"https:\/\/blogdoeloiltoncajuhy.com.br\/site\/wp-json\/wp\/v2\/comments?post=93200"}],"version-history":[{"count":1,"href":"https:\/\/blogdoeloiltoncajuhy.com.br\/site\/wp-json\/wp\/v2\/posts\/93200\/revisions"}],"predecessor-version":[{"id":93202,"href":"https:\/\/blogdoeloiltoncajuhy.com.br\/site\/wp-json\/wp\/v2\/posts\/93200\/revisions\/93202"}],"wp:featuredmedia":[{"embeddable":true,"href":"https:\/\/blogdoeloiltoncajuhy.com.br\/site\/wp-json\/wp\/v2\/media\/93201"}],"wp:attachment":[{"href":"https:\/\/blogdoeloiltoncajuhy.com.br\/site\/wp-json\/wp\/v2\/media?parent=93200"}],"wp:term":[{"taxonomy":"category","embeddable":true,"href":"https:\/\/blogdoeloiltoncajuhy.com.br\/site\/wp-json\/wp\/v2\/categories?post=93200"},{"taxonomy":"post_tag","embeddable":true,"href":"https:\/\/blogdoeloiltoncajuhy.com.br\/site\/wp-json\/wp\/v2\/tags?post=93200"}],"curies":[{"name":"wp","href":"https:\/\/api.w.org\/{rel}","templated":true}]}}