{"id":93186,"date":"2026-01-24T22:40:47","date_gmt":"2026-01-25T01:40:47","guid":{"rendered":"https:\/\/blogdoeloiltoncajuhy.com.br\/site\/?p=93186"},"modified":"2026-01-24T22:40:49","modified_gmt":"2026-01-25T01:40:49","slug":"nota-de-pesar-do-ex-prefeito-carlos-brasileiro-3","status":"publish","type":"post","link":"https:\/\/blogdoeloiltoncajuhy.com.br\/site\/nota-de-pesar-do-ex-prefeito-carlos-brasileiro-3\/","title":{"rendered":"Nota de Pesar do ex-prefeito Carlos Brasileiro"},"content":{"rendered":"\n<p><strong>Por Blog do Eloilton Cajuhy \u2013 BEC<\/strong><\/p>\n\n\n\n<p><strong><a href=\"https:\/\/whatsapp.com\/channel\/0029VaAT7tDLI8Yfj5y9Z50Z\" target=\"_blank\" rel=\"noreferrer noopener\"><mark style=\"background-color:rgba(0, 0, 0, 0)\" class=\"has-inline-color has-luminous-vivid-orange-color\">>> Siga o canal do BEC no WhatsApp<\/mark><\/a><\/strong><\/p>\n\n\n\n<figure class=\"wp-block-image aligncenter size-full is-resized\"><a href=\"https:\/\/i0.wp.com\/blogdoeloiltoncajuhy.com.br\/site\/wp-content\/uploads\/2026\/01\/Nota-Carlos-Brasileiro.jpg?ssl=1\"><img data-recalc-dims=\"1\" fetchpriority=\"high\" decoding=\"async\" width=\"614\" height=\"768\" src=\"https:\/\/i0.wp.com\/blogdoeloiltoncajuhy.com.br\/site\/wp-content\/uploads\/2026\/01\/Nota-Carlos-Brasileiro.jpg?resize=614%2C768&#038;ssl=1\" alt=\"\" class=\"wp-image-93187\" style=\"width:457px;height:auto\" srcset=\"https:\/\/i0.wp.com\/blogdoeloiltoncajuhy.com.br\/site\/wp-content\/uploads\/2026\/01\/Nota-Carlos-Brasileiro.jpg?w=614&amp;ssl=1 614w, https:\/\/i0.wp.com\/blogdoeloiltoncajuhy.com.br\/site\/wp-content\/uploads\/2026\/01\/Nota-Carlos-Brasileiro.jpg?resize=240%2C300&amp;ssl=1 240w\" sizes=\"(max-width: 614px) 100vw, 614px\" \/><\/a><\/figure>\n\n\n\n<p>Com grande tristeza, Senhor do Bonfim se despede de uma de suas figuras p\u00fablicas mais conhecidas e respeitadas. O falecimento do ex-vereador Idelson Benedito comove a comunidade e marca a despedida de algu\u00e9m que dedicou parte de sua vida \u00e0 constru\u00e7\u00e3o de uma cidade melhor, por meio do servi\u00e7o p\u00fablico e da aten\u00e7\u00e3o \u00e0s necessidades da popula\u00e7\u00e3o. Diante dessa perda irrepar\u00e1vel, o ex-prefeito Carlos Brasileiro e F\u00e1tima Brasileiro manifestam sua solidariedade e compartilham a seguinte <strong><mark style=\"background-color:rgba(0, 0, 0, 0)\" class=\"has-inline-color has-black-color\">nota de pesar:<\/mark><\/strong><\/p>\n\n\n\n<p><em>&#8220;Com profundo pesar, lamentamos o falecimento do ex-vereador de Senhor do Bonfim, Idelson Benedito. Sua trajet\u00f3ria de dedica\u00e7\u00e3o \u00e0 vida p\u00fablica e ao bem-estar da comunidade deixa um legado de servi\u00e7o e compromisso. Manifestamos nossas sinceras condol\u00eancias aos familiares, amigos e a todos que compartilham desta perda, desejando for\u00e7a e conforto neste momento de dor&#8221;.<\/em><\/p>\n\n\n\n<p class=\"has-text-align-center\"><strong><em>Carlos Brasileiro e F\u00e1tima Brasileiro.<\/em><\/strong><\/p>\n","protected":false},"excerpt":{"rendered":"<p>Por Blog do Eloilton Cajuhy \u2013 BEC >> Siga o canal do BEC no WhatsApp Com grande tristeza, Senhor do Bonfim se despede de uma de suas figuras p\u00fablicas mais conhecidas e respeitadas. O falecimento do ex-vereador Idelson Benedito comove a comunidade e marca a despedida de algu\u00e9m que dedicou parte de sua vida \u00e0 [&hellip;]<\/p>\n","protected":false},"author":2,"featured_media":93188,"comment_status":"open","ping_status":"open","sticky":false,"template":"","format":"standard","meta":{"_acf_changed":false,"_monsterinsights_skip_tracking":false,"_monsterinsights_sitenote_active":false,"_monsterinsights_sitenote_note":"","_monsterinsights_sitenote_category":0,"_jetpack_memberships_contains_paid_content":false,"footnotes":"","jetpack_publicize_message":"","jetpack_publicize_feature_enabled":true,"jetpack_social_post_already_shared":true,"jetpack_social_options":{"image_generator_settings":{"template":"highway","default_image_id":0,"font":"","enabled":false},"version":2}},"categories":[4],"tags":[],"class_list":["post-93186","post","type-post","status-publish","format-standard","has-post-thumbnail","hentry","category-local"],"acf":[],"jetpack_publicize_connections":[],"jetpack_featured_media_url":"https:\/\/i0.wp.com\/blogdoeloiltoncajuhy.com.br\/site\/wp-content\/uploads\/2026\/01\/Idelson_439828_n.jpg?fit=640%2C536&ssl=1","jetpack_sharing_enabled":true,"publishpress_future_workflow_manual_trigger":{"enabledWorkflows":[]},"_links":{"self":[{"href":"https:\/\/blogdoeloiltoncajuhy.com.br\/site\/wp-json\/wp\/v2\/posts\/93186","targetHints":{"allow":["GET"]}}],"collection":[{"href":"https:\/\/blogdoeloiltoncajuhy.com.br\/site\/wp-json\/wp\/v2\/posts"}],"about":[{"href":"https:\/\/blogdoeloiltoncajuhy.com.br\/site\/wp-json\/wp\/v2\/types\/post"}],"author":[{"embeddable":true,"href":"https:\/\/blogdoeloiltoncajuhy.com.br\/site\/wp-json\/wp\/v2\/users\/2"}],"replies":[{"embeddable":true,"href":"https:\/\/blogdoeloiltoncajuhy.com.br\/site\/wp-json\/wp\/v2\/comments?post=93186"}],"version-history":[{"count":1,"href":"https:\/\/blogdoeloiltoncajuhy.com.br\/site\/wp-json\/wp\/v2\/posts\/93186\/revisions"}],"predecessor-version":[{"id":93189,"href":"https:\/\/blogdoeloiltoncajuhy.com.br\/site\/wp-json\/wp\/v2\/posts\/93186\/revisions\/93189"}],"wp:featuredmedia":[{"embeddable":true,"href":"https:\/\/blogdoeloiltoncajuhy.com.br\/site\/wp-json\/wp\/v2\/media\/93188"}],"wp:attachment":[{"href":"https:\/\/blogdoeloiltoncajuhy.com.br\/site\/wp-json\/wp\/v2\/media?parent=93186"}],"wp:term":[{"taxonomy":"category","embeddable":true,"href":"https:\/\/blogdoeloiltoncajuhy.com.br\/site\/wp-json\/wp\/v2\/categories?post=93186"},{"taxonomy":"post_tag","embeddable":true,"href":"https:\/\/blogdoeloiltoncajuhy.com.br\/site\/wp-json\/wp\/v2\/tags?post=93186"}],"curies":[{"name":"wp","href":"https:\/\/api.w.org\/{rel}","templated":true}]}}