{"id":93184,"date":"2026-01-24T22:16:49","date_gmt":"2026-01-25T01:16:49","guid":{"rendered":"https:\/\/blogdoeloiltoncajuhy.com.br\/site\/?p=93184"},"modified":"2026-01-24T22:16:50","modified_gmt":"2026-01-25T01:16:50","slug":"nota-de-pesar-do-partido-dos-trabalhadores-pt-de-senhor-do-bonfim-6","status":"publish","type":"post","link":"https:\/\/blogdoeloiltoncajuhy.com.br\/site\/nota-de-pesar-do-partido-dos-trabalhadores-pt-de-senhor-do-bonfim-6\/","title":{"rendered":"Nota de Pesar do Partido dos Trabalhadores (PT) de Senhor do Bonfim"},"content":{"rendered":"\n<p><strong><a href=\"https:\/\/whatsapp.com\/channel\/0029VaAT7tDLI8Yfj5y9Z50Z\" target=\"_blank\" rel=\"noreferrer noopener\"><mark style=\"background-color:rgba(0, 0, 0, 0)\" class=\"has-inline-color has-luminous-vivid-orange-color\">>> Siga o canal do BEC no WhatsApp<\/mark><\/a><\/strong><\/p>\n\n\n\n<figure class=\"wp-block-image aligncenter size-full is-resized\"><a href=\"https:\/\/i0.wp.com\/blogdoeloiltoncajuhy.com.br\/site\/wp-content\/uploads\/2024\/02\/PT-44-anos-Foto_Diego-Padgurschi.png\"><img data-recalc-dims=\"1\" fetchpriority=\"high\" decoding=\"async\" width=\"781\" height=\"516\" src=\"https:\/\/i0.wp.com\/blogdoeloiltoncajuhy.com.br\/site\/wp-content\/uploads\/2024\/02\/PT-44-anos-Foto_Diego-Padgurschi.png?resize=781%2C516\" alt=\"\" class=\"wp-image-79206\" style=\"width:660px;height:auto\" srcset=\"https:\/\/i0.wp.com\/blogdoeloiltoncajuhy.com.br\/site\/wp-content\/uploads\/2024\/02\/PT-44-anos-Foto_Diego-Padgurschi.png?w=781&amp;ssl=1 781w, https:\/\/i0.wp.com\/blogdoeloiltoncajuhy.com.br\/site\/wp-content\/uploads\/2024\/02\/PT-44-anos-Foto_Diego-Padgurschi.png?resize=300%2C198&amp;ssl=1 300w, https:\/\/i0.wp.com\/blogdoeloiltoncajuhy.com.br\/site\/wp-content\/uploads\/2024\/02\/PT-44-anos-Foto_Diego-Padgurschi.png?resize=768%2C507&amp;ssl=1 768w\" sizes=\"(max-width: 781px) 100vw, 781px\" \/><\/a><figcaption class=\"wp-element-caption\"><sub>Foto: Diego Padgurschi<\/sub><\/figcaption><\/figure>\n\n\n\n<p>O <strong><mark style=\"background-color:rgba(0, 0, 0, 0)\" class=\"has-inline-color has-black-color\">Diret\u00f3rio Municipal do Partido dos Trabalhadores de Senhor do Bonfim<\/mark><\/strong> manifesta seu mais profundo pesar pelo falecimento do companheiro <strong><mark style=\"background-color:rgba(0, 0, 0, 0)\" class=\"has-inline-color has-black-color\">Idelson Benedito de Souza<\/mark><\/strong>, membro deste diret\u00f3rio e ex-vereador constituinte do nosso munic\u00edpio.<\/p>\n\n\n\n<p>Idelson foi um militante hist\u00f3rico, que sempre esteve presente nas principais lutas da classe trabalhadora. Companheiro de linha de frente, jamais se furtou \u00e0s batalhas em defesa do povo bonfinense.<\/p>\n\n\n\n<p>Com ele, estivemos juntos nas ruas, enfrentando e resistindo \u00e0s reformas trabalhista e previdenci\u00e1ria, construindo mobiliza\u00e7\u00f5es, fazendo hist\u00f3ria e reafirmando nosso compromisso com a justi\u00e7a social.<\/p>\n\n\n\n<p>Esteve conosco \u00e0 frente do movimento Lula Livre, sendo voz firme, altiva e coerente nas caminhadas, reuni\u00f5es e manifesta\u00e7\u00f5es populares. Sua presen\u00e7a marcava os espa\u00e7os de luta e fortalecia a esperan\u00e7a coletiva.<\/p>\n\n\n\n<p>Idelson era, na pr\u00e1tica, aquilo que defendia na teoria: um servidor p\u00fablico exemplar, de postura \u00e9tica, respons\u00e1vel e comprometida com o interesse p\u00fablico. Sua atua\u00e7\u00e3o contribuiu de forma significativa para o desenvolvimento de Senhor do Bonfim e para o fortalecimento da democracia em nosso munic\u00edpio.<\/p>\n\n\n\n<p>O Diret\u00f3rio Municipal do Partido dos Trabalhadores de Senhor do Bonfim lamenta profundamente a partida do querido companheiro Idelson Benedito de Souza, cuja trajet\u00f3ria seguir\u00e1 como refer\u00eancia de compromisso, coer\u00eancia e dedica\u00e7\u00e3o \u00e0 causa do povo.<\/p>\n\n\n\n<p>Manifestamos nossa solidariedade e desejamos aos familiares, amigos e companheiros de milit\u00e2ncia o conforto necess\u00e1rio para atravessar este momento de dor.<\/p>\n\n\n\n<p class=\"has-black-color has-text-color has-link-color wp-elements-8f0ec99839bc3568456158a1b7ce21c6\"><strong>Idelson, presente! Hoje e sempre.<\/strong><\/p>\n\n\n\n<p class=\"has-text-align-center\"><strong><em>Diret\u00f3rio Municipal do Partido dos Trabalhadores<br>Senhor do Bonfim \u2013 BA<\/em><\/strong><\/p>\n","protected":false},"excerpt":{"rendered":"<p>>> Siga o canal do BEC no WhatsApp O Diret\u00f3rio Municipal do Partido dos Trabalhadores de Senhor do Bonfim manifesta seu mais profundo pesar pelo falecimento do companheiro Idelson Benedito de Souza, membro deste diret\u00f3rio e ex-vereador constituinte do nosso munic\u00edpio. Idelson foi um militante hist\u00f3rico, que sempre esteve presente nas principais lutas da classe [&hellip;]<\/p>\n","protected":false},"author":2,"featured_media":36216,"comment_status":"open","ping_status":"open","sticky":false,"template":"","format":"standard","meta":{"_acf_changed":false,"_monsterinsights_skip_tracking":false,"_monsterinsights_sitenote_active":false,"_monsterinsights_sitenote_note":"","_monsterinsights_sitenote_category":0,"_jetpack_memberships_contains_paid_content":false,"footnotes":"","jetpack_publicize_message":"","jetpack_publicize_feature_enabled":true,"jetpack_social_post_already_shared":true,"jetpack_social_options":{"image_generator_settings":{"template":"highway","default_image_id":0,"font":"","enabled":false},"version":2}},"categories":[4],"tags":[],"class_list":["post-93184","post","type-post","status-publish","format-standard","has-post-thumbnail","hentry","category-local"],"acf":[],"jetpack_publicize_connections":[],"jetpack_featured_media_url":"https:\/\/i0.wp.com\/blogdoeloiltoncajuhy.com.br\/site\/wp-content\/uploads\/2019\/08\/PT_Notas.jpg?fit=780%2C440&ssl=1","jetpack_sharing_enabled":true,"publishpress_future_workflow_manual_trigger":{"enabledWorkflows":[]},"_links":{"self":[{"href":"https:\/\/blogdoeloiltoncajuhy.com.br\/site\/wp-json\/wp\/v2\/posts\/93184","targetHints":{"allow":["GET"]}}],"collection":[{"href":"https:\/\/blogdoeloiltoncajuhy.com.br\/site\/wp-json\/wp\/v2\/posts"}],"about":[{"href":"https:\/\/blogdoeloiltoncajuhy.com.br\/site\/wp-json\/wp\/v2\/types\/post"}],"author":[{"embeddable":true,"href":"https:\/\/blogdoeloiltoncajuhy.com.br\/site\/wp-json\/wp\/v2\/users\/2"}],"replies":[{"embeddable":true,"href":"https:\/\/blogdoeloiltoncajuhy.com.br\/site\/wp-json\/wp\/v2\/comments?post=93184"}],"version-history":[{"count":1,"href":"https:\/\/blogdoeloiltoncajuhy.com.br\/site\/wp-json\/wp\/v2\/posts\/93184\/revisions"}],"predecessor-version":[{"id":93185,"href":"https:\/\/blogdoeloiltoncajuhy.com.br\/site\/wp-json\/wp\/v2\/posts\/93184\/revisions\/93185"}],"wp:featuredmedia":[{"embeddable":true,"href":"https:\/\/blogdoeloiltoncajuhy.com.br\/site\/wp-json\/wp\/v2\/media\/36216"}],"wp:attachment":[{"href":"https:\/\/blogdoeloiltoncajuhy.com.br\/site\/wp-json\/wp\/v2\/media?parent=93184"}],"wp:term":[{"taxonomy":"category","embeddable":true,"href":"https:\/\/blogdoeloiltoncajuhy.com.br\/site\/wp-json\/wp\/v2\/categories?post=93184"},{"taxonomy":"post_tag","embeddable":true,"href":"https:\/\/blogdoeloiltoncajuhy.com.br\/site\/wp-json\/wp\/v2\/tags?post=93184"}],"curies":[{"name":"wp","href":"https:\/\/api.w.org\/{rel}","templated":true}]}}