{"id":93169,"date":"2026-01-25T00:10:00","date_gmt":"2026-01-25T03:10:00","guid":{"rendered":"https:\/\/blogdoeloiltoncajuhy.com.br\/site\/?p=93169"},"modified":"2026-01-24T17:04:22","modified_gmt":"2026-01-24T20:04:22","slug":"hemoba-lanca-campanha-de-verao-com-marcio-victor-para-incentivar-a-doacao-de-sangue","status":"publish","type":"post","link":"https:\/\/blogdoeloiltoncajuhy.com.br\/site\/hemoba-lanca-campanha-de-verao-com-marcio-victor-para-incentivar-a-doacao-de-sangue\/","title":{"rendered":"Hemoba lan\u00e7a campanha de ver\u00e3o com M\u00e1rcio Victor para incentivar a doa\u00e7\u00e3o de sangue"},"content":{"rendered":"\n<p><strong>Blog do Eloilton Cajuhy \u2013 BEC<\/strong><\/p>\n\n\n\n<p><strong><a href=\"https:\/\/whatsapp.com\/channel\/0029VaAT7tDLI8Yfj5y9Z50Z\" target=\"_blank\" rel=\"noreferrer noopener\"><mark style=\"background-color:rgba(0, 0, 0, 0)\" class=\"has-inline-color has-luminous-vivid-orange-color\">>> Siga o canal do BEC no WhatsApp<\/mark><\/a><\/strong><\/p>\n\n\n\n<figure class=\"wp-block-image aligncenter size-full\"><a href=\"https:\/\/i0.wp.com\/blogdoeloiltoncajuhy.com.br\/site\/wp-content\/uploads\/2026\/01\/Campanha-de-verao-marcio-victor-Divulgacao.png?ssl=1\"><img data-recalc-dims=\"1\" fetchpriority=\"high\" decoding=\"async\" width=\"535\" height=\"640\" src=\"https:\/\/i0.wp.com\/blogdoeloiltoncajuhy.com.br\/site\/wp-content\/uploads\/2026\/01\/Campanha-de-verao-marcio-victor-Divulgacao.png?resize=535%2C640&#038;ssl=1\" alt=\"\" class=\"wp-image-93170\" srcset=\"https:\/\/i0.wp.com\/blogdoeloiltoncajuhy.com.br\/site\/wp-content\/uploads\/2026\/01\/Campanha-de-verao-marcio-victor-Divulgacao.png?w=535&amp;ssl=1 535w, https:\/\/i0.wp.com\/blogdoeloiltoncajuhy.com.br\/site\/wp-content\/uploads\/2026\/01\/Campanha-de-verao-marcio-victor-Divulgacao.png?resize=251%2C300&amp;ssl=1 251w\" sizes=\"(max-width: 535px) 100vw, 535px\" \/><\/a><figcaption class=\"wp-element-caption\"><sub>Divulga\u00e7\u00e3o<\/sub><\/figcaption><\/figure>\n\n\n\n<p>Com o tema <strong>\u201cSeu sangue \u00e9 do tipo que salva vidas\u201d<\/strong>, a Funda\u00e7\u00e3o Hemoba lan\u00e7a a campanha de ver\u00e3o para mobilizar doadores e refor\u00e7ar os estoques em um dos per\u00edodos mais cr\u00edticos do ano para a doa\u00e7\u00e3o de sangue. A a\u00e7\u00e3o conta com a participa\u00e7\u00e3o do cantor <strong>M\u00e1rcio Victor, vocalista da banda Psirico<\/strong>, refer\u00eancia de carisma e engajamento social.<\/p>\n\n\n\n<p>Durante o ver\u00e3o, o n\u00famero de doa\u00e7\u00f5es tende a diminuir em fun\u00e7\u00e3o das f\u00e9rias, viagens e festas t\u00edpicas da esta\u00e7\u00e3o. Ao mesmo tempo, cresce a demanda por hemocomponentes nas unidades hospitalares, principalmente em raz\u00e3o do aumento do fluxo de turistas e do tr\u00e1fego nas estradas, fatores que elevam o risco de acidentes de tr\u00e2nsito.<\/p>\n\n\n\n<p>A campanha refor\u00e7a que doar sangue \u00e9 um gesto simples, r\u00e1pido e seguro, capaz de salvar vidas, e convida os baianos a participarem dessa mobiliza\u00e7\u00e3o solid\u00e1ria. A iniciativa ser\u00e1 veiculada nas redes sociais e em pe\u00e7as publicit\u00e1rias, estimulando tanto doadores regulares quanto novos volunt\u00e1rios a procurarem as unidades da Hemoba em todo o estado.<\/p>\n\n\n\n<p class=\"has-black-color has-text-color has-link-color wp-elements-69a264ceb3e15b581aa44b3a6d041843\"><strong>\u201cPrecisamos do apoio da popula\u00e7\u00e3o para atravessar o ver\u00e3o com estoques seguros. Doar sangue \u00e9 um ato de cidadania e solidariedade. Convidamos todos a procurarem uma unidade da Hemoba e fazerem parte dessa corrente que salva vidas. Cada doa\u00e7\u00e3o representa esperan\u00e7a para muitas pessoas que dependem desse gesto solid\u00e1rio\u201d, destaca Riv\u00e2nia Andrade, diretora de Hemoterapia da Hemoba.<\/strong><\/p>\n\n\n\n<figure class=\"wp-block-image aligncenter size-full\"><a href=\"https:\/\/i0.wp.com\/blogdoeloiltoncajuhy.com.br\/site\/wp-content\/uploads\/2026\/01\/Hemoba_campanha-de-verao-marcio-victor.png\"><img data-recalc-dims=\"1\" decoding=\"async\" width=\"512\" height=\"640\" src=\"https:\/\/i0.wp.com\/blogdoeloiltoncajuhy.com.br\/site\/wp-content\/uploads\/2026\/01\/Hemoba_campanha-de-verao-marcio-victor.png?resize=512%2C640\" alt=\"\" class=\"wp-image-93171\" srcset=\"https:\/\/i0.wp.com\/blogdoeloiltoncajuhy.com.br\/site\/wp-content\/uploads\/2026\/01\/Hemoba_campanha-de-verao-marcio-victor.png?w=512&amp;ssl=1 512w, https:\/\/i0.wp.com\/blogdoeloiltoncajuhy.com.br\/site\/wp-content\/uploads\/2026\/01\/Hemoba_campanha-de-verao-marcio-victor.png?resize=240%2C300&amp;ssl=1 240w\" sizes=\"(max-width: 512px) 100vw, 512px\" \/><\/a><\/figure>\n\n\n\n<p><strong><mark style=\"background-color:rgba(0, 0, 0, 0)\" class=\"has-inline-color has-black-color\">Onde doar<\/mark><\/strong> \u2013 Em Salvador, a unidade m\u00f3vel de coleta estar\u00e1 no Salvador Shopping at\u00e9 o dia 31 de janeiro, exceto aos domingos e em 28\/01, quando o atendimento ocorrer\u00e1 no Est\u00e1dio de Pitua\u00e7u, e nos dias 29 e 30\/01, na Vila da Pol\u00edcia Militar (CAB). Em todos esses locais, o funcionamento ser\u00e1 das 8h \u00e0s 17h, com intervalo para o almo\u00e7o. O posto tempor\u00e1rio no Shopping Bela Vista funciona durante todo o m\u00eas de janeiro, de segunda a s\u00e1bado, das 9h \u00e0s 18h.<\/p>\n\n\n\n<p>J\u00e1 as unidades fixas atendem com o seguinte hor\u00e1rio: o Hemocentro Coordenador (sede da Hemoba), de segunda a sexta-feira, das 7h30 \u00e0s 18h30, e aos s\u00e1bados, das 7h30 \u00e0s 16h30; o Hospital do Sub\u00farbio, de segunda a sexta-feira, das 7h30 \u00e0s 16h30; o Hospital Ana Nery, de ter\u00e7a a sexta-feira, das 7h30 \u00e0s 12h30; o Hospital Roberto Santos, de segunda a sexta-feira, das 8h \u00e0s 12h e das 13h \u00e0s 17h; e o Hospital Santo Ant\u00f4nio (OSID), de segunda a sexta-feira, das 7h10 \u00e0s 11h30 e das 13h \u00e0s 16h.<\/p>\n\n\n\n<p>Para informa\u00e7\u00f5es sobre os hor\u00e1rios de atendimento das 20 unidades de coleta no interior do estado, acesse: <a href=\"https:\/\/www.ba.gov.br\/hemoba\/onde-doar\"><strong><mark style=\"background-color:rgba(0, 0, 0, 0)\" class=\"has-inline-color has-vivid-cyan-blue-color\">https:\/\/www.ba.gov.br\/hemoba\/onde-doar<\/mark><\/strong><\/a>.<\/p>\n\n\n\n<p class=\"has-black-color has-text-color has-link-color wp-elements-35669d65655c2b36264914af0af5c1b0\"><strong>Confira o endere\u00e7o da Hemoba em Senhor do Bonfim:<\/strong><\/p>\n\n\n\n<ul class=\"wp-block-list\">\n<li><strong><mark style=\"background-color:rgba(0, 0, 0, 0)\" class=\"has-inline-color has-black-color\">Local:<\/mark><\/strong>\u00a0Pra\u00e7a Duque de Caxias, ao lado do HDAM<\/li>\n\n\n\n<li><strong><mark style=\"background-color:rgba(0, 0, 0, 0)\" class=\"has-inline-color has-black-color\">Atendimento:<\/mark><\/strong>\u00a0segunda a sexta-feira \u2013 7h30 \u00e0s 13h30<\/li>\n<\/ul>\n\n\n\n<p><\/p>\n\n\n\n<p><strong><mark style=\"background-color:rgba(0, 0, 0, 0)\" class=\"has-inline-color has-black-color\">Crit\u00e9rios para doa\u00e7\u00e3o<\/mark><\/strong> \u2013 Para doar sangue, \u00e9 necess\u00e1rio estar em boas condi\u00e7\u00f5es de sa\u00fade, pesar acima de 50 kg e ter idade entre 16 e 69 anos. Menores de 18 anos devem estar acompanhados dos pais ou respons\u00e1vel legal, e pessoas acima de 60 anos s\u00f3 podem doar se j\u00e1 tiverem doado anteriormente.<\/p>\n\n\n\n<p>No dia da doa\u00e7\u00e3o, o volunt\u00e1rio n\u00e3o deve estar em jejum, nem ter ingerido bebida alco\u00f3lica nas 12 horas anteriores, al\u00e9m de n\u00e3o fumar por pelo menos duas horas antes do procedimento.<\/p>\n\n\n\n<p>\u00c9 necess\u00e1rio ter dormido, no m\u00ednimo, seis horas na noite anterior e evitar alimentos gordurosos nas quatro horas que antecedem a doa\u00e7\u00e3o. Tamb\u00e9m \u00e9 obrigat\u00f3ria a apresenta\u00e7\u00e3o de documento oficial com foto, v\u00e1lido em todo o territ\u00f3rio nacional.<\/p>\n","protected":false},"excerpt":{"rendered":"<p>Blog do Eloilton Cajuhy \u2013 BEC >> Siga o canal do BEC no WhatsApp Com o tema \u201cSeu sangue \u00e9 do tipo que salva vidas\u201d, a Funda\u00e7\u00e3o Hemoba lan\u00e7a a campanha de ver\u00e3o para mobilizar doadores e refor\u00e7ar os estoques em um dos per\u00edodos mais cr\u00edticos do ano para a doa\u00e7\u00e3o de sangue. A a\u00e7\u00e3o [&hellip;]<\/p>\n","protected":false},"author":2,"featured_media":93171,"comment_status":"open","ping_status":"open","sticky":false,"template":"","format":"standard","meta":{"_acf_changed":false,"_monsterinsights_skip_tracking":false,"_monsterinsights_sitenote_active":false,"_monsterinsights_sitenote_note":"","_monsterinsights_sitenote_category":0,"_jetpack_memberships_contains_paid_content":false,"footnotes":"","jetpack_publicize_message":"","jetpack_publicize_feature_enabled":true,"jetpack_social_post_already_shared":true,"jetpack_social_options":{"image_generator_settings":{"template":"highway","default_image_id":0,"font":"","enabled":false},"version":2}},"categories":[7],"tags":[],"class_list":["post-93169","post","type-post","status-publish","format-standard","has-post-thumbnail","hentry","category-saude"],"acf":[],"jetpack_publicize_connections":[],"jetpack_featured_media_url":"https:\/\/i0.wp.com\/blogdoeloiltoncajuhy.com.br\/site\/wp-content\/uploads\/2026\/01\/Hemoba_campanha-de-verao-marcio-victor.png?fit=512%2C640&ssl=1","jetpack_sharing_enabled":true,"publishpress_future_workflow_manual_trigger":{"enabledWorkflows":[]},"_links":{"self":[{"href":"https:\/\/blogdoeloiltoncajuhy.com.br\/site\/wp-json\/wp\/v2\/posts\/93169","targetHints":{"allow":["GET"]}}],"collection":[{"href":"https:\/\/blogdoeloiltoncajuhy.com.br\/site\/wp-json\/wp\/v2\/posts"}],"about":[{"href":"https:\/\/blogdoeloiltoncajuhy.com.br\/site\/wp-json\/wp\/v2\/types\/post"}],"author":[{"embeddable":true,"href":"https:\/\/blogdoeloiltoncajuhy.com.br\/site\/wp-json\/wp\/v2\/users\/2"}],"replies":[{"embeddable":true,"href":"https:\/\/blogdoeloiltoncajuhy.com.br\/site\/wp-json\/wp\/v2\/comments?post=93169"}],"version-history":[{"count":1,"href":"https:\/\/blogdoeloiltoncajuhy.com.br\/site\/wp-json\/wp\/v2\/posts\/93169\/revisions"}],"predecessor-version":[{"id":93172,"href":"https:\/\/blogdoeloiltoncajuhy.com.br\/site\/wp-json\/wp\/v2\/posts\/93169\/revisions\/93172"}],"wp:featuredmedia":[{"embeddable":true,"href":"https:\/\/blogdoeloiltoncajuhy.com.br\/site\/wp-json\/wp\/v2\/media\/93171"}],"wp:attachment":[{"href":"https:\/\/blogdoeloiltoncajuhy.com.br\/site\/wp-json\/wp\/v2\/media?parent=93169"}],"wp:term":[{"taxonomy":"category","embeddable":true,"href":"https:\/\/blogdoeloiltoncajuhy.com.br\/site\/wp-json\/wp\/v2\/categories?post=93169"},{"taxonomy":"post_tag","embeddable":true,"href":"https:\/\/blogdoeloiltoncajuhy.com.br\/site\/wp-json\/wp\/v2\/tags?post=93169"}],"curies":[{"name":"wp","href":"https:\/\/api.w.org\/{rel}","templated":true}]}}