{"id":93166,"date":"2026-01-25T00:10:00","date_gmt":"2026-01-25T03:10:00","guid":{"rendered":"https:\/\/blogdoeloiltoncajuhy.com.br\/site\/?p=93166"},"modified":"2026-01-24T16:47:31","modified_gmt":"2026-01-24T19:47:31","slug":"volta-as-aulas-acende-alerta-sobre-peso-das-mochilas-e-saude-da-coluna-infantil","status":"publish","type":"post","link":"https:\/\/blogdoeloiltoncajuhy.com.br\/site\/volta-as-aulas-acende-alerta-sobre-peso-das-mochilas-e-saude-da-coluna-infantil\/","title":{"rendered":"Volta \u00e0s aulas acende alerta sobre peso das mochilas e sa\u00fade da coluna infantil"},"content":{"rendered":"\n<p class=\"has-medium-font-size\"><strong>Especialista orienta pais e estudantes sobre limites seguros, escolha da mochila ideal e cuidados di\u00e1rios para evitar dores e problemas posturais.<\/strong><\/p>\n\n\n\n<p><strong>Blog do Eloilton Cajuhy \u2013 BEC<\/strong><\/p>\n\n\n\n<p><strong><a href=\"https:\/\/whatsapp.com\/channel\/0029VaAT7tDLI8Yfj5y9Z50Z\" target=\"_blank\" rel=\"noreferrer noopener\"><mark style=\"background-color:rgba(0, 0, 0, 0)\" class=\"has-inline-color has-luminous-vivid-orange-color\">>> Siga o canal do BEC no WhatsApp<\/mark><\/a><\/strong><\/p>\n\n\n\n<figure class=\"wp-block-image aligncenter size-full\"><a href=\"https:\/\/i0.wp.com\/blogdoeloiltoncajuhy.com.br\/site\/wp-content\/uploads\/2026\/01\/Volta-as-aulas.png?ssl=1\"><img data-recalc-dims=\"1\" fetchpriority=\"high\" decoding=\"async\" width=\"768\" height=\"434\" src=\"https:\/\/i0.wp.com\/blogdoeloiltoncajuhy.com.br\/site\/wp-content\/uploads\/2026\/01\/Volta-as-aulas.png?resize=768%2C434&#038;ssl=1\" alt=\"\" class=\"wp-image-93167\" srcset=\"https:\/\/i0.wp.com\/blogdoeloiltoncajuhy.com.br\/site\/wp-content\/uploads\/2026\/01\/Volta-as-aulas.png?w=768&amp;ssl=1 768w, https:\/\/i0.wp.com\/blogdoeloiltoncajuhy.com.br\/site\/wp-content\/uploads\/2026\/01\/Volta-as-aulas.png?resize=300%2C170&amp;ssl=1 300w\" sizes=\"(max-width: 768px) 100vw, 768px\" \/><\/a><\/figure>\n\n\n\n<p>Com o in\u00edcio do ano letivo, um item essencial da rotina escolar volta ao centro das aten\u00e7\u00f5es: a mochila. Embora indispens\u00e1vel, o uso inadequado \u2014 especialmente o excesso de peso \u2014 pode provocar dores, altera\u00e7\u00f5es posturais e impactos negativos na coluna de crian\u00e7as e adolescentes. O alerta \u00e9 refor\u00e7ado por especialistas em ortopedia, que chamam a aten\u00e7\u00e3o para cuidados simples, mas decisivos, na preven\u00e7\u00e3o de problemas musculoesquel\u00e9ticos.<\/p>\n\n\n\n<p>De acordo com o m\u00e9dico ortopedista Dr. \u00c1lynson Larocca, a mochila escolar n\u00e3o deve ultrapassar 10% do peso corporal da crian\u00e7a ou do adolescente. \u201cQuando esse limite \u00e9 excedido de forma cont\u00ednua, o corpo passa a compensar o desequil\u00edbrio, o que pode gerar dores nas costas, nos ombros e at\u00e9 altera\u00e7\u00f5es na postura ao longo do crescimento\u201d, explica.<\/p>\n\n\n\n<p>Al\u00e9m do peso, a escolha do modelo adequado faz toda a diferen\u00e7a. O especialista recomenda mochilas com duas al\u00e7as largas, acolchoadas e ajust\u00e1veis, que permitam a distribui\u00e7\u00e3o equilibrada da carga. \u201cModelos de uma al\u00e7a s\u00f3 ou carregados apenas em um ombro devem ser evitados. Eles for\u00e7am a coluna para um dos lados e aumentam o risco de desalinhamentos\u201d, destaca Larocca.<\/p>\n\n\n\n<p class=\"has-black-color has-text-color has-link-color has-medium-font-size wp-elements-d743a4487a7c58e1f31d434855c5de6f\"><strong>Como escolher e usar a mochila corretamente<\/strong><\/p>\n\n\n\n<p>Segundo o ortopedista, alguns cuidados pr\u00e1ticos ajudam a proteger a sa\u00fade da coluna desde a inf\u00e2ncia. \u201cA mochila ideal \u00e9 aquela que se ajusta bem ao corpo, ficando apoiada nas costas, sem ultrapassar a linha da cintura\u201d, orienta. O uso do fecho abdominal ou peitoral, quando dispon\u00edvel, tamb\u00e9m contribui para maior estabilidade e conforto.<\/p>\n\n\n\n<p>A organiza\u00e7\u00e3o interna \u00e9 outro ponto-chave. \u201cOs itens mais pesados devem ficar sempre pr\u00f3ximos \u00e0s costas, enquanto materiais mais leves podem ser acomodados nos compartimentos externos\u201d, explica o m\u00e9dico. Essa distribui\u00e7\u00e3o reduz a sobrecarga e facilita o equil\u00edbrio durante a caminhada.<\/p>\n\n\n\n<p class=\"has-black-color has-text-color has-link-color has-medium-font-size wp-elements-ebdc386796f19fb3b41e95eceafaeb6c\"><strong>Dicas para pais e estudantes<\/strong><\/p>\n\n\n\n<p>Para o dia a dia escolar, Dr. \u00c1lynson Larocca recomenda que pais acompanhem regularmente o conte\u00fado levado na mochila. \u201cMuitas vezes, a crian\u00e7a carrega livros e cadernos que n\u00e3o ser\u00e3o usados naquele dia. Uma revis\u00e3o di\u00e1ria evita peso desnecess\u00e1rio\u201d, afirma. Sempre que poss\u00edvel, o uso de arm\u00e1rios escolares ou materiais digitais tamb\u00e9m ajuda a reduzir a carga.<\/p>\n\n\n\n<p>Outro cuidado importante \u00e9 observar sinais de alerta. \u201cQueixas frequentes de dor nas costas, ombros marcados pelas al\u00e7as ou inclina\u00e7\u00e3o do corpo ao caminhar indicam que algo n\u00e3o est\u00e1 adequado\u201d, ressalta. Nesses casos, a orienta\u00e7\u00e3o \u00e9 procurar avalia\u00e7\u00e3o profissional.<\/p>\n\n\n\n<p>\u201cO in\u00edcio do ano letivo \u00e9 uma excelente oportunidade para criar h\u00e1bitos saud\u00e1veis que acompanhem o estudante ao longo de toda a vida escolar\u201d, conclui o ortopedista. \u201cCom ajustes simples, \u00e9 poss\u00edvel garantir mais conforto, seguran\u00e7a e qualidade de vida para crian\u00e7as e adolescentes\u201d.<\/p>\n","protected":false},"excerpt":{"rendered":"<p>Especialista orienta pais e estudantes sobre limites seguros, escolha da mochila ideal e cuidados di\u00e1rios para evitar dores e problemas posturais. Blog do Eloilton Cajuhy \u2013 BEC >> Siga o canal do BEC no WhatsApp Com o in\u00edcio do ano letivo, um item essencial da rotina escolar volta ao centro das aten\u00e7\u00f5es: a mochila. Embora [&hellip;]<\/p>\n","protected":false},"author":2,"featured_media":93167,"comment_status":"open","ping_status":"open","sticky":false,"template":"","format":"standard","meta":{"_acf_changed":false,"_monsterinsights_skip_tracking":false,"_monsterinsights_sitenote_active":false,"_monsterinsights_sitenote_note":"","_monsterinsights_sitenote_category":0,"_jetpack_memberships_contains_paid_content":false,"footnotes":"","jetpack_publicize_message":"","jetpack_publicize_feature_enabled":true,"jetpack_social_post_already_shared":true,"jetpack_social_options":{"image_generator_settings":{"template":"highway","default_image_id":0,"font":"","enabled":false},"version":2}},"categories":[14],"tags":[],"class_list":["post-93166","post","type-post","status-publish","format-standard","has-post-thumbnail","hentry","category-educacao"],"acf":[],"jetpack_publicize_connections":[],"jetpack_featured_media_url":"https:\/\/i0.wp.com\/blogdoeloiltoncajuhy.com.br\/site\/wp-content\/uploads\/2026\/01\/Volta-as-aulas.png?fit=768%2C434&ssl=1","jetpack_sharing_enabled":true,"publishpress_future_workflow_manual_trigger":{"enabledWorkflows":[]},"_links":{"self":[{"href":"https:\/\/blogdoeloiltoncajuhy.com.br\/site\/wp-json\/wp\/v2\/posts\/93166","targetHints":{"allow":["GET"]}}],"collection":[{"href":"https:\/\/blogdoeloiltoncajuhy.com.br\/site\/wp-json\/wp\/v2\/posts"}],"about":[{"href":"https:\/\/blogdoeloiltoncajuhy.com.br\/site\/wp-json\/wp\/v2\/types\/post"}],"author":[{"embeddable":true,"href":"https:\/\/blogdoeloiltoncajuhy.com.br\/site\/wp-json\/wp\/v2\/users\/2"}],"replies":[{"embeddable":true,"href":"https:\/\/blogdoeloiltoncajuhy.com.br\/site\/wp-json\/wp\/v2\/comments?post=93166"}],"version-history":[{"count":1,"href":"https:\/\/blogdoeloiltoncajuhy.com.br\/site\/wp-json\/wp\/v2\/posts\/93166\/revisions"}],"predecessor-version":[{"id":93168,"href":"https:\/\/blogdoeloiltoncajuhy.com.br\/site\/wp-json\/wp\/v2\/posts\/93166\/revisions\/93168"}],"wp:featuredmedia":[{"embeddable":true,"href":"https:\/\/blogdoeloiltoncajuhy.com.br\/site\/wp-json\/wp\/v2\/media\/93167"}],"wp:attachment":[{"href":"https:\/\/blogdoeloiltoncajuhy.com.br\/site\/wp-json\/wp\/v2\/media?parent=93166"}],"wp:term":[{"taxonomy":"category","embeddable":true,"href":"https:\/\/blogdoeloiltoncajuhy.com.br\/site\/wp-json\/wp\/v2\/categories?post=93166"},{"taxonomy":"post_tag","embeddable":true,"href":"https:\/\/blogdoeloiltoncajuhy.com.br\/site\/wp-json\/wp\/v2\/tags?post=93166"}],"curies":[{"name":"wp","href":"https:\/\/api.w.org\/{rel}","templated":true}]}}