{"id":93160,"date":"2026-01-24T12:50:58","date_gmt":"2026-01-24T15:50:58","guid":{"rendered":"https:\/\/blogdoeloiltoncajuhy.com.br\/site\/?p=93160"},"modified":"2026-01-24T13:23:21","modified_gmt":"2026-01-24T16:23:21","slug":"urgente-morre-o-ex-vereador-idelson-benedito","status":"publish","type":"post","link":"https:\/\/blogdoeloiltoncajuhy.com.br\/site\/urgente-morre-o-ex-vereador-idelson-benedito\/","title":{"rendered":"Morre o ex-vereador Idelson Benedito, aos 68 anos"},"content":{"rendered":"\n<p class=\"has-medium-font-size\"><strong>Ele estava internado no Hospital Regional de Juazeiro.<\/strong><\/p>\n\n\n\n<p><strong>Por Blog do Eloilton Cajuhy \u2013 BEC<\/strong><\/p>\n\n\n\n<p><strong><a href=\"https:\/\/whatsapp.com\/channel\/0029VaAT7tDLI8Yfj5y9Z50Z\" target=\"_blank\" rel=\"noreferrer noopener\"><mark style=\"background-color:rgba(0, 0, 0, 0)\" class=\"has-inline-color has-luminous-vivid-orange-color\">>> Siga o canal do BEC no WhatsApp<\/mark><\/a><\/strong><\/p>\n\n\n\n<figure class=\"wp-block-image aligncenter size-full\"><a href=\"https:\/\/i0.wp.com\/blogdoeloiltoncajuhy.com.br\/site\/wp-content\/uploads\/2026\/01\/Idelson.jpg?ssl=1\"><img data-recalc-dims=\"1\" fetchpriority=\"high\" decoding=\"async\" width=\"643\" height=\"643\" src=\"https:\/\/i0.wp.com\/blogdoeloiltoncajuhy.com.br\/site\/wp-content\/uploads\/2026\/01\/Idelson.jpg?resize=643%2C643&#038;ssl=1\" alt=\"\" class=\"wp-image-93161\" srcset=\"https:\/\/i0.wp.com\/blogdoeloiltoncajuhy.com.br\/site\/wp-content\/uploads\/2026\/01\/Idelson.jpg?w=643&amp;ssl=1 643w, https:\/\/i0.wp.com\/blogdoeloiltoncajuhy.com.br\/site\/wp-content\/uploads\/2026\/01\/Idelson.jpg?resize=300%2C300&amp;ssl=1 300w, https:\/\/i0.wp.com\/blogdoeloiltoncajuhy.com.br\/site\/wp-content\/uploads\/2026\/01\/Idelson.jpg?resize=150%2C150&amp;ssl=1 150w\" sizes=\"(max-width: 643px) 100vw, 643px\" \/><\/a><figcaption class=\"wp-element-caption\"><sub>Reprodu\u00e7\u00e3o \/ Facebook<\/sub><\/figcaption><\/figure>\n\n\n\n<p>Faleceu neste s\u00e1bado (24) no Hospital Regional de Juazeiro, o ex-vereador de Senhor do Bonfim <strong>Idelson Benedito de Souza<\/strong>, de 68 anos. Ele estava internado naquela casa de sa\u00fade, onde foi submetido a uma cirurgia na \u00faltima quinta-feira e estava na UTI.<\/p>\n\n\n\n<p>H\u00e1 seis meses Idelson foi diagnosticado com problemas no p\u00e2ncreas e desde ent\u00e3o vinha fazendo tratamento a base de rem\u00e9dios. H\u00e1 cerca de 15 dias atr\u00e1s, por recomenda\u00e7\u00e3o m\u00e9dica ele teve que ser submetido a uma cirurgia, que foi adiada por duas vezes, por conta de seus indicadores cl\u00ednicos que n\u00e3o eram favor\u00e1veis.<\/p>\n\n\n\n<p>Na \u00faltima quinta, ent\u00e3o, a cirurgia foi realizada e, como de praxe, ele ficou na UTI. Neste s\u00e1bado, por\u00e9m, ele n\u00e3o resistiu e acabou morrendo.<\/p>\n\n\n\n<p>Nas redes sociais, v\u00e1rias pessoas e personalidades do nosso munic\u00edpio se manifestaram diante do falecimento do ex-vereador:<\/p>\n\n\n\n<p><em>&#8220;Que Deus acolha Idelson Benedito em um lugar de paz e muita luz na vida eterna porque aqui na terra ele nos deixa uma linda hist\u00f3ria e um legado na constru\u00e7\u00e3o de uma sociedade mais equ\u00e2nime como vereador e como cidad\u00e3o \u00edntegro. Que ele descanse em paz ao lado do pai celestial. Nossos sentimentos \u00e0 fam\u00edlia!&#8221;<\/em> Dr. Aur\u00e9lio Soares.<\/p>\n\n\n\n<p><em>&#8220;Vamos prestar solidariedade \u00e0 fam\u00edlia e nos despedir deste grande cidad\u00e3o progressista&#8221;<\/em>. Carlos Brasileiro, ex-prefeito de Senhor do Bonfim.<\/p>\n\n\n\n<p><em>&#8220;Fiquei muito sentido agora. Por diversas vezes nos encontr\u00e1vamos para fazer relat\u00f3rios financeiros. Que Deus o coloque em um bom lugar&#8221;<\/em>. Evandro Guimar\u00e3es, agente da ADAB em Senhor do Bonfim.<\/p>\n\n\n\n<p><em>&#8220;Meu Deus, que triste. Idelson \u00e9 um cara muito bom, com grande contribui\u00e7\u00e3o para nossa cidade e um companheiro de primeira hora&#8221;<\/em>. Deus o acolha! Helder Amorim, diretor do NTE-25.<\/p>\n\n\n\n<p><em>&#8220;Perdemos um grande amigo, pessoal leal e companheiro de todas as horas. Que Deus o acolha na gl\u00f3ria eterna e conforte os familiares. Descanse em paz amigo&#8221;<\/em>. Z\u00e9 Antonio, ex-vereador e ex-vice prefeito de Senhor do Bonfim.<\/p>\n\n\n\n<p><em>&#8220;Que not\u00edcia triste. Nos despedimos de um camarada que contribuiu muito para nosso campo pol\u00edtico, na constru\u00e7\u00e3o das bases te\u00f3ricas e principalmente na luta ativa das ruas! Que Deus o acolha e conforte a todos da fam\u00edlia!&#8221;<\/em> Andreilto Almeida, ex-vereador de Senhor do Bonfim.<\/p>\n\n\n\n<p><em>&#8220;A vida\u2026 sua partida vai deixar um vazio que nada jamais ser\u00e1 capaz de preencher. V\u00e1 em paz, meu amigo! Vou sentir muito a sua falta!&#8221;<\/em> Herm\u00f3genes Almeida, ex-vereador de Senhor do Bonfim.<\/p>\n\n\n\n<p><em>&#8220;Um grande sujeito que tive a honra de conhec\u00ea-lo. Apesar da pouca conviv\u00eancia, passei a admir\u00e1-lo por sua seriedade e vis\u00e3o de homem p\u00fablico&#8221;<\/em>. Alex Barbosa, criador do projeto Minha Cidade e presidente da Associa\u00e7\u00e3o Cultural dos Espadeiros de Senhor do Bonfim.<\/p>\n\n\n\n<p>Idelson Benedito parte deixando um grande legado de contribui\u00e7\u00e3o \u00e0 administra\u00e7\u00e3o p\u00fablica de Senhor do Bonfim, uma vez que tamb\u00e9m trabalhou na \u00e1rea financeira da prefeitura em v\u00e1rias gest\u00f5es, como controlador interno.<\/p>\n\n\n\n<p>O vel\u00f3rio ser\u00e1 no Memorial Vila Nova, a partir das 16h.<\/p>\n","protected":false},"excerpt":{"rendered":"<p>Ele estava internado no Hospital Regional de Juazeiro. Por Blog do Eloilton Cajuhy \u2013 BEC >> Siga o canal do BEC no WhatsApp Faleceu neste s\u00e1bado (24) no Hospital Regional de Juazeiro, o ex-vereador de Senhor do Bonfim Idelson Benedito de Souza, de 68 anos. Ele estava internado naquela casa de sa\u00fade, onde foi submetido [&hellip;]<\/p>\n","protected":false},"author":2,"featured_media":93161,"comment_status":"open","ping_status":"open","sticky":false,"template":"","format":"standard","meta":{"_acf_changed":false,"_monsterinsights_skip_tracking":false,"_monsterinsights_sitenote_active":false,"_monsterinsights_sitenote_note":"","_monsterinsights_sitenote_category":0,"_jetpack_memberships_contains_paid_content":false,"footnotes":"","jetpack_publicize_message":"","jetpack_publicize_feature_enabled":true,"jetpack_social_post_already_shared":true,"jetpack_social_options":{"image_generator_settings":{"template":"highway","default_image_id":0,"font":"","enabled":false},"version":2}},"categories":[4],"tags":[],"class_list":["post-93160","post","type-post","status-publish","format-standard","has-post-thumbnail","hentry","category-local"],"acf":[],"jetpack_publicize_connections":[],"jetpack_featured_media_url":"https:\/\/i0.wp.com\/blogdoeloiltoncajuhy.com.br\/site\/wp-content\/uploads\/2026\/01\/Idelson.jpg?fit=643%2C643&ssl=1","jetpack_sharing_enabled":true,"publishpress_future_workflow_manual_trigger":{"enabledWorkflows":[]},"_links":{"self":[{"href":"https:\/\/blogdoeloiltoncajuhy.com.br\/site\/wp-json\/wp\/v2\/posts\/93160","targetHints":{"allow":["GET"]}}],"collection":[{"href":"https:\/\/blogdoeloiltoncajuhy.com.br\/site\/wp-json\/wp\/v2\/posts"}],"about":[{"href":"https:\/\/blogdoeloiltoncajuhy.com.br\/site\/wp-json\/wp\/v2\/types\/post"}],"author":[{"embeddable":true,"href":"https:\/\/blogdoeloiltoncajuhy.com.br\/site\/wp-json\/wp\/v2\/users\/2"}],"replies":[{"embeddable":true,"href":"https:\/\/blogdoeloiltoncajuhy.com.br\/site\/wp-json\/wp\/v2\/comments?post=93160"}],"version-history":[{"count":3,"href":"https:\/\/blogdoeloiltoncajuhy.com.br\/site\/wp-json\/wp\/v2\/posts\/93160\/revisions"}],"predecessor-version":[{"id":93165,"href":"https:\/\/blogdoeloiltoncajuhy.com.br\/site\/wp-json\/wp\/v2\/posts\/93160\/revisions\/93165"}],"wp:featuredmedia":[{"embeddable":true,"href":"https:\/\/blogdoeloiltoncajuhy.com.br\/site\/wp-json\/wp\/v2\/media\/93161"}],"wp:attachment":[{"href":"https:\/\/blogdoeloiltoncajuhy.com.br\/site\/wp-json\/wp\/v2\/media?parent=93160"}],"wp:term":[{"taxonomy":"category","embeddable":true,"href":"https:\/\/blogdoeloiltoncajuhy.com.br\/site\/wp-json\/wp\/v2\/categories?post=93160"},{"taxonomy":"post_tag","embeddable":true,"href":"https:\/\/blogdoeloiltoncajuhy.com.br\/site\/wp-json\/wp\/v2\/tags?post=93160"}],"curies":[{"name":"wp","href":"https:\/\/api.w.org\/{rel}","templated":true}]}}