{"id":93156,"date":"2026-01-24T12:24:29","date_gmt":"2026-01-24T15:24:29","guid":{"rendered":"https:\/\/blogdoeloiltoncajuhy.com.br\/site\/?p=93156"},"modified":"2026-01-24T12:24:29","modified_gmt":"2026-01-24T15:24:29","slug":"cantor-de-pagode-morre-apos-ser-baleado-durante-assalto-no-rj","status":"publish","type":"post","link":"https:\/\/blogdoeloiltoncajuhy.com.br\/site\/cantor-de-pagode-morre-apos-ser-baleado-durante-assalto-no-rj\/","title":{"rendered":"Cantor de pagode morre ap\u00f3s ser baleado durante assalto no RJ"},"content":{"rendered":"\n<p class=\"has-medium-font-size\"><strong>Segundo a Pol\u00edcia Militar, Leandro Pereira Afonso de Souza, conhecido como Leozinho, foi alvejado na noite desta sexta-feira (23). Ele chegou a ser socorrido, mas n\u00e3o resistiu aos ferimentos.<\/strong><\/p>\n\n\n\n<p><strong>Por Ester Lima, Edimilson \u00c1vila, Rafael Nascimento, g1 Rio e TV Globo<\/strong><\/p>\n\n\n\n<p><strong><a href=\"https:\/\/whatsapp.com\/channel\/0029VaAT7tDLI8Yfj5y9Z50Z\" target=\"_blank\" rel=\"noreferrer noopener\"><mark style=\"background-color:rgba(0, 0, 0, 0)\" class=\"has-inline-color has-luminous-vivid-orange-color\">>> Siga o canal do BEC no WhatsApp<\/mark><\/a><\/strong><\/p>\n\n\n\n<figure class=\"wp-block-image aligncenter size-full\"><a href=\"https:\/\/i0.wp.com\/blogdoeloiltoncajuhy.com.br\/site\/wp-content\/uploads\/2026\/01\/Leandro-Pereira-Afonso-de-Souza-%E2%80%94-Foto-Reproducao-TV-Globo.png?ssl=1\"><img data-recalc-dims=\"1\" fetchpriority=\"high\" decoding=\"async\" width=\"587\" height=\"700\" src=\"https:\/\/i0.wp.com\/blogdoeloiltoncajuhy.com.br\/site\/wp-content\/uploads\/2026\/01\/Leandro-Pereira-Afonso-de-Souza-%E2%80%94-Foto-Reproducao-TV-Globo.png?resize=587%2C700&#038;ssl=1\" alt=\"\" class=\"wp-image-93157\" srcset=\"https:\/\/i0.wp.com\/blogdoeloiltoncajuhy.com.br\/site\/wp-content\/uploads\/2026\/01\/Leandro-Pereira-Afonso-de-Souza-%E2%80%94-Foto-Reproducao-TV-Globo.png?w=587&amp;ssl=1 587w, https:\/\/i0.wp.com\/blogdoeloiltoncajuhy.com.br\/site\/wp-content\/uploads\/2026\/01\/Leandro-Pereira-Afonso-de-Souza-%E2%80%94-Foto-Reproducao-TV-Globo.png?resize=252%2C300&amp;ssl=1 252w\" sizes=\"(max-width: 587px) 100vw, 587px\" \/><\/a><figcaption class=\"wp-element-caption\"><sub>Leandro Pereira Afonso de Souza \u2014 Foto: Reprodu\u00e7\u00e3o\/TV Globo<\/sub><\/figcaption><\/figure>\n\n\n\n<p>Um cantor de pagode foi baleado e morto durante um assalto na noite de sexta-feira (23), no bairro do Cachambi, na Zona Norte do Rio de Janeiro. <strong><mark style=\"background-color:rgba(0, 0, 0, 0)\" class=\"has-inline-color has-black-color\">Leandro Pereira Afonso de Souza, conhecido como Leozinho<\/mark><\/strong>, chegou a ser socorrido. No entanto, n\u00e3o resistiu.<\/p>\n\n\n\n<p>De acordo com as primeiras informa\u00e7\u00f5es da Pol\u00edcia Civil, 2 criminosos roubaram uma moto e passaram a assaltar pedestres. J\u00e1 na Rua Bas\u00edlio de Brito, quando o m\u00fasico descia de um carro de aplicativo com uma mulher, ele tamb\u00e9m foi v\u00edtima dos assaltantes.<\/p>\n\n\n\n<p>Ainda segundo as testemunhas, Leozinho reagiu e foi baleado 3 vezes \u2014 dois tiros atingiram a perna e um na axila. Em seguida, os criminosos fugiram.<\/p>\n\n\n\n<p>Segundo a Pol\u00edcia Militar, agentes do 3\u00ba BPM (M\u00e9ier) foram acionados para atender a uma ocorr\u00eancia de roubo na Rua Bas\u00edlio de Brito. Quando os policiais chegaram ao local, Leozinho j\u00e1 havia sido socorrido por moradores e encaminhado ao Hospital Municipal Salgado Filho, no M\u00e9ier, ap\u00f3s ser atingido.<\/p>\n\n\n\n<p>Na unidade de sa\u00fade, ele chegou a passar por uma cirurgia. No entanto, de acordo com a Secretaria Municipal de Sa\u00fade (SMS), o pagodeiro n\u00e3o resistiu aos ferimentos.<\/p>\n\n\n\n<figure class=\"wp-block-image aligncenter size-full\"><a href=\"https:\/\/i0.wp.com\/blogdoeloiltoncajuhy.com.br\/site\/wp-content\/uploads\/2026\/01\/Cantor-era-conhecido-como-Leozinho-%E2%80%94-Foto-Reproducao.png?ssl=1\"><img data-recalc-dims=\"1\" decoding=\"async\" width=\"502\" height=\"700\" src=\"https:\/\/i0.wp.com\/blogdoeloiltoncajuhy.com.br\/site\/wp-content\/uploads\/2026\/01\/Cantor-era-conhecido-como-Leozinho-%E2%80%94-Foto-Reproducao.png?resize=502%2C700&#038;ssl=1\" alt=\"\" class=\"wp-image-93158\" srcset=\"https:\/\/i0.wp.com\/blogdoeloiltoncajuhy.com.br\/site\/wp-content\/uploads\/2026\/01\/Cantor-era-conhecido-como-Leozinho-%E2%80%94-Foto-Reproducao.png?w=502&amp;ssl=1 502w, https:\/\/i0.wp.com\/blogdoeloiltoncajuhy.com.br\/site\/wp-content\/uploads\/2026\/01\/Cantor-era-conhecido-como-Leozinho-%E2%80%94-Foto-Reproducao.png?resize=215%2C300&amp;ssl=1 215w\" sizes=\"(max-width: 502px) 100vw, 502px\" \/><\/a><figcaption class=\"wp-element-caption\"><sub>Cantor era conhecido como Leozinho \u2014 Foto: Reprodu\u00e7\u00e3o<\/sub><\/figcaption><\/figure>\n\n\n\n<p>Nas redes sociais e em grupos de amigos, a morte de Leozinho gerou enorme como\u00e7\u00e3o. Muitos descreveram o pagodeiro como algu\u00e9m querido, alegre e sempre presente.<\/p>\n\n\n\n<p>\u201cCara que nunca deixou ningu\u00e9m chorar e hoje fez a Zona Norte em peso chorar com sua partida\u201d.<\/p>\n\n\n\n<p>\u201cInacredit\u00e1vel, um homem cheio de vida, sempre alegre, sorrindo\u2026 vivendo! Que tenha uma boa passagem e que Deus conforte a fam\u00edlia e a filhinha dele\u201d.<\/p>\n\n\n\n<p>Leozinho era conhecido na cena do pagode e costumava se apresentar em bares e eventos da regi\u00e3o. Segundo amigos, neste s\u00e1bado (24) ele teria um show marcado.<\/p>\n\n\n\n<p>Segundo a Pol\u00edcia Civil, a ocorr\u00eancia foi registrada na 23\u00aa DP (M\u00e9ier) e encaminhada para a Delegacia de Homic\u00eddios da Capital (DHC) que dar\u00e1 continuidade as investiga\u00e7\u00f5es.<\/p>\n","protected":false},"excerpt":{"rendered":"<p>Segundo a Pol\u00edcia Militar, Leandro Pereira Afonso de Souza, conhecido como Leozinho, foi alvejado na noite desta sexta-feira (23). Ele chegou a ser socorrido, mas n\u00e3o resistiu aos ferimentos. Por Ester Lima, Edimilson \u00c1vila, Rafael Nascimento, g1 Rio e TV Globo >> Siga o canal do BEC no WhatsApp Um cantor de pagode foi baleado [&hellip;]<\/p>\n","protected":false},"author":2,"featured_media":93157,"comment_status":"open","ping_status":"open","sticky":false,"template":"","format":"standard","meta":{"_acf_changed":false,"_monsterinsights_skip_tracking":false,"_monsterinsights_sitenote_active":false,"_monsterinsights_sitenote_note":"","_monsterinsights_sitenote_category":0,"_jetpack_memberships_contains_paid_content":false,"footnotes":"","jetpack_publicize_message":"","jetpack_publicize_feature_enabled":true,"jetpack_social_post_already_shared":true,"jetpack_social_options":{"image_generator_settings":{"template":"highway","default_image_id":0,"font":"","enabled":false},"version":2}},"categories":[15],"tags":[],"class_list":["post-93156","post","type-post","status-publish","format-standard","has-post-thumbnail","hentry","category-policia"],"acf":[],"jetpack_publicize_connections":[],"jetpack_featured_media_url":"https:\/\/i0.wp.com\/blogdoeloiltoncajuhy.com.br\/site\/wp-content\/uploads\/2026\/01\/Leandro-Pereira-Afonso-de-Souza-%E2%80%94-Foto-Reproducao-TV-Globo.png?fit=587%2C700&ssl=1","jetpack_sharing_enabled":true,"publishpress_future_workflow_manual_trigger":{"enabledWorkflows":[]},"_links":{"self":[{"href":"https:\/\/blogdoeloiltoncajuhy.com.br\/site\/wp-json\/wp\/v2\/posts\/93156","targetHints":{"allow":["GET"]}}],"collection":[{"href":"https:\/\/blogdoeloiltoncajuhy.com.br\/site\/wp-json\/wp\/v2\/posts"}],"about":[{"href":"https:\/\/blogdoeloiltoncajuhy.com.br\/site\/wp-json\/wp\/v2\/types\/post"}],"author":[{"embeddable":true,"href":"https:\/\/blogdoeloiltoncajuhy.com.br\/site\/wp-json\/wp\/v2\/users\/2"}],"replies":[{"embeddable":true,"href":"https:\/\/blogdoeloiltoncajuhy.com.br\/site\/wp-json\/wp\/v2\/comments?post=93156"}],"version-history":[{"count":1,"href":"https:\/\/blogdoeloiltoncajuhy.com.br\/site\/wp-json\/wp\/v2\/posts\/93156\/revisions"}],"predecessor-version":[{"id":93159,"href":"https:\/\/blogdoeloiltoncajuhy.com.br\/site\/wp-json\/wp\/v2\/posts\/93156\/revisions\/93159"}],"wp:featuredmedia":[{"embeddable":true,"href":"https:\/\/blogdoeloiltoncajuhy.com.br\/site\/wp-json\/wp\/v2\/media\/93157"}],"wp:attachment":[{"href":"https:\/\/blogdoeloiltoncajuhy.com.br\/site\/wp-json\/wp\/v2\/media?parent=93156"}],"wp:term":[{"taxonomy":"category","embeddable":true,"href":"https:\/\/blogdoeloiltoncajuhy.com.br\/site\/wp-json\/wp\/v2\/categories?post=93156"},{"taxonomy":"post_tag","embeddable":true,"href":"https:\/\/blogdoeloiltoncajuhy.com.br\/site\/wp-json\/wp\/v2\/tags?post=93156"}],"curies":[{"name":"wp","href":"https:\/\/api.w.org\/{rel}","templated":true}]}}