{"id":93152,"date":"2026-01-24T12:00:47","date_gmt":"2026-01-24T15:00:47","guid":{"rendered":"https:\/\/blogdoeloiltoncajuhy.com.br\/site\/?p=93152"},"modified":"2026-01-24T12:00:48","modified_gmt":"2026-01-24T15:00:48","slug":"mulher-que-acompanhava-mae-para-hemodialise-morre-em-acidente-tres-pessoas-ficam-feridas","status":"publish","type":"post","link":"https:\/\/blogdoeloiltoncajuhy.com.br\/site\/mulher-que-acompanhava-mae-para-hemodialise-morre-em-acidente-tres-pessoas-ficam-feridas\/","title":{"rendered":"Mulher que acompanhava m\u00e3e para hemodi\u00e1lise morre em acidente; tr\u00eas pessoas ficam feridas"},"content":{"rendered":"\n<p class=\"has-medium-font-size\"><strong>Entre as v\u00edtimas, duas mulheres eram pacientes e outras duas acompanhantes. O motorista do ve\u00edculo n\u00e3o ficou ferido.<\/strong><\/p>\n\n\n\n<p><strong>Por g1 BA<\/strong><\/p>\n\n\n\n<p><strong><a href=\"https:\/\/whatsapp.com\/channel\/0029VaAT7tDLI8Yfj5y9Z50Z\" target=\"_blank\" rel=\"noreferrer noopener\"><mark style=\"background-color:rgba(0, 0, 0, 0)\" class=\"has-inline-color has-luminous-vivid-orange-color\">>> Siga o canal do BEC no WhatsApp<\/mark><\/a><\/strong><\/p>\n\n\n\n<figure class=\"wp-block-image aligncenter size-full\"><a href=\"https:\/\/i0.wp.com\/blogdoeloiltoncajuhy.com.br\/site\/wp-content\/uploads\/2026\/01\/Acidente-aconteceu-na-BR-324.-%E2%80%94-Foto-TV-Bahia.jpg?ssl=1\"><img data-recalc-dims=\"1\" fetchpriority=\"high\" decoding=\"async\" width=\"800\" height=\"480\" src=\"https:\/\/i0.wp.com\/blogdoeloiltoncajuhy.com.br\/site\/wp-content\/uploads\/2026\/01\/Acidente-aconteceu-na-BR-324.-%E2%80%94-Foto-TV-Bahia.jpg?resize=800%2C480&#038;ssl=1\" alt=\"\" class=\"wp-image-93153\" srcset=\"https:\/\/i0.wp.com\/blogdoeloiltoncajuhy.com.br\/site\/wp-content\/uploads\/2026\/01\/Acidente-aconteceu-na-BR-324.-%E2%80%94-Foto-TV-Bahia.jpg?w=984&amp;ssl=1 984w, https:\/\/i0.wp.com\/blogdoeloiltoncajuhy.com.br\/site\/wp-content\/uploads\/2026\/01\/Acidente-aconteceu-na-BR-324.-%E2%80%94-Foto-TV-Bahia.jpg?resize=300%2C180&amp;ssl=1 300w, https:\/\/i0.wp.com\/blogdoeloiltoncajuhy.com.br\/site\/wp-content\/uploads\/2026\/01\/Acidente-aconteceu-na-BR-324.-%E2%80%94-Foto-TV-Bahia.jpg?resize=768%2C460&amp;ssl=1 768w\" sizes=\"(max-width: 800px) 100vw, 800px\" \/><\/a><figcaption class=\"wp-element-caption\"><sub>Acidente aconteceu na BR-324 \u2014 Foto: TV Bahia<\/sub><\/figcaption><\/figure>\n\n\n\n<p>Uma t\u00e9cnica de enfermagem, de 37 anos, que acompanhava a m\u00e3e para um tratamento de sa\u00fade morreu e tr\u00eas pessoas ficaram gravemente feridas em um acidente que aconteceu na BR-324, na altura da cidade de Sim\u00f5es Filho, na Regi\u00e3o Metropolitana de Salvador, na manh\u00e3 deste s\u00e1bado (24).<\/p>\n\n\n\n<p>Conforme apura\u00e7\u00e3o da equipe de reportagem da <strong>TV Bahia<\/strong> no local, o acidente aconteceu por volta das 5h30, envolvendo um caminh\u00e3o e um ve\u00edculo da prefeitura de Itabela, no interior do estado, que transportava pacientes de Tratamento Fora do Domic\u00edlio (TFD) para unidades de sa\u00fade de Salvador.<\/p>\n\n\n\n<p>Entre as v\u00edtimas, duas mulheres eram pacientes e outras duas acompanhantes. O motorista do ve\u00edculo n\u00e3o ficou ferido.<\/p>\n\n\n\n<p>A t\u00e9cnica de enfermagem <strong><mark style=\"background-color:rgba(0, 0, 0, 0)\" class=\"has-inline-color has-black-color\">Dailma Calixto Silva<\/mark><\/strong>, morreu no local do acidente. Ela acompanhava a m\u00e3e que faria uma sess\u00e3o de hemodi\u00e1lise no Hospital Ana Nery.<\/p>\n\n\n\n<figure class=\"wp-block-image aligncenter size-full\"><a href=\"https:\/\/i0.wp.com\/blogdoeloiltoncajuhy.com.br\/site\/wp-content\/uploads\/2026\/01\/Veiculo-saiu-de-Itabela-no-interior-da-Bahia.-%E2%80%94-Foto-TV-Bahia.jpg?ssl=1\"><img data-recalc-dims=\"1\" decoding=\"async\" width=\"800\" height=\"451\" src=\"https:\/\/i0.wp.com\/blogdoeloiltoncajuhy.com.br\/site\/wp-content\/uploads\/2026\/01\/Veiculo-saiu-de-Itabela-no-interior-da-Bahia.-%E2%80%94-Foto-TV-Bahia.jpg?resize=800%2C451&#038;ssl=1\" alt=\"\" class=\"wp-image-93154\" srcset=\"https:\/\/i0.wp.com\/blogdoeloiltoncajuhy.com.br\/site\/wp-content\/uploads\/2026\/01\/Veiculo-saiu-de-Itabela-no-interior-da-Bahia.-%E2%80%94-Foto-TV-Bahia.jpg?w=984&amp;ssl=1 984w, https:\/\/i0.wp.com\/blogdoeloiltoncajuhy.com.br\/site\/wp-content\/uploads\/2026\/01\/Veiculo-saiu-de-Itabela-no-interior-da-Bahia.-%E2%80%94-Foto-TV-Bahia.jpg?resize=300%2C169&amp;ssl=1 300w, https:\/\/i0.wp.com\/blogdoeloiltoncajuhy.com.br\/site\/wp-content\/uploads\/2026\/01\/Veiculo-saiu-de-Itabela-no-interior-da-Bahia.-%E2%80%94-Foto-TV-Bahia.jpg?resize=768%2C433&amp;ssl=1 768w\" sizes=\"(max-width: 800px) 100vw, 800px\" \/><\/a><figcaption class=\"wp-element-caption\"><sub>Ve\u00edculo saiu de Itabela, no interior da Bahia \u2014 Foto: TV Bahia<\/sub><\/figcaption><\/figure>\n\n\n\n<p>A outra paciente envolvida no acidente seguia para tratamento oncol\u00f3gico e tamb\u00e9m estava acompanhada da filha. As tr\u00eas v\u00edtimas feridas foram levadas para o Hospital Geral do Estado, em Salvador.<\/p>\n\n\n\n<p>O local do acidente ficou interditado para a realiza\u00e7\u00e3o da per\u00edcia, remo\u00e7\u00e3o do corpo e do ve\u00edculo.<\/p>\n\n\n\n<p>Em nota, a Prefeitura de Itabela, por meio da Secretaria Municipal de Sa\u00fade, manifestou pesar pelo falecimento da t\u00e9cnica de enfermagem e a caracterizou como uma &#8220;servidora p\u00fablica dedicada&#8221;. A cidade decretou luto de tr\u00eas dias.<\/p>\n\n\n\n<p>De acordo com a Pol\u00edcia Rodovi\u00e1ria Federal (PRF), o Corpo de Bombeiros foi acionado para retirar as v\u00edtimas presas nas ferragens.<\/p>\n\n\n\n<p>A ocorr\u00eancia foi registrada pela a 22\u00aa Delegacia Territorial de Sim\u00f5es Filho. Guias periciais e de remo\u00e7\u00e3o foram expedidas.<\/p>\n","protected":false},"excerpt":{"rendered":"<p>Entre as v\u00edtimas, duas mulheres eram pacientes e outras duas acompanhantes. O motorista do ve\u00edculo n\u00e3o ficou ferido. Por g1 BA >> Siga o canal do BEC no WhatsApp Uma t\u00e9cnica de enfermagem, de 37 anos, que acompanhava a m\u00e3e para um tratamento de sa\u00fade morreu e tr\u00eas pessoas ficaram gravemente feridas em um acidente [&hellip;]<\/p>\n","protected":false},"author":2,"featured_media":93153,"comment_status":"open","ping_status":"open","sticky":false,"template":"","format":"standard","meta":{"_acf_changed":false,"_monsterinsights_skip_tracking":false,"_monsterinsights_sitenote_active":false,"_monsterinsights_sitenote_note":"","_monsterinsights_sitenote_category":0,"_jetpack_memberships_contains_paid_content":false,"footnotes":"","jetpack_publicize_message":"","jetpack_publicize_feature_enabled":true,"jetpack_social_post_already_shared":true,"jetpack_social_options":{"image_generator_settings":{"template":"highway","default_image_id":0,"font":"","enabled":false},"version":2}},"categories":[15],"tags":[],"class_list":["post-93152","post","type-post","status-publish","format-standard","has-post-thumbnail","hentry","category-policia"],"acf":[],"jetpack_publicize_connections":[],"jetpack_featured_media_url":"https:\/\/i0.wp.com\/blogdoeloiltoncajuhy.com.br\/site\/wp-content\/uploads\/2026\/01\/Acidente-aconteceu-na-BR-324.-%E2%80%94-Foto-TV-Bahia.jpg?fit=984%2C590&ssl=1","jetpack_sharing_enabled":true,"publishpress_future_workflow_manual_trigger":{"enabledWorkflows":[]},"_links":{"self":[{"href":"https:\/\/blogdoeloiltoncajuhy.com.br\/site\/wp-json\/wp\/v2\/posts\/93152","targetHints":{"allow":["GET"]}}],"collection":[{"href":"https:\/\/blogdoeloiltoncajuhy.com.br\/site\/wp-json\/wp\/v2\/posts"}],"about":[{"href":"https:\/\/blogdoeloiltoncajuhy.com.br\/site\/wp-json\/wp\/v2\/types\/post"}],"author":[{"embeddable":true,"href":"https:\/\/blogdoeloiltoncajuhy.com.br\/site\/wp-json\/wp\/v2\/users\/2"}],"replies":[{"embeddable":true,"href":"https:\/\/blogdoeloiltoncajuhy.com.br\/site\/wp-json\/wp\/v2\/comments?post=93152"}],"version-history":[{"count":1,"href":"https:\/\/blogdoeloiltoncajuhy.com.br\/site\/wp-json\/wp\/v2\/posts\/93152\/revisions"}],"predecessor-version":[{"id":93155,"href":"https:\/\/blogdoeloiltoncajuhy.com.br\/site\/wp-json\/wp\/v2\/posts\/93152\/revisions\/93155"}],"wp:featuredmedia":[{"embeddable":true,"href":"https:\/\/blogdoeloiltoncajuhy.com.br\/site\/wp-json\/wp\/v2\/media\/93153"}],"wp:attachment":[{"href":"https:\/\/blogdoeloiltoncajuhy.com.br\/site\/wp-json\/wp\/v2\/media?parent=93152"}],"wp:term":[{"taxonomy":"category","embeddable":true,"href":"https:\/\/blogdoeloiltoncajuhy.com.br\/site\/wp-json\/wp\/v2\/categories?post=93152"},{"taxonomy":"post_tag","embeddable":true,"href":"https:\/\/blogdoeloiltoncajuhy.com.br\/site\/wp-json\/wp\/v2\/tags?post=93152"}],"curies":[{"name":"wp","href":"https:\/\/api.w.org\/{rel}","templated":true}]}}