{"id":93149,"date":"2026-01-24T11:29:57","date_gmt":"2026-01-24T14:29:57","guid":{"rendered":"https:\/\/blogdoeloiltoncajuhy.com.br\/site\/?p=93149"},"modified":"2026-01-24T11:29:58","modified_gmt":"2026-01-24T14:29:58","slug":"acm-neto-conversa-com-marcelo-nilo-e-nao-garante-seu-lugar-na-chapa","status":"publish","type":"post","link":"https:\/\/blogdoeloiltoncajuhy.com.br\/site\/acm-neto-conversa-com-marcelo-nilo-e-nao-garante-seu-lugar-na-chapa\/","title":{"rendered":"ACM Neto conversa com Marcelo Nilo e n\u00e3o garante seu lugar na chapa"},"content":{"rendered":"\n<p><strong>Por Pol\u00edtica ao Vivo<\/strong><\/p>\n\n\n\n<p><strong><a href=\"https:\/\/whatsapp.com\/channel\/0029VaAT7tDLI8Yfj5y9Z50Z\" target=\"_blank\" rel=\"noreferrer noopener\"><mark style=\"background-color:rgba(0, 0, 0, 0)\" class=\"has-inline-color has-luminous-vivid-orange-color\">>> Siga o canal do BEC no WhatsApp<\/mark><\/a><\/strong><\/p>\n\n\n\n<figure class=\"wp-block-image aligncenter size-full\"><a href=\"https:\/\/i0.wp.com\/blogdoeloiltoncajuhy.com.br\/site\/wp-content\/uploads\/2026\/01\/ACM-Neto-e-Nilo-Foto-Redes-Sociais_esta.png?ssl=1\"><img data-recalc-dims=\"1\" fetchpriority=\"high\" decoding=\"async\" width=\"640\" height=\"594\" src=\"https:\/\/i0.wp.com\/blogdoeloiltoncajuhy.com.br\/site\/wp-content\/uploads\/2026\/01\/ACM-Neto-e-Nilo-Foto-Redes-Sociais_esta.png?resize=640%2C594&#038;ssl=1\" alt=\"\" class=\"wp-image-93150\" srcset=\"https:\/\/i0.wp.com\/blogdoeloiltoncajuhy.com.br\/site\/wp-content\/uploads\/2026\/01\/ACM-Neto-e-Nilo-Foto-Redes-Sociais_esta.png?w=640&amp;ssl=1 640w, https:\/\/i0.wp.com\/blogdoeloiltoncajuhy.com.br\/site\/wp-content\/uploads\/2026\/01\/ACM-Neto-e-Nilo-Foto-Redes-Sociais_esta.png?resize=300%2C278&amp;ssl=1 300w\" sizes=\"(max-width: 640px) 100vw, 640px\" \/><\/a><figcaption class=\"wp-element-caption\"><sub>Foto: Redes Sociais<\/sub><\/figcaption><\/figure>\n\n\n\n<p>ACM Neto manteve uma conversa recente com o ex-deputado federal Marcelo Nilo para tratar do cen\u00e1rio pol\u00edtico e da constru\u00e7\u00e3o da chapa de oposi\u00e7\u00e3o para as elei\u00e7\u00f5es de 2026. Segundo o jornalista Victor Pinto, o di\u00e1logo foi direto e sem rodeios, em meio \u00e0s articula\u00e7\u00f5es que v\u00eam sendo intensificadas nos bastidores.<\/p>\n\n\n\n<p>Na conversa, foram discutidas possibilidades de composi\u00e7\u00e3o e o papel que Nilo poderia exercer dentro do projeto oposicionista. ACM Neto deixou claro ao aliado que n\u00e3o h\u00e1 garantia de que Marcelo Nilo venha a integrar a chapa liderada pelo ex-prefeito de Salvador, mantendo em aberto as negocia\u00e7\u00f5es e as incertezas que cercam a montagem do grupo de oposi\u00e7\u00e3o.<\/p>\n\n\n\n<p>Nilo quer ser candidato a senador na chapa de Neto e tem trabalhado incansavelmente pra isso desde o ano passado. Ele \u00e9 tamb\u00e9m o principal defensor do l\u00edder opositor nas redes sociais.<\/p>\n","protected":false},"excerpt":{"rendered":"<p>Por Pol\u00edtica ao Vivo >> Siga o canal do BEC no WhatsApp ACM Neto manteve uma conversa recente com o ex-deputado federal Marcelo Nilo para tratar do cen\u00e1rio pol\u00edtico e da constru\u00e7\u00e3o da chapa de oposi\u00e7\u00e3o para as elei\u00e7\u00f5es de 2026. Segundo o jornalista Victor Pinto, o di\u00e1logo foi direto e sem rodeios, em meio [&hellip;]<\/p>\n","protected":false},"author":2,"featured_media":93150,"comment_status":"open","ping_status":"open","sticky":false,"template":"","format":"standard","meta":{"_acf_changed":false,"_monsterinsights_skip_tracking":false,"_monsterinsights_sitenote_active":false,"_monsterinsights_sitenote_note":"","_monsterinsights_sitenote_category":0,"_jetpack_memberships_contains_paid_content":false,"footnotes":"","jetpack_publicize_message":"","jetpack_publicize_feature_enabled":true,"jetpack_social_post_already_shared":true,"jetpack_social_options":{"image_generator_settings":{"template":"highway","default_image_id":0,"font":"","enabled":false},"version":2}},"categories":[3],"tags":[],"class_list":["post-93149","post","type-post","status-publish","format-standard","has-post-thumbnail","hentry","category-politica"],"acf":[],"jetpack_publicize_connections":[],"jetpack_featured_media_url":"https:\/\/i0.wp.com\/blogdoeloiltoncajuhy.com.br\/site\/wp-content\/uploads\/2026\/01\/ACM-Neto-e-Nilo-Foto-Redes-Sociais_esta.png?fit=640%2C594&ssl=1","jetpack_sharing_enabled":true,"publishpress_future_workflow_manual_trigger":{"enabledWorkflows":[]},"_links":{"self":[{"href":"https:\/\/blogdoeloiltoncajuhy.com.br\/site\/wp-json\/wp\/v2\/posts\/93149","targetHints":{"allow":["GET"]}}],"collection":[{"href":"https:\/\/blogdoeloiltoncajuhy.com.br\/site\/wp-json\/wp\/v2\/posts"}],"about":[{"href":"https:\/\/blogdoeloiltoncajuhy.com.br\/site\/wp-json\/wp\/v2\/types\/post"}],"author":[{"embeddable":true,"href":"https:\/\/blogdoeloiltoncajuhy.com.br\/site\/wp-json\/wp\/v2\/users\/2"}],"replies":[{"embeddable":true,"href":"https:\/\/blogdoeloiltoncajuhy.com.br\/site\/wp-json\/wp\/v2\/comments?post=93149"}],"version-history":[{"count":1,"href":"https:\/\/blogdoeloiltoncajuhy.com.br\/site\/wp-json\/wp\/v2\/posts\/93149\/revisions"}],"predecessor-version":[{"id":93151,"href":"https:\/\/blogdoeloiltoncajuhy.com.br\/site\/wp-json\/wp\/v2\/posts\/93149\/revisions\/93151"}],"wp:featuredmedia":[{"embeddable":true,"href":"https:\/\/blogdoeloiltoncajuhy.com.br\/site\/wp-json\/wp\/v2\/media\/93150"}],"wp:attachment":[{"href":"https:\/\/blogdoeloiltoncajuhy.com.br\/site\/wp-json\/wp\/v2\/media?parent=93149"}],"wp:term":[{"taxonomy":"category","embeddable":true,"href":"https:\/\/blogdoeloiltoncajuhy.com.br\/site\/wp-json\/wp\/v2\/categories?post=93149"},{"taxonomy":"post_tag","embeddable":true,"href":"https:\/\/blogdoeloiltoncajuhy.com.br\/site\/wp-json\/wp\/v2\/tags?post=93149"}],"curies":[{"name":"wp","href":"https:\/\/api.w.org\/{rel}","templated":true}]}}