{"id":93146,"date":"2026-01-24T11:04:58","date_gmt":"2026-01-24T14:04:58","guid":{"rendered":"https:\/\/blogdoeloiltoncajuhy.com.br\/site\/?p=93146"},"modified":"2026-01-24T11:04:59","modified_gmt":"2026-01-24T14:04:59","slug":"eleicao-da-rede-assinatura-pos-morte-de-carlos-pitta-em-ata-provoca-denuncia-de-fraude-na-bahia","status":"publish","type":"post","link":"https:\/\/blogdoeloiltoncajuhy.com.br\/site\/eleicao-da-rede-assinatura-pos-morte-de-carlos-pitta-em-ata-provoca-denuncia-de-fraude-na-bahia\/","title":{"rendered":"Elei\u00e7\u00e3o da Rede: Assinatura &#8216;p\u00f3s-morte&#8217; de Carlos Pitta em ata provoca den\u00fancia de fraude na Bahia"},"content":{"rendered":"\n<p class=\"has-medium-font-size\"><strong>Al\u00e9m da impossibilidade de presen\u00e7a na confer\u00eancia, tamb\u00e9m h\u00e1 uma diverg\u00eancia na data de desfilia\u00e7\u00e3o.<\/strong><\/p>\n\n\n\n<p><strong>Blog do Eloilton Cajuhy \u2013 BEC<\/strong><\/p>\n\n\n\n<p><strong><a href=\"https:\/\/whatsapp.com\/channel\/0029VaAT7tDLI8Yfj5y9Z50Z\" target=\"_blank\" rel=\"noreferrer noopener\"><mark style=\"background-color:rgba(0, 0, 0, 0)\" class=\"has-inline-color has-luminous-vivid-orange-color\">>> Siga o canal do BEC no WhatsApp<\/mark><\/a><\/strong><\/p>\n\n\n\n<figure class=\"wp-block-image aligncenter size-full is-resized\"><a href=\"https:\/\/i0.wp.com\/blogdoeloiltoncajuhy.com.br\/site\/wp-content\/uploads\/2026\/01\/Carlos-Heloisa.png?ssl=1\"><img data-recalc-dims=\"1\" fetchpriority=\"high\" decoding=\"async\" width=\"800\" height=\"778\" src=\"https:\/\/i0.wp.com\/blogdoeloiltoncajuhy.com.br\/site\/wp-content\/uploads\/2026\/01\/Carlos-Heloisa.png?resize=800%2C778&#038;ssl=1\" alt=\"\" class=\"wp-image-93147\" style=\"aspect-ratio:1.0281124497991967;width:609px;height:auto\" srcset=\"https:\/\/i0.wp.com\/blogdoeloiltoncajuhy.com.br\/site\/wp-content\/uploads\/2026\/01\/Carlos-Heloisa.png?w=842&amp;ssl=1 842w, https:\/\/i0.wp.com\/blogdoeloiltoncajuhy.com.br\/site\/wp-content\/uploads\/2026\/01\/Carlos-Heloisa.png?resize=300%2C292&amp;ssl=1 300w, https:\/\/i0.wp.com\/blogdoeloiltoncajuhy.com.br\/site\/wp-content\/uploads\/2026\/01\/Carlos-Heloisa.png?resize=768%2C747&amp;ssl=1 768w\" sizes=\"(max-width: 800px) 100vw, 800px\" \/><\/a><\/figure>\n\n\n\n<p>Uma den\u00fancia de falsifica\u00e7\u00e3o de assinaturas em documentos internos do partido Rede Sustentabilidade colocou em xeque a lisura de processos partid\u00e1rios em diferentes regi\u00f5es da Bahia. Conforme relatos ao <strong>Bahia Not\u00edcias<\/strong> <strong>(BN)<\/strong>, entre os casos apontados, chama a aten\u00e7\u00e3o o nome do falecido cantor e compositor baiano Carlos Pitta (1955\u20132025), que aparece como signat\u00e1rio em uma lista de presen\u00e7a ligada a uma vota\u00e7\u00e3o interna realizada ap\u00f3s o seu falecimento.<\/p>\n\n\n\n<p>A reportagem do <strong>BN<\/strong> obteve acesso \u00e0 ata da confer\u00eancia de elei\u00e7\u00e3o do partido, datada em 3 de fevereiro de 2025, na qual consta a presen\u00e7a de Carlos Pitta, inclusive, com sua assinatura. Entretanto, o artista faleceu no m\u00eas anterior, no dia 7 de janeiro de 2025, assim n\u00e3o sendo poss\u00edvel sua participa\u00e7\u00e3o na confer\u00eancia.<\/p>\n\n\n\n<p>Conforme o documento, a reuni\u00e3o contou com um qu\u00f3rum de &#8220;327 filiados regulares presentes&#8221;. No encontro, foi realizada uma vota\u00e7\u00e3o da dire\u00e7\u00e3o municipal do partido em Salvador, com os nomes eleitos, segundo a den\u00fancia, ligados a deputada federal Helo\u00edsa Helena.<\/p>\n\n\n\n<p>Al\u00e9m da impossibilidade de presen\u00e7a na confer\u00eancia em fevereiro, tamb\u00e9m h\u00e1 uma diverg\u00eancia na data de desfilia\u00e7\u00e3o. De acordo com a Certid\u00e3o de Filia\u00e7\u00e3o Partid\u00e1ria extra\u00edda do sistema FILIA da Justi\u00e7a Eleitoral, Carlos Pitta s\u00f3 consta como desfiliado em 12 de julho de 2025. A diferen\u00e7a cria um hiato de seis meses entre o falecimento (janeiro) e a baixa oficial no sistema (julho), per\u00edodo durante o qual ele continuou figurando formalmente como membro do partido.<\/p>\n\n\n\n<p>O pr\u00f3prio documento da Justi\u00e7a Eleitoral ressalta que possui &#8220;presun\u00e7\u00e3o apenas relativa de veracidade&#8221; e que a regularidade depende de lan\u00e7amentos feitos pelo pr\u00f3prio partido pol\u00edtico.<\/p>\n\n\n\n<p>Em conversas com outro filiado do partido, foi relatado que, desde julho do ano passado, h\u00e1 uma apura\u00e7\u00e3o interna sobre as suspeitas de fraudes no processo eleitoral da Rede. Contudo, conforme a fonte, a dire\u00e7\u00e3o nacional da legenda teria dificultado o acesso \u00e0s atas, liberando apenas em dezembro de 2025, ap\u00f3s decis\u00e3o judicial em S\u00e3o Paulo.<\/p>\n\n\n\n<p><strong><em>Com informa\u00e7\u00f5es do Bahia Not\u00edcias (BN)<\/em><\/strong><\/p>\n","protected":false},"excerpt":{"rendered":"<p>Al\u00e9m da impossibilidade de presen\u00e7a na confer\u00eancia, tamb\u00e9m h\u00e1 uma diverg\u00eancia na data de desfilia\u00e7\u00e3o. Blog do Eloilton Cajuhy \u2013 BEC >> Siga o canal do BEC no WhatsApp Uma den\u00fancia de falsifica\u00e7\u00e3o de assinaturas em documentos internos do partido Rede Sustentabilidade colocou em xeque a lisura de processos partid\u00e1rios em diferentes regi\u00f5es da Bahia. [&hellip;]<\/p>\n","protected":false},"author":2,"featured_media":50994,"comment_status":"open","ping_status":"open","sticky":false,"template":"","format":"standard","meta":{"_acf_changed":false,"_monsterinsights_skip_tracking":false,"_monsterinsights_sitenote_active":false,"_monsterinsights_sitenote_note":"","_monsterinsights_sitenote_category":0,"_jetpack_memberships_contains_paid_content":false,"footnotes":"","jetpack_publicize_message":"","jetpack_publicize_feature_enabled":true,"jetpack_social_post_already_shared":true,"jetpack_social_options":{"image_generator_settings":{"template":"highway","default_image_id":0,"font":"","enabled":false},"version":2}},"categories":[3],"tags":[],"class_list":["post-93146","post","type-post","status-publish","format-standard","has-post-thumbnail","hentry","category-politica"],"acf":[],"jetpack_publicize_connections":[],"jetpack_featured_media_url":"https:\/\/i0.wp.com\/blogdoeloiltoncajuhy.com.br\/site\/wp-content\/uploads\/2020\/11\/Eleicoes_2020_1550337-scaled.jpg?fit=2560%2C1707&ssl=1","jetpack_sharing_enabled":true,"publishpress_future_workflow_manual_trigger":{"enabledWorkflows":[]},"_links":{"self":[{"href":"https:\/\/blogdoeloiltoncajuhy.com.br\/site\/wp-json\/wp\/v2\/posts\/93146","targetHints":{"allow":["GET"]}}],"collection":[{"href":"https:\/\/blogdoeloiltoncajuhy.com.br\/site\/wp-json\/wp\/v2\/posts"}],"about":[{"href":"https:\/\/blogdoeloiltoncajuhy.com.br\/site\/wp-json\/wp\/v2\/types\/post"}],"author":[{"embeddable":true,"href":"https:\/\/blogdoeloiltoncajuhy.com.br\/site\/wp-json\/wp\/v2\/users\/2"}],"replies":[{"embeddable":true,"href":"https:\/\/blogdoeloiltoncajuhy.com.br\/site\/wp-json\/wp\/v2\/comments?post=93146"}],"version-history":[{"count":1,"href":"https:\/\/blogdoeloiltoncajuhy.com.br\/site\/wp-json\/wp\/v2\/posts\/93146\/revisions"}],"predecessor-version":[{"id":93148,"href":"https:\/\/blogdoeloiltoncajuhy.com.br\/site\/wp-json\/wp\/v2\/posts\/93146\/revisions\/93148"}],"wp:featuredmedia":[{"embeddable":true,"href":"https:\/\/blogdoeloiltoncajuhy.com.br\/site\/wp-json\/wp\/v2\/media\/50994"}],"wp:attachment":[{"href":"https:\/\/blogdoeloiltoncajuhy.com.br\/site\/wp-json\/wp\/v2\/media?parent=93146"}],"wp:term":[{"taxonomy":"category","embeddable":true,"href":"https:\/\/blogdoeloiltoncajuhy.com.br\/site\/wp-json\/wp\/v2\/categories?post=93146"},{"taxonomy":"post_tag","embeddable":true,"href":"https:\/\/blogdoeloiltoncajuhy.com.br\/site\/wp-json\/wp\/v2\/tags?post=93146"}],"curies":[{"name":"wp","href":"https:\/\/api.w.org\/{rel}","templated":true}]}}