{"id":93142,"date":"2026-01-23T17:05:48","date_gmt":"2026-01-23T20:05:48","guid":{"rendered":"https:\/\/blogdoeloiltoncajuhy.com.br\/site\/?p=93142"},"modified":"2026-01-23T17:05:49","modified_gmt":"2026-01-23T20:05:49","slug":"bonfim-acidente-na-ladeira-do-capote-deixa-picape-com-frente-destruida","status":"publish","type":"post","link":"https:\/\/blogdoeloiltoncajuhy.com.br\/site\/bonfim-acidente-na-ladeira-do-capote-deixa-picape-com-frente-destruida\/","title":{"rendered":"Bonfim: Acidente na Ladeira do Capote deixa picape com frente destru\u00edda"},"content":{"rendered":"\n<p>Apenas danos materiais foram registrados na colis\u00e3o.<\/p>\n\n\n\n<p><strong>Blog do Eloilton Cajuhy &#8211; BEC<\/strong><\/p>\n\n\n\n<p><strong><a href=\"https:\/\/whatsapp.com\/channel\/0029VaAT7tDLI8Yfj5y9Z50Z\" target=\"_blank\" rel=\"noreferrer noopener\"><mark style=\"background-color:rgba(0, 0, 0, 0)\" class=\"has-inline-color has-luminous-vivid-orange-color\">>> Siga o canal do BEC no WhatsApp<\/mark><\/a><\/strong><\/p>\n\n\n\n<figure class=\"wp-block-image aligncenter size-full is-resized\"><a href=\"https:\/\/i0.wp.com\/blogdoeloiltoncajuhy.com.br\/site\/wp-content\/uploads\/2026\/01\/Acidente-na-Ladeira-do-Capote-230126.png?ssl=1\"><img data-recalc-dims=\"1\" fetchpriority=\"high\" decoding=\"async\" width=\"743\" height=\"744\" src=\"https:\/\/i0.wp.com\/blogdoeloiltoncajuhy.com.br\/site\/wp-content\/uploads\/2026\/01\/Acidente-na-Ladeira-do-Capote-230126.png?resize=743%2C744&#038;ssl=1\" alt=\"\" class=\"wp-image-93143\" style=\"width:585px;height:auto\" srcset=\"https:\/\/i0.wp.com\/blogdoeloiltoncajuhy.com.br\/site\/wp-content\/uploads\/2026\/01\/Acidente-na-Ladeira-do-Capote-230126.png?w=743&amp;ssl=1 743w, https:\/\/i0.wp.com\/blogdoeloiltoncajuhy.com.br\/site\/wp-content\/uploads\/2026\/01\/Acidente-na-Ladeira-do-Capote-230126.png?resize=300%2C300&amp;ssl=1 300w, https:\/\/i0.wp.com\/blogdoeloiltoncajuhy.com.br\/site\/wp-content\/uploads\/2026\/01\/Acidente-na-Ladeira-do-Capote-230126.png?resize=150%2C150&amp;ssl=1 150w\" sizes=\"(max-width: 743px) 100vw, 743px\" \/><\/a><figcaption class=\"wp-element-caption\"><sub>Picape bateu de frente com ca\u00e7amba que estava parada na Ladeira do Capote &#8211; Foto: Blog do Netto Maravilha<\/sub><\/figcaption><\/figure>\n\n\n\n<p>Na tarde desta sexta-feira (23) um acidente foi registrado na rodovia BA-220, na localidade conhecida como Ladeira do Capote, no munic\u00edpio de Senhor do Bonfim.<\/p>\n\n\n\n<p>De acordo com informa\u00e7\u00f5es apuradas pela reportagem do <strong>Blog do Netto Maravilha<\/strong>, uma ca\u00e7amba de material de constru\u00e7\u00e3o estava parada na contram\u00e3o, no trecho da ladeira, descarregando material, quando uma picape de pequeno porte, que seguia no sentido contr\u00e1rio e subia a pista, acabou colidindo frontalmente com o ve\u00edculo pesado.<\/p>\n\n\n\n<p>Ainda segundo relatos, o sol forte no momento pode ter contribu\u00eddo para dificultar a visibilidade do motorista da picape, que n\u00e3o teria percebido a ca\u00e7amba a tempo de evitar a batida. O acidente aconteceu nas proximidades da antiga sede do Forr\u00f3 do Esfrega.<\/p>\n\n\n\n<p>Com o impacto, a picape ficou com a parte dianteira totalmente destru\u00edda, caracterizando praticamente perda total. Apesar do susto e dos danos materiais, n\u00e3o houve registro de ferimentos graves entre os ocupantes dos ve\u00edculos envolvidos.<\/p>\n","protected":false},"excerpt":{"rendered":"<p>Apenas danos materiais foram registrados na colis\u00e3o. Blog do Eloilton Cajuhy &#8211; BEC >> Siga o canal do BEC no WhatsApp Na tarde desta sexta-feira (23) um acidente foi registrado na rodovia BA-220, na localidade conhecida como Ladeira do Capote, no munic\u00edpio de Senhor do Bonfim. De acordo com informa\u00e7\u00f5es apuradas pela reportagem do Blog [&hellip;]<\/p>\n","protected":false},"author":2,"featured_media":93143,"comment_status":"open","ping_status":"open","sticky":false,"template":"","format":"standard","meta":{"_acf_changed":false,"_monsterinsights_skip_tracking":false,"_monsterinsights_sitenote_active":false,"_monsterinsights_sitenote_note":"","_monsterinsights_sitenote_category":0,"_jetpack_memberships_contains_paid_content":false,"footnotes":"","jetpack_publicize_message":"","jetpack_publicize_feature_enabled":true,"jetpack_social_post_already_shared":true,"jetpack_social_options":{"image_generator_settings":{"template":"highway","default_image_id":0,"font":"","enabled":false},"version":2}},"categories":[4],"tags":[],"class_list":["post-93142","post","type-post","status-publish","format-standard","has-post-thumbnail","hentry","category-local"],"acf":[],"jetpack_publicize_connections":[],"jetpack_featured_media_url":"https:\/\/i0.wp.com\/blogdoeloiltoncajuhy.com.br\/site\/wp-content\/uploads\/2026\/01\/Acidente-na-Ladeira-do-Capote-230126.png?fit=743%2C744&ssl=1","jetpack_sharing_enabled":true,"publishpress_future_workflow_manual_trigger":{"enabledWorkflows":[]},"_links":{"self":[{"href":"https:\/\/blogdoeloiltoncajuhy.com.br\/site\/wp-json\/wp\/v2\/posts\/93142","targetHints":{"allow":["GET"]}}],"collection":[{"href":"https:\/\/blogdoeloiltoncajuhy.com.br\/site\/wp-json\/wp\/v2\/posts"}],"about":[{"href":"https:\/\/blogdoeloiltoncajuhy.com.br\/site\/wp-json\/wp\/v2\/types\/post"}],"author":[{"embeddable":true,"href":"https:\/\/blogdoeloiltoncajuhy.com.br\/site\/wp-json\/wp\/v2\/users\/2"}],"replies":[{"embeddable":true,"href":"https:\/\/blogdoeloiltoncajuhy.com.br\/site\/wp-json\/wp\/v2\/comments?post=93142"}],"version-history":[{"count":1,"href":"https:\/\/blogdoeloiltoncajuhy.com.br\/site\/wp-json\/wp\/v2\/posts\/93142\/revisions"}],"predecessor-version":[{"id":93144,"href":"https:\/\/blogdoeloiltoncajuhy.com.br\/site\/wp-json\/wp\/v2\/posts\/93142\/revisions\/93144"}],"wp:featuredmedia":[{"embeddable":true,"href":"https:\/\/blogdoeloiltoncajuhy.com.br\/site\/wp-json\/wp\/v2\/media\/93143"}],"wp:attachment":[{"href":"https:\/\/blogdoeloiltoncajuhy.com.br\/site\/wp-json\/wp\/v2\/media?parent=93142"}],"wp:term":[{"taxonomy":"category","embeddable":true,"href":"https:\/\/blogdoeloiltoncajuhy.com.br\/site\/wp-json\/wp\/v2\/categories?post=93142"},{"taxonomy":"post_tag","embeddable":true,"href":"https:\/\/blogdoeloiltoncajuhy.com.br\/site\/wp-json\/wp\/v2\/tags?post=93142"}],"curies":[{"name":"wp","href":"https:\/\/api.w.org\/{rel}","templated":true}]}}