{"id":93139,"date":"2026-01-23T16:41:24","date_gmt":"2026-01-23T19:41:24","guid":{"rendered":"https:\/\/blogdoeloiltoncajuhy.com.br\/site\/?p=93139"},"modified":"2026-01-23T16:41:26","modified_gmt":"2026-01-23T19:41:26","slug":"promotores-espanhois-arquivam-caso-de-abuso-sexual-contra-julio-iglesias","status":"publish","type":"post","link":"https:\/\/blogdoeloiltoncajuhy.com.br\/site\/promotores-espanhois-arquivam-caso-de-abuso-sexual-contra-julio-iglesias\/","title":{"rendered":"Promotores espanh\u00f3is arquivam caso de abuso sexual contra Julio Iglesias"},"content":{"rendered":"\n<p class=\"has-medium-font-size\"><strong>Mulheres que trabalharam para o artista em 2021 afirmam ter sofrido agress\u00f5es sexuais e humilha\u00e7\u00f5es em propriedades na Rep\u00fablica Dominicana e nas Bahamas.<\/strong><\/p>\n\n\n\n<p><strong>Por Reuters<\/strong><\/p>\n\n\n\n<p><strong><a href=\"https:\/\/whatsapp.com\/channel\/0029VaAT7tDLI8Yfj5y9Z50Z\" target=\"_blank\" rel=\"noreferrer noopener\"><mark style=\"background-color:rgba(0, 0, 0, 0)\" class=\"has-inline-color has-luminous-vivid-orange-color\">>> Siga o canal do BEC no WhatsApp<\/mark><\/a><\/strong><\/p>\n\n\n\n<figure class=\"wp-block-image aligncenter size-full is-resized\"><a href=\"https:\/\/i0.wp.com\/blogdoeloiltoncajuhy.com.br\/site\/wp-content\/uploads\/2026\/01\/Julio-Iglesias-em-2016-%E2%80%94-Foto-Carlos-Giusti-AP.png\"><img data-recalc-dims=\"1\" fetchpriority=\"high\" decoding=\"async\" width=\"800\" height=\"553\" src=\"https:\/\/i0.wp.com\/blogdoeloiltoncajuhy.com.br\/site\/wp-content\/uploads\/2026\/01\/Julio-Iglesias-em-2016-%E2%80%94-Foto-Carlos-Giusti-AP.png?resize=800%2C553\" alt=\"\" class=\"wp-image-93140\" style=\"aspect-ratio:1.446818130439697;width:696px;height:auto\" srcset=\"https:\/\/i0.wp.com\/blogdoeloiltoncajuhy.com.br\/site\/wp-content\/uploads\/2026\/01\/Julio-Iglesias-em-2016-%E2%80%94-Foto-Carlos-Giusti-AP.png?w=816&amp;ssl=1 816w, https:\/\/i0.wp.com\/blogdoeloiltoncajuhy.com.br\/site\/wp-content\/uploads\/2026\/01\/Julio-Iglesias-em-2016-%E2%80%94-Foto-Carlos-Giusti-AP.png?resize=300%2C207&amp;ssl=1 300w, https:\/\/i0.wp.com\/blogdoeloiltoncajuhy.com.br\/site\/wp-content\/uploads\/2026\/01\/Julio-Iglesias-em-2016-%E2%80%94-Foto-Carlos-Giusti-AP.png?resize=768%2C531&amp;ssl=1 768w\" sizes=\"(max-width: 800px) 100vw, 800px\" \/><\/a><figcaption class=\"wp-element-caption\"><sub>Julio Iglesias em 2016 \u2014 Foto: Carlos Giusti\/AP<\/sub><\/figcaption><\/figure>\n\n\n\n<p>Promotores do Tribunal Superior da Espanha arquivaram uma investiga\u00e7\u00e3o preliminar contra o cantor Julio Iglesias, sob o argumento de que a Corte n\u00e3o tinha jurisdi\u00e7\u00e3o porque os crimes alegados ocorreram no exterior e as acusadoras n\u00e3o residiam no pa\u00eds. A informa\u00e7\u00e3o foi divulgada nesta sexta-feira (23).<\/p>\n\n\n\n<p>O grupo de direitos <em>Women&#8217;s Link Worldwide<\/em> havia feito a den\u00fancia em 5 de janeiro em nome de duas mulheres que teriam trabalhado nas resid\u00eancias de Iglesias no Caribe por 10 meses em 2021, com base em uma investiga\u00e7\u00e3o da emissora norte-americana <strong>Univision<\/strong> e do portal espanhol <strong>elDiario.es<\/strong>.<\/p>\n\n\n\n<p>As acusa\u00e7\u00f5es inclu\u00edam tr\u00e1fico humano para trabalho for\u00e7ado e servid\u00e3o, agress\u00e3o sexual e viola\u00e7\u00f5es dos direitos trabalhistas. Iglesias descreveu essas acusa\u00e7\u00f5es como \u201ccompletamente falsas\u201d em v\u00e1rias postagens nas redes sociais.<\/p>\n\n\n\n<p>A <strong>Reuters<\/strong> tentou contato com representantes de Iglesias, de 82 anos, mas n\u00e3o obteve resposta. A Sony, gravadora do cantor, se recusou a comentar o caso.<\/p>\n\n\n\n<p>O escrit\u00f3rio do promotor afirmou, em documento visto pela <strong>Reuters<\/strong>, que o Tribunal Superior n\u00e3o poderia julgar Iglesias, pois os supostos crimes ocorreram na Rep\u00fablica Dominicana e nas Bahamas, acrescentando que a acusa\u00e7\u00e3o ainda poderia ser feita nesses dois pa\u00edses.<\/p>\n\n\n\n<p>Al\u00e9m disso, as supostas v\u00edtimas n\u00e3o eram espanholas e n\u00e3o residiam na Espanha, segundo o documento, que citou jurisprud\u00eancia do Supremo Tribunal limitando o princ\u00edpio legal da jurisdi\u00e7\u00e3o universal.<\/p>\n","protected":false},"excerpt":{"rendered":"<p>Mulheres que trabalharam para o artista em 2021 afirmam ter sofrido agress\u00f5es sexuais e humilha\u00e7\u00f5es em propriedades na Rep\u00fablica Dominicana e nas Bahamas. Por Reuters >> Siga o canal do BEC no WhatsApp Promotores do Tribunal Superior da Espanha arquivaram uma investiga\u00e7\u00e3o preliminar contra o cantor Julio Iglesias, sob o argumento de que a Corte [&hellip;]<\/p>\n","protected":false},"author":2,"featured_media":93140,"comment_status":"open","ping_status":"open","sticky":false,"template":"","format":"standard","meta":{"_acf_changed":false,"_monsterinsights_skip_tracking":false,"_monsterinsights_sitenote_active":false,"_monsterinsights_sitenote_note":"","_monsterinsights_sitenote_category":0,"_jetpack_memberships_contains_paid_content":false,"footnotes":"","jetpack_publicize_message":"","jetpack_publicize_feature_enabled":true,"jetpack_social_post_already_shared":true,"jetpack_social_options":{"image_generator_settings":{"template":"highway","default_image_id":0,"font":"","enabled":false},"version":2}},"categories":[8],"tags":[],"class_list":["post-93139","post","type-post","status-publish","format-standard","has-post-thumbnail","hentry","category-cultura"],"acf":[],"jetpack_publicize_connections":[],"jetpack_featured_media_url":"https:\/\/i0.wp.com\/blogdoeloiltoncajuhy.com.br\/site\/wp-content\/uploads\/2026\/01\/Julio-Iglesias-em-2016-%E2%80%94-Foto-Carlos-Giusti-AP.png?fit=816%2C564&ssl=1","jetpack_sharing_enabled":true,"publishpress_future_workflow_manual_trigger":{"enabledWorkflows":[]},"_links":{"self":[{"href":"https:\/\/blogdoeloiltoncajuhy.com.br\/site\/wp-json\/wp\/v2\/posts\/93139","targetHints":{"allow":["GET"]}}],"collection":[{"href":"https:\/\/blogdoeloiltoncajuhy.com.br\/site\/wp-json\/wp\/v2\/posts"}],"about":[{"href":"https:\/\/blogdoeloiltoncajuhy.com.br\/site\/wp-json\/wp\/v2\/types\/post"}],"author":[{"embeddable":true,"href":"https:\/\/blogdoeloiltoncajuhy.com.br\/site\/wp-json\/wp\/v2\/users\/2"}],"replies":[{"embeddable":true,"href":"https:\/\/blogdoeloiltoncajuhy.com.br\/site\/wp-json\/wp\/v2\/comments?post=93139"}],"version-history":[{"count":1,"href":"https:\/\/blogdoeloiltoncajuhy.com.br\/site\/wp-json\/wp\/v2\/posts\/93139\/revisions"}],"predecessor-version":[{"id":93141,"href":"https:\/\/blogdoeloiltoncajuhy.com.br\/site\/wp-json\/wp\/v2\/posts\/93139\/revisions\/93141"}],"wp:featuredmedia":[{"embeddable":true,"href":"https:\/\/blogdoeloiltoncajuhy.com.br\/site\/wp-json\/wp\/v2\/media\/93140"}],"wp:attachment":[{"href":"https:\/\/blogdoeloiltoncajuhy.com.br\/site\/wp-json\/wp\/v2\/media?parent=93139"}],"wp:term":[{"taxonomy":"category","embeddable":true,"href":"https:\/\/blogdoeloiltoncajuhy.com.br\/site\/wp-json\/wp\/v2\/categories?post=93139"},{"taxonomy":"post_tag","embeddable":true,"href":"https:\/\/blogdoeloiltoncajuhy.com.br\/site\/wp-json\/wp\/v2\/tags?post=93139"}],"curies":[{"name":"wp","href":"https:\/\/api.w.org\/{rel}","templated":true}]}}