{"id":93136,"date":"2026-01-23T15:54:45","date_gmt":"2026-01-23T18:54:45","guid":{"rendered":"https:\/\/blogdoeloiltoncajuhy.com.br\/site\/?p=93136"},"modified":"2026-01-23T15:54:47","modified_gmt":"2026-01-23T18:54:47","slug":"xanddy-recebe-alta-medica-tres-dias-apos-passar-mal-em-salvador","status":"publish","type":"post","link":"https:\/\/blogdoeloiltoncajuhy.com.br\/site\/xanddy-recebe-alta-medica-tres-dias-apos-passar-mal-em-salvador\/","title":{"rendered":"Xanddy recebe alta m\u00e9dica tr\u00eas dias ap\u00f3s passar mal em Salvador"},"content":{"rendered":"\n<p class=\"has-medium-font-size\"><strong>Cantor foi hospitalizado, na segunda-feira (19). Show no carnaval antecipado de Itabuna nesta sexta (23) foi confirmado.<\/strong><\/p>\n\n\n\n<p><strong>Por g1 BA<\/strong><\/p>\n\n\n\n<p><strong><a href=\"https:\/\/whatsapp.com\/channel\/0029VaAT7tDLI8Yfj5y9Z50Z\" target=\"_blank\" rel=\"noreferrer noopener\"><mark style=\"background-color:rgba(0, 0, 0, 0)\" class=\"has-inline-color has-luminous-vivid-orange-color\">>> Siga o canal do BEC no WhatsApp<\/mark><\/a><\/strong><\/p>\n\n\n\n<figure class=\"wp-block-image aligncenter size-full is-resized\"><a href=\"https:\/\/i0.wp.com\/blogdoeloiltoncajuhy.com.br\/site\/wp-content\/uploads\/2026\/01\/Xanddy-Harmonia-230126-%E2%80%94-Foto-Reproducao-Redes-sociais.png?ssl=1\"><img data-recalc-dims=\"1\" fetchpriority=\"high\" decoding=\"async\" width=\"296\" height=\"447\" src=\"https:\/\/i0.wp.com\/blogdoeloiltoncajuhy.com.br\/site\/wp-content\/uploads\/2026\/01\/Xanddy-Harmonia-230126-%E2%80%94-Foto-Reproducao-Redes-sociais.png?resize=296%2C447&#038;ssl=1\" alt=\"\" class=\"wp-image-93137\" style=\"width:345px;height:auto\" srcset=\"https:\/\/i0.wp.com\/blogdoeloiltoncajuhy.com.br\/site\/wp-content\/uploads\/2026\/01\/Xanddy-Harmonia-230126-%E2%80%94-Foto-Reproducao-Redes-sociais.png?w=296&amp;ssl=1 296w, https:\/\/i0.wp.com\/blogdoeloiltoncajuhy.com.br\/site\/wp-content\/uploads\/2026\/01\/Xanddy-Harmonia-230126-%E2%80%94-Foto-Reproducao-Redes-sociais.png?resize=199%2C300&amp;ssl=1 199w\" sizes=\"(max-width: 296px) 100vw, 296px\" \/><\/a><figcaption class=\"wp-element-caption\"><sub>Xanddy recebe alta m\u00e9dica tr\u00eas dias ap\u00f3s passar mal em Salvador \u2014 Foto: Reprodu\u00e7\u00e3o\/Redes Sociais<\/sub><\/figcaption><\/figure>\n\n\n\n<p>O cantor Xanddy Harmonia recebeu alta no fim da tarde de quinta-feira (22), tr\u00eas dias ap\u00f3s passar mal e ser internado em Salvador. A informa\u00e7\u00e3o foi confirmada pela assessoria do artista.<\/p>\n\n\n\n<p>De acordo com a equipe do cantor, ele vai se apresentar na noite desta sexta-feira (23) no carnaval antecipado de Itabuna, no sul da Bahia. Na ter\u00e7a-feira (20), um dia depois de ser internado, Xanddy usou as redes sociais para tranquilizar os f\u00e3s.<\/p>\n\n\n\n<p>Na ocasi\u00e3o, o artista afirmou que o episodio foi apenas um &#8220;susto&#8221;, mas que tamb\u00e9m serve de alerta para a aten\u00e7\u00e3o com a sa\u00fade.<\/p>\n\n\n\n<p>Ap\u00f3s dar entrada no hospital com uma gastroenterite de origem infecciosa, na noite de segunda-feira (19), o show que o artista faria no Rio de Janeiro, na data, foi cancelado. Ele estava acompanhado da esposa, a dan\u00e7arina Carla Perez, e da filha, Camilly Victoria.<\/p>\n\n\n\n<p>O show ficou por conta de Belo. Com isso, Xanddy aproveitou para agradecer o apoio do colega.<\/p>\n\n\n\n<p>&#8220;Quero agradecer a todos que estavam na &#8220;Melhor Segunda&#8221;, agradecer ao Belo, a todos que estavam e permaneceram em uma noite linda e maravilhosa no Rio de Janeiro. [Quero] Dizer a voc\u00eas que logo vamos marcar nossa segunda no Rio para a gente carimbar tamb\u00e9m&#8221;, prometeu.<\/p>\n\n\n\n<p>O artista reafirmou aos f\u00e3s que os pr\u00f3ximos encontros seguem confirmados.<\/p>\n","protected":false},"excerpt":{"rendered":"<p>Cantor foi hospitalizado, na segunda-feira (19). Show no carnaval antecipado de Itabuna nesta sexta (23) foi confirmado. Por g1 BA >> Siga o canal do BEC no WhatsApp O cantor Xanddy Harmonia recebeu alta no fim da tarde de quinta-feira (22), tr\u00eas dias ap\u00f3s passar mal e ser internado em Salvador. A informa\u00e7\u00e3o foi confirmada [&hellip;]<\/p>\n","protected":false},"author":2,"featured_media":93137,"comment_status":"open","ping_status":"open","sticky":false,"template":"","format":"standard","meta":{"_acf_changed":false,"_monsterinsights_skip_tracking":false,"_monsterinsights_sitenote_active":false,"_monsterinsights_sitenote_note":"","_monsterinsights_sitenote_category":0,"_jetpack_memberships_contains_paid_content":false,"footnotes":"","jetpack_publicize_message":"","jetpack_publicize_feature_enabled":true,"jetpack_social_post_already_shared":true,"jetpack_social_options":{"image_generator_settings":{"template":"highway","default_image_id":0,"font":"","enabled":false},"version":2}},"categories":[8],"tags":[],"class_list":["post-93136","post","type-post","status-publish","format-standard","has-post-thumbnail","hentry","category-cultura"],"acf":[],"jetpack_publicize_connections":[],"jetpack_featured_media_url":"https:\/\/i0.wp.com\/blogdoeloiltoncajuhy.com.br\/site\/wp-content\/uploads\/2026\/01\/Xanddy-Harmonia-230126-%E2%80%94-Foto-Reproducao-Redes-sociais.png?fit=296%2C447&ssl=1","jetpack_sharing_enabled":true,"publishpress_future_workflow_manual_trigger":{"enabledWorkflows":[]},"_links":{"self":[{"href":"https:\/\/blogdoeloiltoncajuhy.com.br\/site\/wp-json\/wp\/v2\/posts\/93136","targetHints":{"allow":["GET"]}}],"collection":[{"href":"https:\/\/blogdoeloiltoncajuhy.com.br\/site\/wp-json\/wp\/v2\/posts"}],"about":[{"href":"https:\/\/blogdoeloiltoncajuhy.com.br\/site\/wp-json\/wp\/v2\/types\/post"}],"author":[{"embeddable":true,"href":"https:\/\/blogdoeloiltoncajuhy.com.br\/site\/wp-json\/wp\/v2\/users\/2"}],"replies":[{"embeddable":true,"href":"https:\/\/blogdoeloiltoncajuhy.com.br\/site\/wp-json\/wp\/v2\/comments?post=93136"}],"version-history":[{"count":1,"href":"https:\/\/blogdoeloiltoncajuhy.com.br\/site\/wp-json\/wp\/v2\/posts\/93136\/revisions"}],"predecessor-version":[{"id":93138,"href":"https:\/\/blogdoeloiltoncajuhy.com.br\/site\/wp-json\/wp\/v2\/posts\/93136\/revisions\/93138"}],"wp:featuredmedia":[{"embeddable":true,"href":"https:\/\/blogdoeloiltoncajuhy.com.br\/site\/wp-json\/wp\/v2\/media\/93137"}],"wp:attachment":[{"href":"https:\/\/blogdoeloiltoncajuhy.com.br\/site\/wp-json\/wp\/v2\/media?parent=93136"}],"wp:term":[{"taxonomy":"category","embeddable":true,"href":"https:\/\/blogdoeloiltoncajuhy.com.br\/site\/wp-json\/wp\/v2\/categories?post=93136"},{"taxonomy":"post_tag","embeddable":true,"href":"https:\/\/blogdoeloiltoncajuhy.com.br\/site\/wp-json\/wp\/v2\/tags?post=93136"}],"curies":[{"name":"wp","href":"https:\/\/api.w.org\/{rel}","templated":true}]}}