{"id":93134,"date":"2026-01-23T15:37:52","date_gmt":"2026-01-23T18:37:52","guid":{"rendered":"https:\/\/blogdoeloiltoncajuhy.com.br\/site\/?p=93134"},"modified":"2026-01-23T15:37:53","modified_gmt":"2026-01-23T18:37:53","slug":"secretaria-de-educacao-da-bahia-abre-processos-seletivos-com-quase-3-mil-vagas","status":"publish","type":"post","link":"https:\/\/blogdoeloiltoncajuhy.com.br\/site\/secretaria-de-educacao-da-bahia-abre-processos-seletivos-com-quase-3-mil-vagas\/","title":{"rendered":"Secretaria de Educa\u00e7\u00e3o da Bahia abre processos seletivos com quase 3 mil vagas"},"content":{"rendered":"\n<p class=\"has-medium-font-size\"><strong>As inscri\u00e7\u00f5es poder\u00e3o ser realizadas entre os dias 26 de janeiro e 23 de fevereiro.<\/strong><\/p>\n\n\n\n<p><strong>Por g1 BA<\/strong><\/p>\n\n\n\n<p><strong><a href=\"https:\/\/whatsapp.com\/channel\/0029VaAT7tDLI8Yfj5y9Z50Z\" target=\"_blank\" rel=\"noreferrer noopener\"><mark style=\"background-color:rgba(0, 0, 0, 0)\" class=\"has-inline-color has-luminous-vivid-orange-color\">>> Siga o canal do BEC no WhatsApp<\/mark><\/a><\/strong><\/p>\n\n\n\n<figure class=\"wp-block-image aligncenter size-full\"><a href=\"https:\/\/i0.wp.com\/blogdoeloiltoncajuhy.com.br\/site\/wp-content\/uploads\/2025\/09\/Sala-de-aula-IA-2025-09-17.jpeg\"><img data-recalc-dims=\"1\" fetchpriority=\"high\" decoding=\"async\" width=\"760\" height=\"506\" src=\"https:\/\/i0.wp.com\/blogdoeloiltoncajuhy.com.br\/site\/wp-content\/uploads\/2025\/09\/Sala-de-aula-IA-2025-09-17.jpeg?resize=760%2C506\" alt=\"\" class=\"wp-image-90304\" srcset=\"https:\/\/i0.wp.com\/blogdoeloiltoncajuhy.com.br\/site\/wp-content\/uploads\/2025\/09\/Sala-de-aula-IA-2025-09-17.jpeg?w=760&amp;ssl=1 760w, https:\/\/i0.wp.com\/blogdoeloiltoncajuhy.com.br\/site\/wp-content\/uploads\/2025\/09\/Sala-de-aula-IA-2025-09-17.jpeg?resize=300%2C200&amp;ssl=1 300w\" sizes=\"(max-width: 760px) 100vw, 760px\" \/><\/a><\/figure>\n\n\n\n<p>A Secretaria da Educa\u00e7\u00e3o do Estado (SEC) est\u00e1 com tr\u00eas processos seletivos abertos, que, juntos, somam quase tr\u00eas mil vagas de emprego. Os editais foram publicados nesta sexta-feira (23) no Di\u00e1rio Oficial do Estado (DOE).<\/p>\n\n\n\n<p>A contrata\u00e7\u00e3o se dar\u00e1 por meio de Regime Especial de Direito Administrativo (Reda). A sele\u00e7\u00e3o acontecer\u00e1 por processo seletivo de provas.<\/p>\n\n\n\n<p>As vagas dispon\u00edveis s\u00e3o para as fun\u00e7\u00f5es de t\u00e9cnico administrativo tempor\u00e1rio; professor orientador de est\u00e1gio em Sa\u00fade nas \u00e1reas de Enfermagem e Radiologia; e t\u00e9cnico de n\u00edvel superior nas \u00e1reas de engenharia, arquitetura, cont\u00e1beis e administra\u00e7\u00e3o para atua\u00e7\u00e3o na rede p\u00fablica estadual.<\/p>\n\n\n\n<p class=\"has-black-color has-text-color has-link-color wp-elements-3b65d729658707d3e2718466d2d397d0\"><strong>Confira a disposi\u00e7\u00e3o das vagas:<\/strong><\/p>\n\n\n\n<ul class=\"wp-block-list\">\n<li>2.500 vagas para t\u00e9cnico administrativo tempor\u00e1rio<\/li>\n\n\n\n<li>228 para professor orientador de est\u00e1gio em Sa\u00fade<\/li>\n\n\n\n<li>49 para t\u00e9cnico de n\u00edvel superior<\/li>\n<\/ul>\n\n\n\n<p><\/p>\n\n\n\n<p>As inscri\u00e7\u00f5es poder\u00e3o ser realizadas entre os dias 26 de janeiro e 23 de fevereiro, <a href=\"http:\/\/www.ibfc.org.br\/\"><strong><mark style=\"background-color:rgba(0, 0, 0, 0)\" class=\"has-inline-color has-vivid-cyan-blue-color\">atrav\u00e9s do site<\/mark><\/strong><\/a>.<\/p>\n\n\n\n<p>Os t\u00e9cnicos Administrativos Tempor\u00e1rios atuar\u00e3o em unidades escolares dos 417 munic\u00edpios baianos e nos \u00f3rg\u00e3os administrativos da SEC, como os N\u00facleos Territoriais de Educa\u00e7\u00e3o e o \u00d3rg\u00e3o Central, em Salvador.<\/p>\n\n\n\n<p>J\u00e1 os Professores Orientadores de Est\u00e1gio ser\u00e3o lotados nos cursos t\u00e9cnicos de Enfermagem e Radiologia da rede estadual de Educa\u00e7\u00e3o Profissional, enquanto os T\u00e9cnicos de N\u00edvel Superior trabalhar\u00e3o nos NTEs 01, 03, 11, 16, 17, 22, 26 e 27.<\/p>\n\n\n\n<p>Os interessados podem conferir os <a href=\"https:\/\/www.ba.gov.br\/educacao\/selecoes-e-concursos\"><strong><mark style=\"background-color:rgba(0, 0, 0, 0)\" class=\"has-inline-color has-vivid-cyan-blue-color\">editais na internet<\/mark><\/strong><\/a>.<\/p>\n","protected":false},"excerpt":{"rendered":"<p>As inscri\u00e7\u00f5es poder\u00e3o ser realizadas entre os dias 26 de janeiro e 23 de fevereiro. Por g1 BA >> Siga o canal do BEC no WhatsApp A Secretaria da Educa\u00e7\u00e3o do Estado (SEC) est\u00e1 com tr\u00eas processos seletivos abertos, que, juntos, somam quase tr\u00eas mil vagas de emprego. Os editais foram publicados nesta sexta-feira (23) [&hellip;]<\/p>\n","protected":false},"author":2,"featured_media":90304,"comment_status":"open","ping_status":"open","sticky":false,"template":"","format":"standard","meta":{"_acf_changed":false,"_monsterinsights_skip_tracking":false,"_monsterinsights_sitenote_active":false,"_monsterinsights_sitenote_note":"","_monsterinsights_sitenote_category":0,"_jetpack_memberships_contains_paid_content":false,"footnotes":"","jetpack_publicize_message":"","jetpack_publicize_feature_enabled":true,"jetpack_social_post_already_shared":true,"jetpack_social_options":{"image_generator_settings":{"template":"highway","default_image_id":0,"font":"","enabled":false},"version":2}},"categories":[32],"tags":[],"class_list":["post-93134","post","type-post","status-publish","format-standard","has-post-thumbnail","hentry","category-emprego"],"acf":[],"jetpack_publicize_connections":[],"jetpack_featured_media_url":"https:\/\/i0.wp.com\/blogdoeloiltoncajuhy.com.br\/site\/wp-content\/uploads\/2025\/09\/Sala-de-aula-IA-2025-09-17.jpeg?fit=760%2C506&ssl=1","jetpack_sharing_enabled":true,"publishpress_future_workflow_manual_trigger":{"enabledWorkflows":[]},"_links":{"self":[{"href":"https:\/\/blogdoeloiltoncajuhy.com.br\/site\/wp-json\/wp\/v2\/posts\/93134","targetHints":{"allow":["GET"]}}],"collection":[{"href":"https:\/\/blogdoeloiltoncajuhy.com.br\/site\/wp-json\/wp\/v2\/posts"}],"about":[{"href":"https:\/\/blogdoeloiltoncajuhy.com.br\/site\/wp-json\/wp\/v2\/types\/post"}],"author":[{"embeddable":true,"href":"https:\/\/blogdoeloiltoncajuhy.com.br\/site\/wp-json\/wp\/v2\/users\/2"}],"replies":[{"embeddable":true,"href":"https:\/\/blogdoeloiltoncajuhy.com.br\/site\/wp-json\/wp\/v2\/comments?post=93134"}],"version-history":[{"count":1,"href":"https:\/\/blogdoeloiltoncajuhy.com.br\/site\/wp-json\/wp\/v2\/posts\/93134\/revisions"}],"predecessor-version":[{"id":93135,"href":"https:\/\/blogdoeloiltoncajuhy.com.br\/site\/wp-json\/wp\/v2\/posts\/93134\/revisions\/93135"}],"wp:featuredmedia":[{"embeddable":true,"href":"https:\/\/blogdoeloiltoncajuhy.com.br\/site\/wp-json\/wp\/v2\/media\/90304"}],"wp:attachment":[{"href":"https:\/\/blogdoeloiltoncajuhy.com.br\/site\/wp-json\/wp\/v2\/media?parent=93134"}],"wp:term":[{"taxonomy":"category","embeddable":true,"href":"https:\/\/blogdoeloiltoncajuhy.com.br\/site\/wp-json\/wp\/v2\/categories?post=93134"},{"taxonomy":"post_tag","embeddable":true,"href":"https:\/\/blogdoeloiltoncajuhy.com.br\/site\/wp-json\/wp\/v2\/tags?post=93134"}],"curies":[{"name":"wp","href":"https:\/\/api.w.org\/{rel}","templated":true}]}}