{"id":93128,"date":"2026-01-23T09:19:49","date_gmt":"2026-01-23T12:19:49","guid":{"rendered":"https:\/\/blogdoeloiltoncajuhy.com.br\/site\/?p=93128"},"modified":"2026-01-23T09:19:51","modified_gmt":"2026-01-23T12:19:51","slug":"luciano-ribeiro-toma-posse-como-deputado-estadual-na-alba-apos-morte-de-alan-sanches","status":"publish","type":"post","link":"https:\/\/blogdoeloiltoncajuhy.com.br\/site\/luciano-ribeiro-toma-posse-como-deputado-estadual-na-alba-apos-morte-de-alan-sanches\/","title":{"rendered":"Luciano Ribeiro toma posse como deputado estadual na Alba ap\u00f3s morte de Alan Sanches"},"content":{"rendered":"\n<p class=\"has-medium-font-size\"><strong>Cerim\u00f4nia aconteceu nesta quinta-feira (22), na sala da presid\u00eancia da Assembleia Legislativa da Bahia.<\/strong><\/p>\n\n\n\n<p><strong>Por g1 BA<\/strong><\/p>\n\n\n\n<p><strong><a href=\"https:\/\/whatsapp.com\/channel\/0029VaAT7tDLI8Yfj5y9Z50Z\" target=\"_blank\" rel=\"noreferrer noopener\"><mark style=\"background-color:rgba(0, 0, 0, 0)\" class=\"has-inline-color has-luminous-vivid-orange-color\">>> Siga o canal do BEC no WhatsApp<\/mark><\/a><\/strong><\/p>\n\n\n\n<figure class=\"wp-block-image aligncenter size-full\"><a href=\"https:\/\/i0.wp.com\/blogdoeloiltoncajuhy.com.br\/site\/wp-content\/uploads\/2026\/01\/Luciano-Ribeiro-%E2%80%94-Foto-Juliana-Andrade-Agencia-ALBA.jpg?ssl=1\"><img data-recalc-dims=\"1\" fetchpriority=\"high\" decoding=\"async\" width=\"800\" height=\"480\" src=\"https:\/\/i0.wp.com\/blogdoeloiltoncajuhy.com.br\/site\/wp-content\/uploads\/2026\/01\/Luciano-Ribeiro-%E2%80%94-Foto-Juliana-Andrade-Agencia-ALBA.jpg?resize=800%2C480&#038;ssl=1\" alt=\"\" class=\"wp-image-93129\" srcset=\"https:\/\/i0.wp.com\/blogdoeloiltoncajuhy.com.br\/site\/wp-content\/uploads\/2026\/01\/Luciano-Ribeiro-%E2%80%94-Foto-Juliana-Andrade-Agencia-ALBA.jpg?w=984&amp;ssl=1 984w, https:\/\/i0.wp.com\/blogdoeloiltoncajuhy.com.br\/site\/wp-content\/uploads\/2026\/01\/Luciano-Ribeiro-%E2%80%94-Foto-Juliana-Andrade-Agencia-ALBA.jpg?resize=300%2C180&amp;ssl=1 300w, https:\/\/i0.wp.com\/blogdoeloiltoncajuhy.com.br\/site\/wp-content\/uploads\/2026\/01\/Luciano-Ribeiro-%E2%80%94-Foto-Juliana-Andrade-Agencia-ALBA.jpg?resize=768%2C460&amp;ssl=1 768w\" sizes=\"(max-width: 800px) 100vw, 800px\" \/><\/a><figcaption class=\"wp-element-caption\"><sub>Luciano Ribeiro toma posse como deputado na Alba ap\u00f3s morte de Alan Sanches \u2014 Foto: Juliana Andrade\/Ag\u00eancia ALBA<\/sub><\/figcaption><\/figure>\n\n\n\n<p>O primeiro suplente do Uni\u00e3o Brasil (UB), Luciano Ribeiro, tomou posse como deputado estadual na Assembleia Legislativa da Bahia (Alba), nesta quinta-feira (22). O parlamentar assumiu o cargo ap\u00f3s a morte do deputado Alan Sanches (UB), no \u00faltimo s\u00e1bado (17), v\u00edtima de uma parada card\u00edaca.<\/p>\n\n\n\n<p>A cerim\u00f4nia de posse aconteceu na sala da presid\u00eancia da Alba e foi conduzida pela presidente do \u00f3rg\u00e3o, a deputada Ivana Bastos.<\/p>\n\n\n\n<p>&#8220;Esse \u00e9 um momento de dor, mas tamb\u00e9m \u00e9 um momento em que o Parlamento precisa continuar. O deputado Luciano Ribeiro j\u00e1 foi deputado nessa Casa, tem uma grande experi\u00eancia, tem um perfil semelhante ao perfil do nosso querido e saudoso Alan Sanches\u201d, disse Ivana.<\/p>\n\n\n\n<p>Em um breve pronunciamento ap\u00f3s a cerim\u00f4nia, Luciano Ribeiro afirmou que pretende defender o legado de Alan Sanches.<\/p>\n\n\n\n<blockquote class=\"wp-block-quote is-layout-flow wp-block-quote-is-layout-flow\">\n<p><strong><mark style=\"background-color:rgba(0, 0, 0, 0)\" class=\"has-inline-color has-black-color\">\u201cEra um amigo querido, fomos colegas de Parlamento aqui nesta Casa. Era um homem de coragem, de posi\u00e7\u00e3o, sempre na defesa dos mais humildes e necessitados\u201d, saudou.<\/mark><\/strong><\/p>\n<\/blockquote>\n\n\n\n<p>Jos\u00e9 Luciano Ribeiro \u00e9 natural da cidade de Cacul\u00e9, no sudoeste da Bahia, e nasceu no dia 22 de dezembro de 1960. Ele \u00e9 advogado formado pela Faculdade de Direito Te\u00f3filo Otoni e p\u00f3s-graduado em direito p\u00fablico municipal e processo civil pela Faculdade de Direito da Universidade Federal da Bahia (Ufba).<\/p>\n\n\n\n<p>Antes de ser eleito deputado na elei\u00e7\u00e3o de 2014, Luciano Ribeiro foi prefeito de Cacul\u00e9 por dois mandatos.<\/p>\n","protected":false},"excerpt":{"rendered":"<p>Cerim\u00f4nia aconteceu nesta quinta-feira (22), na sala da presid\u00eancia da Assembleia Legislativa da Bahia. Por g1 BA >> Siga o canal do BEC no WhatsApp O primeiro suplente do Uni\u00e3o Brasil (UB), Luciano Ribeiro, tomou posse como deputado estadual na Assembleia Legislativa da Bahia (Alba), nesta quinta-feira (22). O parlamentar assumiu o cargo ap\u00f3s a [&hellip;]<\/p>\n","protected":false},"author":2,"featured_media":93129,"comment_status":"open","ping_status":"open","sticky":false,"template":"","format":"standard","meta":{"_acf_changed":false,"_monsterinsights_skip_tracking":false,"_monsterinsights_sitenote_active":false,"_monsterinsights_sitenote_note":"","_monsterinsights_sitenote_category":0,"_jetpack_memberships_contains_paid_content":false,"footnotes":"","jetpack_publicize_message":"","jetpack_publicize_feature_enabled":true,"jetpack_social_post_already_shared":true,"jetpack_social_options":{"image_generator_settings":{"template":"highway","default_image_id":0,"font":"","enabled":false},"version":2}},"categories":[3],"tags":[],"class_list":["post-93128","post","type-post","status-publish","format-standard","has-post-thumbnail","hentry","category-politica"],"acf":[],"jetpack_publicize_connections":[],"jetpack_featured_media_url":"https:\/\/i0.wp.com\/blogdoeloiltoncajuhy.com.br\/site\/wp-content\/uploads\/2026\/01\/Luciano-Ribeiro-%E2%80%94-Foto-Juliana-Andrade-Agencia-ALBA.jpg?fit=984%2C590&ssl=1","jetpack_sharing_enabled":true,"publishpress_future_workflow_manual_trigger":{"enabledWorkflows":[]},"_links":{"self":[{"href":"https:\/\/blogdoeloiltoncajuhy.com.br\/site\/wp-json\/wp\/v2\/posts\/93128","targetHints":{"allow":["GET"]}}],"collection":[{"href":"https:\/\/blogdoeloiltoncajuhy.com.br\/site\/wp-json\/wp\/v2\/posts"}],"about":[{"href":"https:\/\/blogdoeloiltoncajuhy.com.br\/site\/wp-json\/wp\/v2\/types\/post"}],"author":[{"embeddable":true,"href":"https:\/\/blogdoeloiltoncajuhy.com.br\/site\/wp-json\/wp\/v2\/users\/2"}],"replies":[{"embeddable":true,"href":"https:\/\/blogdoeloiltoncajuhy.com.br\/site\/wp-json\/wp\/v2\/comments?post=93128"}],"version-history":[{"count":1,"href":"https:\/\/blogdoeloiltoncajuhy.com.br\/site\/wp-json\/wp\/v2\/posts\/93128\/revisions"}],"predecessor-version":[{"id":93130,"href":"https:\/\/blogdoeloiltoncajuhy.com.br\/site\/wp-json\/wp\/v2\/posts\/93128\/revisions\/93130"}],"wp:featuredmedia":[{"embeddable":true,"href":"https:\/\/blogdoeloiltoncajuhy.com.br\/site\/wp-json\/wp\/v2\/media\/93129"}],"wp:attachment":[{"href":"https:\/\/blogdoeloiltoncajuhy.com.br\/site\/wp-json\/wp\/v2\/media?parent=93128"}],"wp:term":[{"taxonomy":"category","embeddable":true,"href":"https:\/\/blogdoeloiltoncajuhy.com.br\/site\/wp-json\/wp\/v2\/categories?post=93128"},{"taxonomy":"post_tag","embeddable":true,"href":"https:\/\/blogdoeloiltoncajuhy.com.br\/site\/wp-json\/wp\/v2\/tags?post=93128"}],"curies":[{"name":"wp","href":"https:\/\/api.w.org\/{rel}","templated":true}]}}