{"id":93126,"date":"2026-01-23T08:43:36","date_gmt":"2026-01-23T11:43:36","guid":{"rendered":"https:\/\/blogdoeloiltoncajuhy.com.br\/site\/?p=93126"},"modified":"2026-01-23T08:43:37","modified_gmt":"2026-01-23T11:43:37","slug":"agencias-do-inss-abrem-para-atendimento-extra-neste-sabado-e-domingo","status":"publish","type":"post","link":"https:\/\/blogdoeloiltoncajuhy.com.br\/site\/agencias-do-inss-abrem-para-atendimento-extra-neste-sabado-e-domingo\/","title":{"rendered":"Ag\u00eancias do INSS abrem para atendimento extra neste s\u00e1bado e domingo"},"content":{"rendered":"\n<p class=\"has-medium-font-size\"><strong>Ag\u00eancias n\u00e3o abrir\u00e3o do dia 28 ao dia 30 de janeiro.<\/strong><\/p>\n\n\n\n<p><strong>Por Luciano Nascimento\/Ag\u00eancia Brasil<\/strong><\/p>\n\n\n\n<p><strong><a href=\"https:\/\/whatsapp.com\/channel\/0029VaAT7tDLI8Yfj5y9Z50Z\" target=\"_blank\" rel=\"noreferrer noopener\"><mark style=\"background-color:rgba(0, 0, 0, 0)\" class=\"has-inline-color has-luminous-vivid-orange-color\">>> Siga o canal do BEC no WhatsApp<\/mark><\/a><\/strong><\/p>\n\n\n\n<figure class=\"wp-block-image aligncenter size-large\"><a href=\"https:\/\/i0.wp.com\/blogdoeloiltoncajuhy.com.br\/site\/wp-content\/uploads\/2015\/12\/INSS-DE-BONFIM.jpg\"><img data-recalc-dims=\"1\" fetchpriority=\"high\" decoding=\"async\" width=\"800\" height=\"600\" src=\"https:\/\/i0.wp.com\/blogdoeloiltoncajuhy.com.br\/site\/wp-content\/uploads\/2015\/12\/INSS-DE-BONFIM.jpg?resize=800%2C600\" alt=\"\" class=\"wp-image-6617\" srcset=\"https:\/\/i0.wp.com\/blogdoeloiltoncajuhy.com.br\/site\/wp-content\/uploads\/2015\/12\/INSS-DE-BONFIM.jpg?resize=1024%2C768&amp;ssl=1 1024w, https:\/\/i0.wp.com\/blogdoeloiltoncajuhy.com.br\/site\/wp-content\/uploads\/2015\/12\/INSS-DE-BONFIM.jpg?resize=300%2C225&amp;ssl=1 300w, https:\/\/i0.wp.com\/blogdoeloiltoncajuhy.com.br\/site\/wp-content\/uploads\/2015\/12\/INSS-DE-BONFIM.jpg?resize=768%2C576&amp;ssl=1 768w, https:\/\/i0.wp.com\/blogdoeloiltoncajuhy.com.br\/site\/wp-content\/uploads\/2015\/12\/INSS-DE-BONFIM.jpg?resize=250%2C188&amp;ssl=1 250w, https:\/\/i0.wp.com\/blogdoeloiltoncajuhy.com.br\/site\/wp-content\/uploads\/2015\/12\/INSS-DE-BONFIM.jpg?w=1600 1600w, https:\/\/i0.wp.com\/blogdoeloiltoncajuhy.com.br\/site\/wp-content\/uploads\/2015\/12\/INSS-DE-BONFIM.jpg?w=2400 2400w\" sizes=\"(max-width: 800px) 100vw, 800px\" \/><\/a><figcaption class=\"wp-element-caption\"><sub>Ag\u00eancia do INSS em Senhor do Bonfim funcionar\u00e1 neste s\u00e1bado (24) e no domingo (25)<\/sub><\/figcaption><\/figure>\n\n\n\n<p>As ag\u00eancias do Instituto Nacional do Seguro Social (INSS) em todo o pa\u00eds abrir\u00e3o para atendimento presencial extra neste s\u00e1bado (24) e domingo (25). O objetivo \u00e9 antecipar agendamentos e compensar a suspens\u00e3o dos servi\u00e7os presenciais dos dias 28, 29 e 30 de janeiro.<\/p>\n\n\n\n<p>O INSS informou que, nos casos em que o benefici\u00e1rio preferir atendimento em um dia \u00fatil, ser\u00e1 providenciado o reencaixe.<\/p>\n\n\n\n<p>Os canais remotos de atendimento como o Meu INSS, por site e aplicativo, e a central telef\u00f4nica 135, funcionar\u00e3o normalmente at\u00e9 o dia 27, com mais de 100 servi\u00e7os dispon\u00edveis.<\/p>\n\n\n\n<p class=\"has-black-color has-text-color has-link-color has-medium-font-size wp-elements-4d000b4db6b564484f72d5f4d7d688aa\"><strong>Manuten\u00e7\u00e3o<\/strong><\/p>\n\n\n\n<p>Na pr\u00f3xima quarta-feira (28), quinta-feira (29) e sexta-feira (30) as ag\u00eancias do INSS em todo o pa\u00eds estar\u00e3o fechadas para atendimento presencial em raz\u00e3o de melhorias programadas nos sistemas previdenci\u00e1rios da Dataprev, empresa respons\u00e1vel pela tecnologia da informa\u00e7\u00e3o da Previd\u00eancia Social.<\/p>\n\n\n\n<p>Os canais remotos de atendimento Meu INSS (site e aplicativo) e a central telef\u00f4nica 135 tamb\u00e9m ficar\u00e3o indispon\u00edveis a partir das 19h do dia 27 at\u00e9 o dia 31.<\/p>\n\n\n\n<p>A medida, segundo o INSS, \u00e9 necess\u00e1ria para a moderniza\u00e7\u00e3o dos sistemas, para assegurar maior estabilidade, seguran\u00e7a e efici\u00eancia dos servi\u00e7os.<\/p>\n","protected":false},"excerpt":{"rendered":"<p>Ag\u00eancias n\u00e3o abrir\u00e3o do dia 28 ao dia 30 de janeiro. Por Luciano Nascimento\/Ag\u00eancia Brasil >> Siga o canal do BEC no WhatsApp As ag\u00eancias do Instituto Nacional do Seguro Social (INSS) em todo o pa\u00eds abrir\u00e3o para atendimento presencial extra neste s\u00e1bado (24) e domingo (25). O objetivo \u00e9 antecipar agendamentos e compensar a [&hellip;]<\/p>\n","protected":false},"author":2,"featured_media":6617,"comment_status":"open","ping_status":"open","sticky":false,"template":"","format":"standard","meta":{"_acf_changed":false,"_monsterinsights_skip_tracking":false,"_monsterinsights_sitenote_active":false,"_monsterinsights_sitenote_note":"","_monsterinsights_sitenote_category":0,"_jetpack_memberships_contains_paid_content":false,"footnotes":"","jetpack_publicize_message":"","jetpack_publicize_feature_enabled":true,"jetpack_social_post_already_shared":true,"jetpack_social_options":{"image_generator_settings":{"template":"highway","default_image_id":0,"font":"","enabled":false},"version":2}},"categories":[1],"tags":[],"class_list":["post-93126","post","type-post","status-publish","format-standard","has-post-thumbnail","hentry","category-noticias"],"acf":[],"jetpack_publicize_connections":[],"jetpack_featured_media_url":"https:\/\/i0.wp.com\/blogdoeloiltoncajuhy.com.br\/site\/wp-content\/uploads\/2015\/12\/INSS-DE-BONFIM.jpg?fit=4000%2C3000&ssl=1","jetpack_sharing_enabled":true,"publishpress_future_workflow_manual_trigger":{"enabledWorkflows":[]},"_links":{"self":[{"href":"https:\/\/blogdoeloiltoncajuhy.com.br\/site\/wp-json\/wp\/v2\/posts\/93126","targetHints":{"allow":["GET"]}}],"collection":[{"href":"https:\/\/blogdoeloiltoncajuhy.com.br\/site\/wp-json\/wp\/v2\/posts"}],"about":[{"href":"https:\/\/blogdoeloiltoncajuhy.com.br\/site\/wp-json\/wp\/v2\/types\/post"}],"author":[{"embeddable":true,"href":"https:\/\/blogdoeloiltoncajuhy.com.br\/site\/wp-json\/wp\/v2\/users\/2"}],"replies":[{"embeddable":true,"href":"https:\/\/blogdoeloiltoncajuhy.com.br\/site\/wp-json\/wp\/v2\/comments?post=93126"}],"version-history":[{"count":1,"href":"https:\/\/blogdoeloiltoncajuhy.com.br\/site\/wp-json\/wp\/v2\/posts\/93126\/revisions"}],"predecessor-version":[{"id":93127,"href":"https:\/\/blogdoeloiltoncajuhy.com.br\/site\/wp-json\/wp\/v2\/posts\/93126\/revisions\/93127"}],"wp:featuredmedia":[{"embeddable":true,"href":"https:\/\/blogdoeloiltoncajuhy.com.br\/site\/wp-json\/wp\/v2\/media\/6617"}],"wp:attachment":[{"href":"https:\/\/blogdoeloiltoncajuhy.com.br\/site\/wp-json\/wp\/v2\/media?parent=93126"}],"wp:term":[{"taxonomy":"category","embeddable":true,"href":"https:\/\/blogdoeloiltoncajuhy.com.br\/site\/wp-json\/wp\/v2\/categories?post=93126"},{"taxonomy":"post_tag","embeddable":true,"href":"https:\/\/blogdoeloiltoncajuhy.com.br\/site\/wp-json\/wp\/v2\/tags?post=93126"}],"curies":[{"name":"wp","href":"https:\/\/api.w.org\/{rel}","templated":true}]}}