{"id":93112,"date":"2026-01-22T15:56:12","date_gmt":"2026-01-22T18:56:12","guid":{"rendered":"https:\/\/blogdoeloiltoncajuhy.com.br\/site\/?p=93112"},"modified":"2026-01-22T15:56:13","modified_gmt":"2026-01-22T18:56:13","slug":"prefeitos-baianos-discutem-pacto-para-diminuicao-de-caches-milionarios-no-sao-joao","status":"publish","type":"post","link":"https:\/\/blogdoeloiltoncajuhy.com.br\/site\/prefeitos-baianos-discutem-pacto-para-diminuicao-de-caches-milionarios-no-sao-joao\/","title":{"rendered":"Prefeitos baianos discutem pacto para diminui\u00e7\u00e3o de cach\u00eas milion\u00e1rios no S\u00e3o Jo\u00e3o"},"content":{"rendered":"\n<p><strong>Blog do Eloilton Cajuhy &#8211; BEC<\/strong><\/p>\n\n\n\n<p><strong><a href=\"https:\/\/whatsapp.com\/channel\/0029VaAT7tDLI8Yfj5y9Z50Z\" target=\"_blank\" rel=\"noreferrer noopener\"><mark style=\"background-color:rgba(0, 0, 0, 0)\" class=\"has-inline-color has-luminous-vivid-orange-color\">>> Siga o canal do BEC no WhatsApp<\/mark><\/a><\/strong><\/p>\n\n\n\n<figure class=\"wp-block-image aligncenter size-full is-resized\"><a href=\"https:\/\/i0.wp.com\/blogdoeloiltoncajuhy.com.br\/site\/wp-content\/uploads\/2025\/06\/Sao-Joao_Festas-Juninas_Foto-Divulgacao.jpg\"><img data-recalc-dims=\"1\" fetchpriority=\"high\" decoding=\"async\" width=\"800\" height=\"533\" src=\"https:\/\/i0.wp.com\/blogdoeloiltoncajuhy.com.br\/site\/wp-content\/uploads\/2025\/06\/Sao-Joao_Festas-Juninas_Foto-Divulgacao.jpg?resize=800%2C533\" alt=\"\" class=\"wp-image-88419\" style=\"width:740px;height:auto\" srcset=\"https:\/\/i0.wp.com\/blogdoeloiltoncajuhy.com.br\/site\/wp-content\/uploads\/2025\/06\/Sao-Joao_Festas-Juninas_Foto-Divulgacao.jpg?w=800&amp;ssl=1 800w, https:\/\/i0.wp.com\/blogdoeloiltoncajuhy.com.br\/site\/wp-content\/uploads\/2025\/06\/Sao-Joao_Festas-Juninas_Foto-Divulgacao.jpg?resize=300%2C200&amp;ssl=1 300w, https:\/\/i0.wp.com\/blogdoeloiltoncajuhy.com.br\/site\/wp-content\/uploads\/2025\/06\/Sao-Joao_Festas-Juninas_Foto-Divulgacao.jpg?resize=768%2C512&amp;ssl=1 768w\" sizes=\"(max-width: 800px) 100vw, 800px\" \/><\/a><\/figure>\n\n\n\n<p>Prefeitos de 25 munic\u00edpios baianos se reuniram na tarde de ter\u00e7a-feira (20), no Centro Administrativo da Bahia (CAB), para organizar um \u201cpacto\u201d contra os pre\u00e7os cobrados por bandas durante o per\u00edodo do S\u00e3o Jo\u00e3o nos \u00faltimos anos.<\/p>\n\n\n\n<p>Os chefes de Executivo municipais, todos eles membros da diretoria da Uni\u00e3o dos Munic\u00edpios da Bahia (UPB), pretendem se alinhar antes de levar a pauta ao Minist\u00e9rio P\u00fablico e ao Tribunal de Contas dos Munic\u00edpios (TCM).<\/p>\n\n\n\n<p>\u201cQuando um munic\u00edpio \u2018A\u2019 contrata um artista por R$ 1 milh\u00e3o, e o munic\u00edpio \u2018B\u2019 contrata o mesmo artista por R$ 500 mil, gera uma desconfian\u00e7a na popula\u00e7\u00e3o, que se questiona sobre a distor\u00e7\u00e3o. Queremos que o pre\u00e7o seja justo\u201d, disse o presidente da UPB e prefeito de Andara\u00ed, Wilson Cardoso (PSB), em coletiva de imprensa na sede da UPB, em Salvador.<\/p>\n\n\n\n<p>Para o prefeito de Jequi\u00e9 e diretor parlamentar da UPB, Z\u00e9 Coc\u00e1 (PP), a import\u00e2ncia da reuni\u00e3o \u00e9 fazer com que o grupo \u201cfale a mesma l\u00edngua\u201d, de forma padronizada. \u201cAl\u00e9m da quest\u00e3o do pre\u00e7o dos cach\u00eas, o problema \u00e9 como essa tabela acontece. A maioria dos artistas ainda n\u00e3o divulgou o pre\u00e7o para tocar no S\u00e3o Jo\u00e3o. Ent\u00e3o, j\u00e1 se discute grade de atra\u00e7\u00f5es sem saber o pre\u00e7o que eles v\u00e3o cobrar\u201d, disse.<\/p>\n\n\n\n<p>O prefeito de Capim Grosso e presidente da FECBahia, Sivaldo Rios (PSD), disse enxergar que a converg\u00eancia entre os munic\u00edpios baianos na pauta poder\u00e1 influenciar outros estados do Nordeste a aderirem a pacto similar.<\/p>\n\n\n\n<p>\u201cQuem mais faz forr\u00f3 \u00e9 a Bahia. Se tivermos unidade, vamos dar o exemplo ao Nordeste. Esse \u00e9 um momento \u00fanico de pensar na economia. Todo mundo quer o melhor artista, mas na maioria das cidades falta pavimenta\u00e7\u00e3o e o dinheiro \u00e9 gasto com artistas. Queremos tratar a coisa p\u00fablica com respeito, mas sem matar a tradi\u00e7\u00e3o\u201d, afirmou o presidente da Federa\u00e7\u00e3o dos Cons\u00f3rcios P\u00fablicos do Estado da Bahia (FECBahia).<\/p>\n\n\n\n<p><strong><em>Com informa\u00e7\u00f5es da WA TV Web<\/em><\/strong><\/p>\n","protected":false},"excerpt":{"rendered":"<p>Blog do Eloilton Cajuhy &#8211; BEC >> Siga o canal do BEC no WhatsApp Prefeitos de 25 munic\u00edpios baianos se reuniram na tarde de ter\u00e7a-feira (20), no Centro Administrativo da Bahia (CAB), para organizar um \u201cpacto\u201d contra os pre\u00e7os cobrados por bandas durante o per\u00edodo do S\u00e3o Jo\u00e3o nos \u00faltimos anos. Os chefes de Executivo [&hellip;]<\/p>\n","protected":false},"author":2,"featured_media":88419,"comment_status":"open","ping_status":"open","sticky":false,"template":"","format":"standard","meta":{"_acf_changed":false,"_monsterinsights_skip_tracking":false,"_monsterinsights_sitenote_active":false,"_monsterinsights_sitenote_note":"","_monsterinsights_sitenote_category":0,"_jetpack_memberships_contains_paid_content":false,"footnotes":"","jetpack_publicize_message":"","jetpack_publicize_feature_enabled":true,"jetpack_social_post_already_shared":true,"jetpack_social_options":{"image_generator_settings":{"template":"highway","default_image_id":0,"font":"","enabled":false},"version":2}},"categories":[3],"tags":[],"class_list":["post-93112","post","type-post","status-publish","format-standard","has-post-thumbnail","hentry","category-politica"],"acf":[],"jetpack_publicize_connections":[],"jetpack_featured_media_url":"https:\/\/i0.wp.com\/blogdoeloiltoncajuhy.com.br\/site\/wp-content\/uploads\/2025\/06\/Sao-Joao_Festas-Juninas_Foto-Divulgacao.jpg?fit=800%2C533&ssl=1","jetpack_sharing_enabled":true,"publishpress_future_workflow_manual_trigger":{"enabledWorkflows":[]},"_links":{"self":[{"href":"https:\/\/blogdoeloiltoncajuhy.com.br\/site\/wp-json\/wp\/v2\/posts\/93112","targetHints":{"allow":["GET"]}}],"collection":[{"href":"https:\/\/blogdoeloiltoncajuhy.com.br\/site\/wp-json\/wp\/v2\/posts"}],"about":[{"href":"https:\/\/blogdoeloiltoncajuhy.com.br\/site\/wp-json\/wp\/v2\/types\/post"}],"author":[{"embeddable":true,"href":"https:\/\/blogdoeloiltoncajuhy.com.br\/site\/wp-json\/wp\/v2\/users\/2"}],"replies":[{"embeddable":true,"href":"https:\/\/blogdoeloiltoncajuhy.com.br\/site\/wp-json\/wp\/v2\/comments?post=93112"}],"version-history":[{"count":1,"href":"https:\/\/blogdoeloiltoncajuhy.com.br\/site\/wp-json\/wp\/v2\/posts\/93112\/revisions"}],"predecessor-version":[{"id":93113,"href":"https:\/\/blogdoeloiltoncajuhy.com.br\/site\/wp-json\/wp\/v2\/posts\/93112\/revisions\/93113"}],"wp:featuredmedia":[{"embeddable":true,"href":"https:\/\/blogdoeloiltoncajuhy.com.br\/site\/wp-json\/wp\/v2\/media\/88419"}],"wp:attachment":[{"href":"https:\/\/blogdoeloiltoncajuhy.com.br\/site\/wp-json\/wp\/v2\/media?parent=93112"}],"wp:term":[{"taxonomy":"category","embeddable":true,"href":"https:\/\/blogdoeloiltoncajuhy.com.br\/site\/wp-json\/wp\/v2\/categories?post=93112"},{"taxonomy":"post_tag","embeddable":true,"href":"https:\/\/blogdoeloiltoncajuhy.com.br\/site\/wp-json\/wp\/v2\/tags?post=93112"}],"curies":[{"name":"wp","href":"https:\/\/api.w.org\/{rel}","templated":true}]}}