{"id":93110,"date":"2026-01-22T15:28:43","date_gmt":"2026-01-22T18:28:43","guid":{"rendered":"https:\/\/blogdoeloiltoncajuhy.com.br\/site\/?p=93110"},"modified":"2026-01-22T15:28:44","modified_gmt":"2026-01-22T18:28:44","slug":"numero-de-nikolas-aparece-em-investigacao-do-inss-ligada-ao-banco-master","status":"publish","type":"post","link":"https:\/\/blogdoeloiltoncajuhy.com.br\/site\/numero-de-nikolas-aparece-em-investigacao-do-inss-ligada-ao-banco-master\/","title":{"rendered":"N\u00famero de Nikolas aparece em investiga\u00e7\u00e3o do INSS ligada ao Banco Master"},"content":{"rendered":"\n<p class=\"has-medium-font-size\"><strong>Documentos da CPMI mostram que telefone do deputado consta em contatos do WhatsApp Business de Daniel Vorcaro. Relat\u00f3rio aponta v\u00ednculo unilateral, sem ind\u00edcios de troca de mensagens.<\/strong><\/p>\n\n\n\n<p><strong>Por Correio Braziliense<\/strong><\/p>\n\n\n\n<p><strong><a href=\"https:\/\/whatsapp.com\/channel\/0029VaAT7tDLI8Yfj5y9Z50Z\" target=\"_blank\" rel=\"noreferrer noopener\"><mark style=\"background-color:rgba(0, 0, 0, 0)\" class=\"has-inline-color has-luminous-vivid-orange-color\">>> Siga o canal do BEC no WhatsApp<\/mark><\/a><\/strong><\/p>\n\n\n\n<figure class=\"wp-block-image aligncenter size-full\"><a href=\"https:\/\/i0.wp.com\/blogdoeloiltoncajuhy.com.br\/site\/wp-content\/uploads\/2025\/09\/Nikolas-Ferreira-votou-a-favor-da-PEC-da-Blindagem-Foto-Kayo-Magalhaes-Camara-dos-Deputados.png\"><img data-recalc-dims=\"1\" fetchpriority=\"high\" decoding=\"async\" width=\"760\" height=\"428\" src=\"https:\/\/i0.wp.com\/blogdoeloiltoncajuhy.com.br\/site\/wp-content\/uploads\/2025\/09\/Nikolas-Ferreira-votou-a-favor-da-PEC-da-Blindagem-Foto-Kayo-Magalhaes-Camara-dos-Deputados.png?resize=760%2C428\" alt=\"\" class=\"wp-image-90185\" srcset=\"https:\/\/i0.wp.com\/blogdoeloiltoncajuhy.com.br\/site\/wp-content\/uploads\/2025\/09\/Nikolas-Ferreira-votou-a-favor-da-PEC-da-Blindagem-Foto-Kayo-Magalhaes-Camara-dos-Deputados.png?w=760&amp;ssl=1 760w, https:\/\/i0.wp.com\/blogdoeloiltoncajuhy.com.br\/site\/wp-content\/uploads\/2025\/09\/Nikolas-Ferreira-votou-a-favor-da-PEC-da-Blindagem-Foto-Kayo-Magalhaes-Camara-dos-Deputados.png?resize=300%2C169&amp;ssl=1 300w\" sizes=\"(max-width: 760px) 100vw, 760px\" \/><\/a><figcaption class=\"wp-element-caption\"><sub>Foto: Kayo Magalh\u00e3es\/C\u00e2mara dos Deputados<\/sub><\/figcaption><\/figure>\n\n\n\n<p>Documentos das investiga\u00e7\u00f5es da Comiss\u00e3o Parlamentar Mista de Inqu\u00e9rito (CPMI) do INSS mostram que o telefone do deputado federal Nikolas Ferreira (PL-MG) aparece em registros associados ao WhatsApp Business do empres\u00e1rio Daniel Vorcaro, um dos investigados no esquema de descontos indevidos aplicados a aposentados e pensionistas.<\/p>\n\n\n\n<p>As informa\u00e7\u00f5es, obtidas pelo <strong>ICL Not\u00edcias<\/strong>, fazem parte de relat\u00f3rios t\u00e9cnicos elaborados ap\u00f3s a quebra de sigilo telem\u00e1tico autorizada pela CPMI, que apura poss\u00edveis redes de relacionamento pol\u00edtico, empresarial e institucional ligadas ao caso. Em um arquivo identificado como \u201cWhatsApp Business Record\u201d, que re\u00fane contatos vinculados a uma conta utilizada por Vorcaro, aparece um n\u00famero com final 0022, atribu\u00eddo ao parlamentar mineiro.<\/p>\n\n\n\n<p>Segundo os pr\u00f3prios documentos, o v\u00ednculo identificado \u00e9 unilateral. O registro indica apenas que Daniel Vorcaro tinha o n\u00famero de Nikolas Ferreira salvo ou associado \u00e0 sua conta de WhatsApp no momento da extra\u00e7\u00e3o dos dados, sem qualquer comprova\u00e7\u00e3o de troca de mensagens, liga\u00e7\u00f5es, encontros ou rela\u00e7\u00f5es comerciais entre as partes.<\/p>\n\n\n\n<p>A suspeita envolve a Igreja Batista da Lagoinha, da qual Nikolas \u00e9 publicamente membro e frequentador. Deputados acionaram o Banco Central para cobrar esclarecimentos sobre a atua\u00e7\u00e3o da Clava Forte Bank S\/A, empresa ligada \u00e0 institui\u00e7\u00e3o religiosa. No requerimento, os parlamentares questionam se a empresa possui autoriza\u00e7\u00e3o para operar como institui\u00e7\u00e3o financeira ou fintech e se mant\u00e9m v\u00ednculos com o Banco Master ou com pessoas associadas ao empres\u00e1rio Daniel Vorcaro.<\/p>\n\n\n\n<p>Paralelamente, as investiga\u00e7\u00f5es da CPMI do INSS avan\u00e7am para identificar igrejas e l\u00edderes religiosos que podem ter se beneficiado do esquema de fraudes envolvendo descontos indevidos aplicados a aposentados e pensionistas.<\/p>\n\n\n\n<p>A presen\u00e7a do contato chama a aten\u00e7\u00e3o dos investigadores por ocorrer em um contexto mais amplo de apura\u00e7\u00e3o sobre articula\u00e7\u00f5es que possam ter dado sustenta\u00e7\u00e3o ao esquema de descontos irregulares no INSS. O objetivo da CPMI, segundo os relat\u00f3rios, \u00e9 reconstruir fluxos de comunica\u00e7\u00e3o e mapear redes de influ\u00eancia entre pessoas f\u00edsicas, empresas e institui\u00e7\u00f5es citadas no inqu\u00e9rito.<\/p>\n\n\n\n<p>Daniel Vorcaro, dono do Banco Master, \u00e9 um dos empres\u00e1rios que tiveram comunica\u00e7\u00f5es submetidas \u00e0 quebra de sigilo no curso das investiga\u00e7\u00f5es. O material analisado refere-se a apenas uma das linhas telef\u00f4nicas vinculadas a ele, que possui m\u00faltiplos n\u00fameros e contas de WhatsApp associados \u00e0s suas atividades empresariais.<\/p>\n\n\n\n<p class=\"has-black-color has-text-color has-link-color has-medium-font-size wp-elements-aec11efda2449caee8ba8310ec61a5fc\"><strong>Resposta<\/strong><\/p>\n\n\n\n<p>O deputado Nikolas Ferreira se manifestou sobre o assunto durante entrevista \u00e0 R\u00e1dio Itatiaia, enquanto participava de uma caminhada do movimento Acorda Brasil. Em tom de cr\u00edtica, o parlamentar afirmou que a simples presen\u00e7a de seu n\u00famero nos contatos de um investigado n\u00e3o o vincula a qualquer irregularidade.<\/p>\n\n\n\n<p>Leia tamb\u00e9m: Banco Central decreta liquida\u00e7\u00e3o da Will Financeira, do Master<br>\u201cEncontraram meu n\u00famero nos contatos do Daniel Vorcaro e pronto, agora eu virei criminoso?\u201d, questionou. O deputado disse ainda que nunca manteve contratos, rela\u00e7\u00f5es empresariais ou qualquer tipo de neg\u00f3cio com o empres\u00e1rio e desafiou os investigadores a quebrarem seus sigilos banc\u00e1rio e telef\u00f4nico. \u201cPodem virar minha vida de cabe\u00e7a para baixo, n\u00e3o v\u00e3o encontrar absolutamente nada\u201d, declarou.<\/p>\n\n\n\n<p>Nikolas tamb\u00e9m afirmou que defende puni\u00e7\u00e3o para qualquer pessoa comprovadamente envolvida em crimes, independentemente de posi\u00e7\u00e3o social ou pol\u00edtica. \u201cSe tiver pastor, empres\u00e1rio ou pol\u00edtico envolvido e condenado, cadeia\u201d, disse, ao classificar as suspeitas como tentativas de associa\u00e7\u00e3o indevida ao esc\u00e2ndalo.<\/p>\n","protected":false},"excerpt":{"rendered":"<p>Documentos da CPMI mostram que telefone do deputado consta em contatos do WhatsApp Business de Daniel Vorcaro. Relat\u00f3rio aponta v\u00ednculo unilateral, sem ind\u00edcios de troca de mensagens. Por Correio Braziliense >> Siga o canal do BEC no WhatsApp Documentos das investiga\u00e7\u00f5es da Comiss\u00e3o Parlamentar Mista de Inqu\u00e9rito (CPMI) do INSS mostram que o telefone do [&hellip;]<\/p>\n","protected":false},"author":2,"featured_media":90185,"comment_status":"open","ping_status":"open","sticky":false,"template":"","format":"standard","meta":{"_acf_changed":false,"_monsterinsights_skip_tracking":false,"_monsterinsights_sitenote_active":false,"_monsterinsights_sitenote_note":"","_monsterinsights_sitenote_category":0,"_jetpack_memberships_contains_paid_content":false,"footnotes":"","jetpack_publicize_message":"","jetpack_publicize_feature_enabled":true,"jetpack_social_post_already_shared":true,"jetpack_social_options":{"image_generator_settings":{"template":"highway","default_image_id":0,"font":"","enabled":false},"version":2}},"categories":[3],"tags":[],"class_list":["post-93110","post","type-post","status-publish","format-standard","has-post-thumbnail","hentry","category-politica"],"acf":[],"jetpack_publicize_connections":[],"jetpack_featured_media_url":"https:\/\/i0.wp.com\/blogdoeloiltoncajuhy.com.br\/site\/wp-content\/uploads\/2025\/09\/Nikolas-Ferreira-votou-a-favor-da-PEC-da-Blindagem-Foto-Kayo-Magalhaes-Camara-dos-Deputados.png?fit=760%2C428&ssl=1","jetpack_sharing_enabled":true,"publishpress_future_workflow_manual_trigger":{"enabledWorkflows":[]},"_links":{"self":[{"href":"https:\/\/blogdoeloiltoncajuhy.com.br\/site\/wp-json\/wp\/v2\/posts\/93110","targetHints":{"allow":["GET"]}}],"collection":[{"href":"https:\/\/blogdoeloiltoncajuhy.com.br\/site\/wp-json\/wp\/v2\/posts"}],"about":[{"href":"https:\/\/blogdoeloiltoncajuhy.com.br\/site\/wp-json\/wp\/v2\/types\/post"}],"author":[{"embeddable":true,"href":"https:\/\/blogdoeloiltoncajuhy.com.br\/site\/wp-json\/wp\/v2\/users\/2"}],"replies":[{"embeddable":true,"href":"https:\/\/blogdoeloiltoncajuhy.com.br\/site\/wp-json\/wp\/v2\/comments?post=93110"}],"version-history":[{"count":1,"href":"https:\/\/blogdoeloiltoncajuhy.com.br\/site\/wp-json\/wp\/v2\/posts\/93110\/revisions"}],"predecessor-version":[{"id":93111,"href":"https:\/\/blogdoeloiltoncajuhy.com.br\/site\/wp-json\/wp\/v2\/posts\/93110\/revisions\/93111"}],"wp:featuredmedia":[{"embeddable":true,"href":"https:\/\/blogdoeloiltoncajuhy.com.br\/site\/wp-json\/wp\/v2\/media\/90185"}],"wp:attachment":[{"href":"https:\/\/blogdoeloiltoncajuhy.com.br\/site\/wp-json\/wp\/v2\/media?parent=93110"}],"wp:term":[{"taxonomy":"category","embeddable":true,"href":"https:\/\/blogdoeloiltoncajuhy.com.br\/site\/wp-json\/wp\/v2\/categories?post=93110"},{"taxonomy":"post_tag","embeddable":true,"href":"https:\/\/blogdoeloiltoncajuhy.com.br\/site\/wp-json\/wp\/v2\/tags?post=93110"}],"curies":[{"name":"wp","href":"https:\/\/api.w.org\/{rel}","templated":true}]}}