{"id":93108,"date":"2026-01-22T14:41:48","date_gmt":"2026-01-22T17:41:48","guid":{"rendered":"https:\/\/blogdoeloiltoncajuhy.com.br\/site\/?p=93108"},"modified":"2026-01-22T14:41:49","modified_gmt":"2026-01-22T17:41:49","slug":"inss-cria-coordenacao-para-multar-cartorios-que-omitirem-obitos-e-nascimentos-multas-somam-r-14-bilhoes","status":"publish","type":"post","link":"https:\/\/blogdoeloiltoncajuhy.com.br\/site\/inss-cria-coordenacao-para-multar-cartorios-que-omitirem-obitos-e-nascimentos-multas-somam-r-14-bilhoes\/","title":{"rendered":"INSS cria coordena\u00e7\u00e3o para multar cart\u00f3rios que omitirem \u00f3bitos e nascimentos; multas somam R$ 14 bilh\u00f5es"},"content":{"rendered":"\n<p class=\"has-medium-font-size\"><strong>Medida atende determina\u00e7\u00e3o do Tribunal de Contas da Uni\u00e3o (TCU) e refor\u00e7a controle da atualiza\u00e7\u00e3o de dados previdenci\u00e1rios.<\/strong><\/p>\n\n\n\n<p><strong>Por Brasil 61<\/strong><\/p>\n\n\n\n<p><strong><a href=\"https:\/\/whatsapp.com\/channel\/0029VaAT7tDLI8Yfj5y9Z50Z\" target=\"_blank\" rel=\"noreferrer noopener\"><mark style=\"background-color:rgba(0, 0, 0, 0)\" class=\"has-inline-color has-luminous-vivid-orange-color\">>> Siga o canal do BEC no WhatsApp<\/mark><\/a><\/strong><\/p>\n\n\n\n<figure class=\"wp-block-image aligncenter size-large\"><a href=\"https:\/\/i0.wp.com\/blogdoeloiltoncajuhy.com.br\/site\/wp-content\/uploads\/2020\/10\/INSS-2020.jpg\"><img data-recalc-dims=\"1\" fetchpriority=\"high\" decoding=\"async\" width=\"800\" height=\"479\" src=\"https:\/\/i0.wp.com\/blogdoeloiltoncajuhy.com.br\/site\/wp-content\/uploads\/2020\/10\/INSS-2020.jpg?resize=800%2C479\" alt=\"\" class=\"wp-image-50374\" srcset=\"https:\/\/i0.wp.com\/blogdoeloiltoncajuhy.com.br\/site\/wp-content\/uploads\/2020\/10\/INSS-2020.jpg?resize=1024%2C613&amp;ssl=1 1024w, https:\/\/i0.wp.com\/blogdoeloiltoncajuhy.com.br\/site\/wp-content\/uploads\/2020\/10\/INSS-2020.jpg?resize=300%2C179&amp;ssl=1 300w, https:\/\/i0.wp.com\/blogdoeloiltoncajuhy.com.br\/site\/wp-content\/uploads\/2020\/10\/INSS-2020.jpg?resize=768%2C459&amp;ssl=1 768w, https:\/\/i0.wp.com\/blogdoeloiltoncajuhy.com.br\/site\/wp-content\/uploads\/2020\/10\/INSS-2020.jpg?w=1170&amp;ssl=1 1170w\" sizes=\"(max-width: 800px) 100vw, 800px\" \/><\/a><figcaption class=\"wp-element-caption\"><sub>Instituto Nacional do Seguro Social (INSS) &#8211; Foto: Divulga\u00e7\u00e3o<\/sub><\/figcaption><\/figure>\n\n\n\n<p>O Instituto Nacional do Seguro Social (INSS)&nbsp;criou uma coordena\u00e7\u00e3o espec\u00edfica para fiscalizar e aplicar multas administrativas a cart\u00f3rios que omitirem registros civis de \u00f3bitos e nascimentos, bem como casamentos, averba\u00e7\u00f5es e retifica\u00e7\u00f5es. A medida pode arrecadar at\u00e9 R$ 14 bilh\u00f5es.&nbsp;A iniciativa \u00e9 in\u00e9dita e atende a uma determina\u00e7\u00e3o do Tribunal de Contas da Uni\u00e3o (TCU).&nbsp;<\/p>\n\n\n\n<p>A justificativa \u00e9 de que a falta de informa\u00e7\u00f5es dos registros civis impacta diretamente a Previd\u00eancia Social, podendo ocasionar o pagamento indevido de benef\u00edcios.<\/p>\n\n\n\n<p>Conforme o Instituto, a implementa\u00e7\u00e3o da novidade tamb\u00e9m fortalece a atua\u00e7\u00e3o do \u00f3rg\u00e3o no controle sobre a atualiza\u00e7\u00e3o de dados previdenci\u00e1rios.&nbsp;<\/p>\n\n\n\n<p>Com a cria\u00e7\u00e3o da nova coordena\u00e7\u00e3o, o INSS passa a estruturar a cobran\u00e7a das multas administrativas. Os valores variam de R$ 636,17 a R$ 3.180,85 por infra\u00e7\u00e3o.<\/p>\n\n\n\n<p>Pela legisla\u00e7\u00e3o vigente, os cart\u00f3rios de Registro Civil de Pessoas Naturais s\u00e3o obrigados a comunicar ao INSS, por meio do Sistema Nacional de Informa\u00e7\u00f5es de Registro Civil (Sirc), dentro dos prazos estabelecidos, todos os nascimentos, \u00f3bitos, casamentos, averba\u00e7\u00f5es e retifica\u00e7\u00f5es. As informa\u00e7\u00f5es&nbsp;s\u00e3o relevantes para manter a base de dados atualizada e prevenir a concess\u00e3o irregular de benef\u00edcios<\/p>\n\n\n\n<p class=\"has-black-color has-text-color has-link-color has-medium-font-size wp-elements-e10fff350b8919caad9c6e4da7124462\"><strong>Balan\u00e7o de autos de infra\u00e7\u00e3o contra cart\u00f3rios<\/strong><\/p>\n\n\n\n<p>Em nota, o INSS informou que apenas nos \u00faltimos cinco anos foram lavrados cerca de 4,4 milh\u00f5es de autos de infra\u00e7\u00e3o contra cart\u00f3rios de todo o pa\u00eds pelo descumprimento da obriga\u00e7\u00e3o legal.\u00a0<\/p>\n\n\n\n<p>Conforme o Instituto, at\u00e9 ent\u00e3o as penalidades previstas n\u00e3o estavam sendo efetivamente cobradas.<\/p>\n","protected":false},"excerpt":{"rendered":"<p>Medida atende determina\u00e7\u00e3o do Tribunal de Contas da Uni\u00e3o (TCU) e refor\u00e7a controle da atualiza\u00e7\u00e3o de dados previdenci\u00e1rios. Por Brasil 61 >> Siga o canal do BEC no WhatsApp O Instituto Nacional do Seguro Social (INSS)&nbsp;criou uma coordena\u00e7\u00e3o espec\u00edfica para fiscalizar e aplicar multas administrativas a cart\u00f3rios que omitirem registros civis de \u00f3bitos e nascimentos, [&hellip;]<\/p>\n","protected":false},"author":2,"featured_media":87486,"comment_status":"open","ping_status":"open","sticky":false,"template":"","format":"standard","meta":{"_acf_changed":false,"_monsterinsights_skip_tracking":false,"_monsterinsights_sitenote_active":false,"_monsterinsights_sitenote_note":"","_monsterinsights_sitenote_category":0,"_jetpack_memberships_contains_paid_content":false,"footnotes":"","jetpack_publicize_message":"","jetpack_publicize_feature_enabled":true,"jetpack_social_post_already_shared":true,"jetpack_social_options":{"image_generator_settings":{"template":"highway","default_image_id":0,"font":"","enabled":false},"version":2}},"categories":[1],"tags":[],"class_list":["post-93108","post","type-post","status-publish","format-standard","has-post-thumbnail","hentry","category-noticias"],"acf":[],"jetpack_publicize_connections":[],"jetpack_featured_media_url":"https:\/\/i0.wp.com\/blogdoeloiltoncajuhy.com.br\/site\/wp-content\/uploads\/2025\/05\/Previdencia-INSS-Foto-Rafa-Neddermeyer-Agencia-Brasil.jpeg?fit=760%2C455&ssl=1","jetpack_sharing_enabled":true,"publishpress_future_workflow_manual_trigger":{"enabledWorkflows":[]},"_links":{"self":[{"href":"https:\/\/blogdoeloiltoncajuhy.com.br\/site\/wp-json\/wp\/v2\/posts\/93108","targetHints":{"allow":["GET"]}}],"collection":[{"href":"https:\/\/blogdoeloiltoncajuhy.com.br\/site\/wp-json\/wp\/v2\/posts"}],"about":[{"href":"https:\/\/blogdoeloiltoncajuhy.com.br\/site\/wp-json\/wp\/v2\/types\/post"}],"author":[{"embeddable":true,"href":"https:\/\/blogdoeloiltoncajuhy.com.br\/site\/wp-json\/wp\/v2\/users\/2"}],"replies":[{"embeddable":true,"href":"https:\/\/blogdoeloiltoncajuhy.com.br\/site\/wp-json\/wp\/v2\/comments?post=93108"}],"version-history":[{"count":1,"href":"https:\/\/blogdoeloiltoncajuhy.com.br\/site\/wp-json\/wp\/v2\/posts\/93108\/revisions"}],"predecessor-version":[{"id":93109,"href":"https:\/\/blogdoeloiltoncajuhy.com.br\/site\/wp-json\/wp\/v2\/posts\/93108\/revisions\/93109"}],"wp:featuredmedia":[{"embeddable":true,"href":"https:\/\/blogdoeloiltoncajuhy.com.br\/site\/wp-json\/wp\/v2\/media\/87486"}],"wp:attachment":[{"href":"https:\/\/blogdoeloiltoncajuhy.com.br\/site\/wp-json\/wp\/v2\/media?parent=93108"}],"wp:term":[{"taxonomy":"category","embeddable":true,"href":"https:\/\/blogdoeloiltoncajuhy.com.br\/site\/wp-json\/wp\/v2\/categories?post=93108"},{"taxonomy":"post_tag","embeddable":true,"href":"https:\/\/blogdoeloiltoncajuhy.com.br\/site\/wp-json\/wp\/v2\/tags?post=93108"}],"curies":[{"name":"wp","href":"https:\/\/api.w.org\/{rel}","templated":true}]}}