{"id":93103,"date":"2026-01-22T09:00:47","date_gmt":"2026-01-22T12:00:47","guid":{"rendered":"https:\/\/blogdoeloiltoncajuhy.com.br\/site\/?p=93103"},"modified":"2026-01-22T09:00:48","modified_gmt":"2026-01-22T12:00:48","slug":"tj-ba-afasta-dois-funcionarios-por-suspeita-de-utilizacao-de-contrato-publico-para-reforma-de-academia-privada-em-salvador","status":"publish","type":"post","link":"https:\/\/blogdoeloiltoncajuhy.com.br\/site\/tj-ba-afasta-dois-funcionarios-por-suspeita-de-utilizacao-de-contrato-publico-para-reforma-de-academia-privada-em-salvador\/","title":{"rendered":"TJ-BA afasta dois funcion\u00e1rios por suspeita de utiliza\u00e7\u00e3o de contrato p\u00fablico para reforma de academia privada em Salvador"},"content":{"rendered":"\n<p class=\"has-medium-font-size\"><strong>Sindic\u00e2ncia foi publicada do Di\u00e1rio Oficial da Corte e prev\u00ea um afastamento de 60 dias para os funcion\u00e1rios investigados.<\/strong><\/p>\n\n\n\n<p><strong>Por g1 BA e TV Bahia<\/strong><\/p>\n\n\n\n<p><strong><a href=\"https:\/\/whatsapp.com\/channel\/0029VaAT7tDLI8Yfj5y9Z50Z\" target=\"_blank\" rel=\"noreferrer noopener\"><mark style=\"background-color:rgba(0, 0, 0, 0)\" class=\"has-inline-color has-luminous-vivid-orange-color\">>> Siga o canal do BEC no WhatsApp<\/mark><\/a><\/strong><\/p>\n\n\n\n<figure class=\"wp-block-image aligncenter size-full\"><a href=\"https:\/\/i0.wp.com\/blogdoeloiltoncajuhy.com.br\/site\/wp-content\/uploads\/2023\/04\/Sede-do-TJ-BA-%E2%80%94-Foto-Alan-Oliveira-G1.webp\"><img data-recalc-dims=\"1\" fetchpriority=\"high\" decoding=\"async\" width=\"800\" height=\"600\" src=\"https:\/\/i0.wp.com\/blogdoeloiltoncajuhy.com.br\/site\/wp-content\/uploads\/2023\/04\/Sede-do-TJ-BA-%E2%80%94-Foto-Alan-Oliveira-G1.webp?resize=800%2C600\" alt=\"\" class=\"wp-image-73510\" srcset=\"https:\/\/i0.wp.com\/blogdoeloiltoncajuhy.com.br\/site\/wp-content\/uploads\/2023\/04\/Sede-do-TJ-BA-%E2%80%94-Foto-Alan-Oliveira-G1.webp?w=984&amp;ssl=1 984w, https:\/\/i0.wp.com\/blogdoeloiltoncajuhy.com.br\/site\/wp-content\/uploads\/2023\/04\/Sede-do-TJ-BA-%E2%80%94-Foto-Alan-Oliveira-G1.webp?resize=300%2C225&amp;ssl=1 300w, https:\/\/i0.wp.com\/blogdoeloiltoncajuhy.com.br\/site\/wp-content\/uploads\/2023\/04\/Sede-do-TJ-BA-%E2%80%94-Foto-Alan-Oliveira-G1.webp?resize=768%2C576&amp;ssl=1 768w\" sizes=\"(max-width: 800px) 100vw, 800px\" \/><\/a><figcaption class=\"wp-element-caption\"><sub>Foto: Alan Oliveira\/g1<\/sub><\/figcaption><\/figure>\n\n\n\n<p>O Tribunal de Justi\u00e7a da Bahia (TJ-BA) afastou dois servidores e determinou a abertura de uma sindic\u00e2ncia para apurar suspeitas de irregularidades cometidas por eles. Entre as situa\u00e7\u00f5es investigadas pelo \u00f3rg\u00e3o est\u00e1 o uso de servi\u00e7os aprovados pelo poder p\u00fablico para obras em uma academia privada em um pr\u00e9dio de Salvador.<\/p>\n\n\n\n<p>A sindic\u00e2ncia foi publicada no Di\u00e1rio Oficial do TJ, na ter\u00e7a-feira (20). Segundo o texto, os servidores afastados s\u00e3o <strong><mark style=\"background-color:rgba(0, 0, 0, 0)\" class=\"has-inline-color has-black-color\">Pablo Martins de Castro<\/mark><\/strong>, que \u00e9 coordenador de Distribui\u00e7\u00e3o (Codis), e <strong><mark style=\"background-color:rgba(0, 0, 0, 0)\" class=\"has-inline-color has-black-color\">Allan Rosa Moreno<\/mark><\/strong>, que ocupa o cargo de coordenador de Manuten\u00e7\u00e3o Predial (Coman).<\/p>\n\n\n\n<p>Os dois foram afastados por 60 dias das fun\u00e7\u00f5es desempenhadas. A decis\u00e3o tem o objetivo de assegurar a regularidade do processo, mas n\u00e3o causar\u00e1 preju\u00edzo aos funcion\u00e1rios, que seguir\u00e3o recebendo os sal\u00e1rios.<\/p>\n\n\n\n<p>A dupla \u00e9 investigada por beneficiamento e acobertamento do uso indevido de contratos de presta\u00e7\u00e3o de servi\u00e7os de m\u00e3o de obra aprovados pelo TJ-BA. O texto da sindic\u00e2ncia aponta as seguintes pr\u00e1ticas indevidas:<\/p>\n\n\n\n<ul class=\"wp-block-list\">\n<li>uso de servi\u00e7os contratados pelo poder p\u00fablico para reformar uma academia privada, onde Allan Moreno j\u00e1 atuou como s\u00f3cio e gerente t\u00e9cnico;<\/li>\n\n\n\n<li>ass\u00e9dio contra servidores e funcion\u00e1rios terceirizados, atribu\u00edda a Pablo Martins;<\/li>\n\n\n\n<li>desvio de indeniza\u00e7\u00f5es relativas a di\u00e1rias de viagens de servidores e\/ou funcion\u00e1rios terceirizados, ligada a Allan Moreno;<\/li>\n\n\n\n<li>substitui\u00e7\u00e3o simulada de postos de trabalho, com pagamentos indevidos \u00e0 empresa contratada \u2014 conduta atribu\u00edda a Pablo Martins.<\/li>\n<\/ul>\n\n\n\n<p><\/p>\n\n\n\n<p>Conforme informa\u00e7\u00f5es apuradas pela <strong>TV Bahia<\/strong>, os funcion\u00e1rios terceirizados \u2014 que trabalhavam em obras do judici\u00e1rio \u2014 eram orientados a n\u00e3o bater o ponto eletr\u00f4nico corretamente quando eram deslocados para a obra na academia privada.<\/p>\n\n\n\n<p>A sindic\u00e2ncia detalha que Pablo Martins seria o respons\u00e1vel por determinar a realiza\u00e7\u00e3o das condutas indevidas. J\u00e1 Allan Moreno teria sido avisado, mas n\u00e3o agiu para coibir as a\u00e7\u00f5es.<\/p>\n\n\n\n<p>Em nota, a defesa de Pablo Martins negou todas as acusa\u00e7\u00f5es e disse que as informa\u00e7\u00f5es divulgadas n\u00e3o correspondem aos fatos.<\/p>\n\n\n\n<p>&#8220;Todos os esclarecimentos ser\u00e3o apresentados no \u00e2mbito do devido processo legal, no qual a defesa confia plenamente, ressalvado o princ\u00edpio constitucional do contradit\u00f3rio e da ampla defesa, pelo qual ningu\u00e9m pode ser julgado sem o seu pleno exerc\u00edcio&#8221;, afirma.<\/p>\n\n\n\n<p>O <strong>g1<\/strong> n\u00e3o conseguiu localizar a defesa de Allan Moreno at\u00e9 a \u00faltima atualiza\u00e7\u00e3o desta reportagem.<\/p>\n","protected":false},"excerpt":{"rendered":"<p>Sindic\u00e2ncia foi publicada do Di\u00e1rio Oficial da Corte e prev\u00ea um afastamento de 60 dias para os funcion\u00e1rios investigados. Por g1 BA e TV Bahia >> Siga o canal do BEC no WhatsApp O Tribunal de Justi\u00e7a da Bahia (TJ-BA) afastou dois servidores e determinou a abertura de uma sindic\u00e2ncia para apurar suspeitas de irregularidades [&hellip;]<\/p>\n","protected":false},"author":2,"featured_media":73510,"comment_status":"open","ping_status":"open","sticky":false,"template":"","format":"standard","meta":{"_acf_changed":false,"_monsterinsights_skip_tracking":false,"_monsterinsights_sitenote_active":false,"_monsterinsights_sitenote_note":"","_monsterinsights_sitenote_category":0,"_jetpack_memberships_contains_paid_content":false,"footnotes":"","jetpack_publicize_message":"","jetpack_publicize_feature_enabled":true,"jetpack_social_post_already_shared":true,"jetpack_social_options":{"image_generator_settings":{"template":"highway","default_image_id":0,"font":"","enabled":false},"version":2}},"categories":[1],"tags":[],"class_list":["post-93103","post","type-post","status-publish","format-standard","has-post-thumbnail","hentry","category-noticias"],"acf":[],"jetpack_publicize_connections":[],"jetpack_featured_media_url":"https:\/\/i0.wp.com\/blogdoeloiltoncajuhy.com.br\/site\/wp-content\/uploads\/2023\/04\/Sede-do-TJ-BA-%E2%80%94-Foto-Alan-Oliveira-G1.webp?fit=984%2C738&ssl=1","jetpack_sharing_enabled":true,"publishpress_future_workflow_manual_trigger":{"enabledWorkflows":[]},"_links":{"self":[{"href":"https:\/\/blogdoeloiltoncajuhy.com.br\/site\/wp-json\/wp\/v2\/posts\/93103","targetHints":{"allow":["GET"]}}],"collection":[{"href":"https:\/\/blogdoeloiltoncajuhy.com.br\/site\/wp-json\/wp\/v2\/posts"}],"about":[{"href":"https:\/\/blogdoeloiltoncajuhy.com.br\/site\/wp-json\/wp\/v2\/types\/post"}],"author":[{"embeddable":true,"href":"https:\/\/blogdoeloiltoncajuhy.com.br\/site\/wp-json\/wp\/v2\/users\/2"}],"replies":[{"embeddable":true,"href":"https:\/\/blogdoeloiltoncajuhy.com.br\/site\/wp-json\/wp\/v2\/comments?post=93103"}],"version-history":[{"count":1,"href":"https:\/\/blogdoeloiltoncajuhy.com.br\/site\/wp-json\/wp\/v2\/posts\/93103\/revisions"}],"predecessor-version":[{"id":93104,"href":"https:\/\/blogdoeloiltoncajuhy.com.br\/site\/wp-json\/wp\/v2\/posts\/93103\/revisions\/93104"}],"wp:featuredmedia":[{"embeddable":true,"href":"https:\/\/blogdoeloiltoncajuhy.com.br\/site\/wp-json\/wp\/v2\/media\/73510"}],"wp:attachment":[{"href":"https:\/\/blogdoeloiltoncajuhy.com.br\/site\/wp-json\/wp\/v2\/media?parent=93103"}],"wp:term":[{"taxonomy":"category","embeddable":true,"href":"https:\/\/blogdoeloiltoncajuhy.com.br\/site\/wp-json\/wp\/v2\/categories?post=93103"},{"taxonomy":"post_tag","embeddable":true,"href":"https:\/\/blogdoeloiltoncajuhy.com.br\/site\/wp-json\/wp\/v2\/tags?post=93103"}],"curies":[{"name":"wp","href":"https:\/\/api.w.org\/{rel}","templated":true}]}}