{"id":93099,"date":"2026-01-22T08:34:16","date_gmt":"2026-01-22T11:34:16","guid":{"rendered":"https:\/\/blogdoeloiltoncajuhy.com.br\/site\/?p=93099"},"modified":"2026-01-22T08:34:17","modified_gmt":"2026-01-22T11:34:17","slug":"investigacao-sergio-nahas-e-preso-em-praia-do-forte-quase-24-anos-apos-assassinar-esposa-em-sao-paulo","status":"publish","type":"post","link":"https:\/\/blogdoeloiltoncajuhy.com.br\/site\/investigacao-sergio-nahas-e-preso-em-praia-do-forte-quase-24-anos-apos-assassinar-esposa-em-sao-paulo\/","title":{"rendered":"Investiga\u00e7\u00e3o: S\u00e9rgio Nahas \u00e9 preso em Praia do Forte quase 24 anos ap\u00f3s assassinar esposa em S\u00e3o Paulo"},"content":{"rendered":"\n<p class=\"has-medium-font-size\"><strong>Empres\u00e1rio foi filmado por c\u00e2mera de reconhecimento facial em destino tur\u00edstico na Bahia. Ele tinha mandado de pris\u00e3o expedido pela Justi\u00e7a.<\/strong><\/p>\n\n\n\n<p><strong>Por g1 BA e TV Bahia<\/strong><\/p>\n\n\n\n<p><strong><a href=\"https:\/\/whatsapp.com\/channel\/0029VaAT7tDLI8Yfj5y9Z50Z\" target=\"_blank\" rel=\"noreferrer noopener\"><mark style=\"background-color:rgba(0, 0, 0, 0)\" class=\"has-inline-color has-luminous-vivid-orange-color\">>> Siga o canal do BEC no WhatsApp<\/mark><\/a><\/strong><\/p>\n\n\n\n<figure class=\"wp-block-image aligncenter size-full\"><a href=\"https:\/\/i0.wp.com\/blogdoeloiltoncajuhy.com.br\/site\/wp-content\/uploads\/2026\/01\/Sergio-Nahas-%E2%80%94-Foto-Policia-Militar.png?ssl=1\"><img data-recalc-dims=\"1\" fetchpriority=\"high\" decoding=\"async\" width=\"448\" height=\"502\" src=\"https:\/\/i0.wp.com\/blogdoeloiltoncajuhy.com.br\/site\/wp-content\/uploads\/2026\/01\/Sergio-Nahas-%E2%80%94-Foto-Policia-Militar.png?resize=448%2C502&#038;ssl=1\" alt=\"\" class=\"wp-image-93100\" srcset=\"https:\/\/i0.wp.com\/blogdoeloiltoncajuhy.com.br\/site\/wp-content\/uploads\/2026\/01\/Sergio-Nahas-%E2%80%94-Foto-Policia-Militar.png?w=448&amp;ssl=1 448w, https:\/\/i0.wp.com\/blogdoeloiltoncajuhy.com.br\/site\/wp-content\/uploads\/2026\/01\/Sergio-Nahas-%E2%80%94-Foto-Policia-Militar.png?resize=268%2C300&amp;ssl=1 268w\" sizes=\"(max-width: 448px) 100vw, 448px\" \/><\/a><figcaption class=\"wp-element-caption\"><sub>S\u00e9rgio Nahas foi encontrado em Praia do Forte, na Bahia \u2014 Foto: Pol\u00edcia Militar<\/sub><\/figcaption><\/figure>\n\n\n\n<p>O empres\u00e1rio S\u00e9rgio Nahas foi preso na Bahia quase 24 anos depois de ter matado a esposa, Fernanda Orfali, em S\u00e3o Paulo. A pris\u00e3o aconteceu no s\u00e1bado (17), em Praia do Forte, mesmo destino tur\u00edstico onde o casal passou a lua de mel antes do crime.<\/p>\n\n\n\n<p>S\u00e9rgio, atualmente com 61 anos, foi condenado a oito anos e dois meses de pris\u00e3o em regime fechado pelo assassinato da esposa. O mandado de pris\u00e3o foi expedido em 25 de junho de 2025 e o nome e a foto do empres\u00e1rio foram inclu\u00eddos na Difus\u00e3o Vermelha da Interpol.<\/p>\n\n\n\n<p>No s\u00e1bado, ele foi reconhecido por uma c\u00e2mera de v\u00eddeo monitoramento facial na Praia do Forte, em Mata de S\u00e3o Jo\u00e3o, no litoral norte da Bahia.<\/p>\n\n\n\n<p>S\u00e9rgio Nahas estava hospedado em um condom\u00ednio de luxo. De acordo com a Pol\u00edcia Militar, com o empres\u00e1rio os agentes encontraram 17 pinos de coca\u00edna, tr\u00eas celulares, um carro modelo Audi, cart\u00f5es de cr\u00e9dito e medicamentos de uso cont\u00ednuo.<\/p>\n\n\n\n<p class=\"has-black-color has-text-color has-link-color has-medium-font-size wp-elements-bc3d6948602342bd5b2762f2a20bdef9\"><strong>Relembre Crime<\/strong><\/p>\n\n\n\n<p>O crime aconteceu em 2002, no apartamento do casal, em S\u00e3o Paulo. Na \u00e9poca, Fernanda Orfali tinha 28 anos.<\/p>\n\n\n\n<p>Para a acusa\u00e7\u00e3o, Nahas matou Fernanda porque se sentiu amea\u00e7ado ap\u00f3s ela descobrir que o marido a tra\u00eda e usava drogas. Segundo a Promotoria, o empres\u00e1rio tamb\u00e9m estava preocupado com a partilha dos bens diante da possibilidade de a mulher pedir o div\u00f3rcio.<\/p>\n\n\n\n<p>Ainda segundo a acusa\u00e7\u00e3o, Nahas arrombou a porta do closet onde Fernanda estava para se proteger do marido. Em seguida, de acordo com o promotor, ele atirou duas vezes. Laudo oficial da per\u00edcia apontou que o primeiro disparo atingiu a mulher, enquanto o segundo saiu pela janela.<\/p>\n\n\n\n<figure class=\"wp-block-image aligncenter size-full is-resized\"><a href=\"https:\/\/i0.wp.com\/blogdoeloiltoncajuhy.com.br\/site\/wp-content\/uploads\/2026\/01\/Fernanda-Orfali-e-Sergio-Nahas-%E2%80%94-Foto-Reproducao-Arquivo-Pessoal.jpg?ssl=1\"><img data-recalc-dims=\"1\" decoding=\"async\" width=\"800\" height=\"501\" src=\"https:\/\/i0.wp.com\/blogdoeloiltoncajuhy.com.br\/site\/wp-content\/uploads\/2026\/01\/Fernanda-Orfali-e-Sergio-Nahas-%E2%80%94-Foto-Reproducao-Arquivo-Pessoal.jpg?resize=800%2C501&#038;ssl=1\" alt=\"\" class=\"wp-image-93101\" style=\"aspect-ratio:1.5974042181455135;width:692px;height:auto\" srcset=\"https:\/\/i0.wp.com\/blogdoeloiltoncajuhy.com.br\/site\/wp-content\/uploads\/2026\/01\/Fernanda-Orfali-e-Sergio-Nahas-%E2%80%94-Foto-Reproducao-Arquivo-Pessoal.jpg?w=984&amp;ssl=1 984w, https:\/\/i0.wp.com\/blogdoeloiltoncajuhy.com.br\/site\/wp-content\/uploads\/2026\/01\/Fernanda-Orfali-e-Sergio-Nahas-%E2%80%94-Foto-Reproducao-Arquivo-Pessoal.jpg?resize=300%2C188&amp;ssl=1 300w, https:\/\/i0.wp.com\/blogdoeloiltoncajuhy.com.br\/site\/wp-content\/uploads\/2026\/01\/Fernanda-Orfali-e-Sergio-Nahas-%E2%80%94-Foto-Reproducao-Arquivo-Pessoal.jpg?resize=768%2C481&amp;ssl=1 768w\" sizes=\"(max-width: 800px) 100vw, 800px\" \/><\/a><figcaption class=\"wp-element-caption\"><sub>Fernanda Orfali e S\u00e9rgio Nahas \u2014 Foto: Reprodu\u00e7\u00e3o \/ Arquivo Pessoal<\/sub><\/figcaption><\/figure>\n\n\n\n<p>Fernanda fazia tratamento contra depress\u00e3o. De acordo com a defesa de Nahas, di\u00e1rios escritos pela pr\u00f3pria v\u00edtima indicavam que ela tinha o desejo de tirar a pr\u00f3pria vida.<\/p>\n\n\n\n<p>Contudo, o laudo da Pol\u00edcia T\u00e9cnico-Cient\u00edfica n\u00e3o encontrou vest\u00edgios de p\u00f3lvora nas m\u00e3os de Fernanda. Quanto a isso, a defesa do empres\u00e1rio alegou que a pistola usada s\u00f3 deixa res\u00edduos na roupa.<\/p>\n\n\n\n<p>Nahas chegou a ser preso por porte ilegal da pistola, mas foi solto por decis\u00e3o da Justi\u00e7a ap\u00f3s 37 dias.<\/p>\n\n\n\n<p class=\"has-black-color has-text-color has-link-color has-medium-font-size wp-elements-2e7314059604b90fb4fd73281b067f3b\"><strong>Condena\u00e7\u00e3o<\/strong><\/p>\n\n\n\n<p>S\u00e9rgio Nahas foi condenado pelo Tribunal de Justi\u00e7a de S\u00e3o Paulo em 2018. Na \u00e9poca, a pena estipulada foi de 7 anos, em regime semiaberto. Contudo, a defesa do empres\u00e1rio entrou com recurso e o caso foi parar no Supremo Tribunal Federal (STF).<\/p>\n\n\n\n<p>A pedido do Minist\u00e9rio P\u00fablico, o STF aumentou a pena do r\u00e9u. Na \u00e9poca, ainda cabia recursos e ele respondia o processo em liberdade.<\/p>\n\n\n\n<p>Em junho de 2025, os recursos se esgotaram e a Justi\u00e7a paulista expediu o mandado de pris\u00e3o para cumprimento da pena.<\/p>\n","protected":false},"excerpt":{"rendered":"<p>Empres\u00e1rio foi filmado por c\u00e2mera de reconhecimento facial em destino tur\u00edstico na Bahia. Ele tinha mandado de pris\u00e3o expedido pela Justi\u00e7a. Por g1 BA e TV Bahia >> Siga o canal do BEC no WhatsApp O empres\u00e1rio S\u00e9rgio Nahas foi preso na Bahia quase 24 anos depois de ter matado a esposa, Fernanda Orfali, em [&hellip;]<\/p>\n","protected":false},"author":2,"featured_media":93100,"comment_status":"open","ping_status":"open","sticky":false,"template":"","format":"standard","meta":{"_acf_changed":false,"_monsterinsights_skip_tracking":false,"_monsterinsights_sitenote_active":false,"_monsterinsights_sitenote_note":"","_monsterinsights_sitenote_category":0,"_jetpack_memberships_contains_paid_content":false,"footnotes":"","jetpack_publicize_message":"","jetpack_publicize_feature_enabled":true,"jetpack_social_post_already_shared":true,"jetpack_social_options":{"image_generator_settings":{"template":"highway","default_image_id":0,"font":"","enabled":false},"version":2}},"categories":[15],"tags":[],"class_list":["post-93099","post","type-post","status-publish","format-standard","has-post-thumbnail","hentry","category-policia"],"acf":[],"jetpack_publicize_connections":[],"jetpack_featured_media_url":"https:\/\/i0.wp.com\/blogdoeloiltoncajuhy.com.br\/site\/wp-content\/uploads\/2026\/01\/Sergio-Nahas-%E2%80%94-Foto-Policia-Militar.png?fit=448%2C502&ssl=1","jetpack_sharing_enabled":true,"publishpress_future_workflow_manual_trigger":{"enabledWorkflows":[]},"_links":{"self":[{"href":"https:\/\/blogdoeloiltoncajuhy.com.br\/site\/wp-json\/wp\/v2\/posts\/93099","targetHints":{"allow":["GET"]}}],"collection":[{"href":"https:\/\/blogdoeloiltoncajuhy.com.br\/site\/wp-json\/wp\/v2\/posts"}],"about":[{"href":"https:\/\/blogdoeloiltoncajuhy.com.br\/site\/wp-json\/wp\/v2\/types\/post"}],"author":[{"embeddable":true,"href":"https:\/\/blogdoeloiltoncajuhy.com.br\/site\/wp-json\/wp\/v2\/users\/2"}],"replies":[{"embeddable":true,"href":"https:\/\/blogdoeloiltoncajuhy.com.br\/site\/wp-json\/wp\/v2\/comments?post=93099"}],"version-history":[{"count":1,"href":"https:\/\/blogdoeloiltoncajuhy.com.br\/site\/wp-json\/wp\/v2\/posts\/93099\/revisions"}],"predecessor-version":[{"id":93102,"href":"https:\/\/blogdoeloiltoncajuhy.com.br\/site\/wp-json\/wp\/v2\/posts\/93099\/revisions\/93102"}],"wp:featuredmedia":[{"embeddable":true,"href":"https:\/\/blogdoeloiltoncajuhy.com.br\/site\/wp-json\/wp\/v2\/media\/93100"}],"wp:attachment":[{"href":"https:\/\/blogdoeloiltoncajuhy.com.br\/site\/wp-json\/wp\/v2\/media?parent=93099"}],"wp:term":[{"taxonomy":"category","embeddable":true,"href":"https:\/\/blogdoeloiltoncajuhy.com.br\/site\/wp-json\/wp\/v2\/categories?post=93099"},{"taxonomy":"post_tag","embeddable":true,"href":"https:\/\/blogdoeloiltoncajuhy.com.br\/site\/wp-json\/wp\/v2\/tags?post=93099"}],"curies":[{"name":"wp","href":"https:\/\/api.w.org\/{rel}","templated":true}]}}