{"id":93093,"date":"2026-01-22T07:06:46","date_gmt":"2026-01-22T10:06:46","guid":{"rendered":"https:\/\/blogdoeloiltoncajuhy.com.br\/site\/?p=93093"},"modified":"2026-01-22T07:06:47","modified_gmt":"2026-01-22T10:06:47","slug":"prouni-2026-oferece-mais-de-590-mil-bolsas-em-instituicoes-privadas","status":"publish","type":"post","link":"https:\/\/blogdoeloiltoncajuhy.com.br\/site\/prouni-2026-oferece-mais-de-590-mil-bolsas-em-instituicoes-privadas\/","title":{"rendered":"Prouni 2026 oferece mais de 590 mil bolsas em institui\u00e7\u00f5es privadas"},"content":{"rendered":"\n<p class=\"has-medium-font-size\"><strong>Inscri\u00e7\u00e3o vai de 26 a 29 de janeiro.<\/strong><\/p>\n\n\n\n<p><strong>Por Daniella Almeida\/Ag\u00eancia Brasil<\/strong><\/p>\n\n\n\n<p><strong><a href=\"https:\/\/whatsapp.com\/channel\/0029VaAT7tDLI8Yfj5y9Z50Z\" target=\"_blank\" rel=\"noreferrer noopener\"><mark style=\"background-color:rgba(0, 0, 0, 0)\" class=\"has-inline-color has-luminous-vivid-orange-color\">>> Siga o canal do BEC no WhatsApp<\/mark><\/a><\/strong><\/p>\n\n\n\n<figure class=\"wp-block-image aligncenter size-full\"><a href=\"https:\/\/i0.wp.com\/blogdoeloiltoncajuhy.com.br\/site\/wp-content\/uploads\/2026\/01\/Prouni-2026-Foto-Rafa-Neddermeyer-Agencia-Brasil.png?ssl=1\"><img data-recalc-dims=\"1\" fetchpriority=\"high\" decoding=\"async\" width=\"768\" height=\"459\" src=\"https:\/\/i0.wp.com\/blogdoeloiltoncajuhy.com.br\/site\/wp-content\/uploads\/2026\/01\/Prouni-2026-Foto-Rafa-Neddermeyer-Agencia-Brasil.png?resize=768%2C459&#038;ssl=1\" alt=\"\" class=\"wp-image-93094\" srcset=\"https:\/\/i0.wp.com\/blogdoeloiltoncajuhy.com.br\/site\/wp-content\/uploads\/2026\/01\/Prouni-2026-Foto-Rafa-Neddermeyer-Agencia-Brasil.png?w=768&amp;ssl=1 768w, https:\/\/i0.wp.com\/blogdoeloiltoncajuhy.com.br\/site\/wp-content\/uploads\/2026\/01\/Prouni-2026-Foto-Rafa-Neddermeyer-Agencia-Brasil.png?resize=300%2C179&amp;ssl=1 300w\" sizes=\"(max-width: 768px) 100vw, 768px\" \/><\/a><figcaption class=\"wp-element-caption\"><sub>Foto: Rafa Neddermeyer\/Ag\u00eancia Brasil<\/sub><\/figcaption><\/figure>\n\n\n\n<p>A primeira edi\u00e7\u00e3o do ano do <a href=\"http:\/\/www.gov.br\/mec\/pt-br\/prouni\/como-funciona\"><strong><mark style=\"background-color:rgba(0, 0, 0, 0)\" class=\"has-inline-color has-vivid-cyan-blue-color\">Programa Universidade para Todos (Prouni)<\/mark><\/strong><\/a> oferecer\u00e1 594.519 bolsas. \u00c9 a maior oferta da hist\u00f3ria do Prouni, segundo o Minist\u00e9rio da Educa\u00e7\u00e3o (MEC).<\/p>\n\n\n\n<p>No <a href=\"https:\/\/acessounico.mec.gov.br\/prouni\"><strong><mark style=\"background-color:rgba(0, 0, 0, 0)\" class=\"has-inline-color has-vivid-cyan-blue-color\">Portal \u00danico de Acesso ao Ensino Superior<\/mark><\/strong><\/a>, na parte do Prouni, os candidatos podem consultar as vagas ofertadas por munic\u00edpio, curso, turno e institui\u00e7\u00e3o privada de ensino superior.<\/p>\n\n\n\n<p>O programa federal oferta bolsas de estudo integrais e parciais em cursos de gradua\u00e7\u00e3o e sequenciais de forma\u00e7\u00e3o espec\u00edfica em institui\u00e7\u00f5es de educa\u00e7\u00e3o superior privadas. O\u202fp\u00fablico-alvo s\u00e3o brasileiros sem diploma de n\u00edvel superior.<\/p>\n\n\n\n<p>Do total de bolsas anunciadas, 274.819 s\u00e3o integrais e 319.700 bolsas parciais, de 50%.<\/p>\n\n\n\n<p>As inscri\u00e7\u00f5es nos processos seletivos para concorrer a um bolsa do programa estar\u00e3o abertas a partir de segunda-feira (26) at\u00e9 quinta-feira (29).<\/p>\n\n\n\n<p>A inscri\u00e7\u00e3o no Prouni \u00e9 sempre gratuita e deve ser feita exclusivamente pela internet, no Portal \u00danico de Acesso ao Ensino Superior, na parte do Prouni.<\/p>\n\n\n\n<p class=\"has-black-color has-text-color has-link-color has-medium-font-size wp-elements-053c42c16dd6c7ba461ed35fecab9564\"><strong>Vagas<\/strong><\/p>\n\n\n\n<p>Das 594.519 mil bolsas, 328.175 s\u00e3o para bacharelado; 253.597 para cursos tecnol\u00f3gicos e 12.747 para licenciatura.<\/p>\n\n\n\n<p>Entre os cursos com maior oferta de bolsas est\u00e1 o de administra\u00e7\u00e3o (63.978 bolsas), seguido por ci\u00eancias cont\u00e1beis (41.864).<\/p>\n\n\n\n<p class=\"has-black-color has-text-color has-link-color wp-elements-5c3fe9601b41e121ebf747a60f7f3909\"><strong>Para participar do Prouni \u00e9 necess\u00e1rio atender a pelo menos uma das seguintes condi\u00e7\u00f5es:<\/strong><\/p>\n\n\n\n<ul class=\"wp-block-list\">\n<li>ensino m\u00e9dio integralmente em escola da rede p\u00fablica;<\/li>\n\n\n\n<li>ensino m\u00e9dio integralmente em institui\u00e7\u00e3o privada, na condi\u00e7\u00e3o de bolsista integral da respectiva institui\u00e7\u00e3o;<\/li>\n\n\n\n<li>ensino m\u00e9dio parcialmente em escola da rede p\u00fablica e parcialmente em institui\u00e7\u00e3o privada, na condi\u00e7\u00e3o de bolsista integral;<\/li>\n\n\n\n<li>ensino m\u00e9dio parcialmente em escola da rede p\u00fablica e parcialmente em institui\u00e7\u00e3o privada, na condi\u00e7\u00e3o de bolsista parcial da respectiva institui\u00e7\u00e3o ou sem a condi\u00e7\u00e3o de bolsista; <\/li>\n\n\n\n<li>ensino m\u00e9dio integralmente em institui\u00e7\u00e3o privada, na condi\u00e7\u00e3o de bolsista parcial da respectiva institui\u00e7\u00e3o ou sem a condi\u00e7\u00e3o de bolsista;<\/li>\n\n\n\n<li>ser pessoa com defici\u00eancia, conforme previsto na legisla\u00e7\u00e3o brasileira;<\/li>\n\n\n\n<li>ser professor da rede p\u00fablica de ensino, exclusivamente para os cursos de licenciatura e pedagogia.<\/li>\n<\/ul>\n\n\n\n<p><\/p>\n\n\n\n<p>A sele\u00e7\u00e3o \u00e9 feita com base no desempenho do candidato no Exame Nacional do Ensino M\u00e9dio (Enem). Por isso, \u00e9 necess\u00e1rio ter obtido no m\u00ednimo 450 pontos na m\u00e9dia das cinco provas do Enem e nota diferente de zero na reda\u00e7\u00e3o.<\/p>\n\n\n\n<p>O resultado da primeira chamada ser\u00e1 divulgado em 3 de fevereiro na p\u00e1gina do Prouni na internet. A segunda chamada sair\u00e1 no dia 2 de mar\u00e7o.<\/p>\n\n\n\n<p class=\"has-black-color has-text-color has-link-color wp-elements-1f825ec6e5d1f56600c09ad57b692d09\"><strong>N\u00famero de bolsas do Prouni por curso:<\/strong><\/p>\n\n\n\n<ul class=\"wp-block-list\">\n<li>administra\u00e7\u00e3o:       63.978;<\/li>\n\n\n\n<li>ci\u00eancias cont\u00e1beis: 41.864;<\/li>\n\n\n\n<li>an\u00e1lise e desenvolvimento de sistemas:   29.367;<\/li>\n\n\n\n<li>gest\u00e3o de recursos humanos:        22.969;<\/li>\n\n\n\n<li>direito:        21.558;<\/li>\n\n\n\n<li>engenharia de software:    17.484;<\/li>\n\n\n\n<li>log\u00edstica:     14.714;<\/li>\n\n\n\n<li>criminologia:  13.978;<\/li>\n\n\n\n<li>investiga\u00e7\u00e3o e per\u00edcia criminal:     13.900;<\/li>\n\n\n\n<li>psicologia:  13.505.<\/li>\n<\/ul>\n","protected":false},"excerpt":{"rendered":"<p>Inscri\u00e7\u00e3o vai de 26 a 29 de janeiro. Por Daniella Almeida\/Ag\u00eancia Brasil >> Siga o canal do BEC no WhatsApp A primeira edi\u00e7\u00e3o do ano do Programa Universidade para Todos (Prouni) oferecer\u00e1 594.519 bolsas. \u00c9 a maior oferta da hist\u00f3ria do Prouni, segundo o Minist\u00e9rio da Educa\u00e7\u00e3o (MEC). No Portal \u00danico de Acesso ao Ensino [&hellip;]<\/p>\n","protected":false},"author":2,"featured_media":93094,"comment_status":"open","ping_status":"open","sticky":false,"template":"","format":"standard","meta":{"_acf_changed":false,"_monsterinsights_skip_tracking":false,"_monsterinsights_sitenote_active":false,"_monsterinsights_sitenote_note":"","_monsterinsights_sitenote_category":0,"_jetpack_memberships_contains_paid_content":false,"footnotes":"","jetpack_publicize_message":"","jetpack_publicize_feature_enabled":true,"jetpack_social_post_already_shared":true,"jetpack_social_options":{"image_generator_settings":{"template":"highway","default_image_id":0,"font":"","enabled":false},"version":2}},"categories":[14],"tags":[],"class_list":["post-93093","post","type-post","status-publish","format-standard","has-post-thumbnail","hentry","category-educacao"],"acf":[],"jetpack_publicize_connections":[],"jetpack_featured_media_url":"https:\/\/i0.wp.com\/blogdoeloiltoncajuhy.com.br\/site\/wp-content\/uploads\/2026\/01\/Prouni-2026-Foto-Rafa-Neddermeyer-Agencia-Brasil.png?fit=768%2C459&ssl=1","jetpack_sharing_enabled":true,"publishpress_future_workflow_manual_trigger":{"enabledWorkflows":[]},"_links":{"self":[{"href":"https:\/\/blogdoeloiltoncajuhy.com.br\/site\/wp-json\/wp\/v2\/posts\/93093","targetHints":{"allow":["GET"]}}],"collection":[{"href":"https:\/\/blogdoeloiltoncajuhy.com.br\/site\/wp-json\/wp\/v2\/posts"}],"about":[{"href":"https:\/\/blogdoeloiltoncajuhy.com.br\/site\/wp-json\/wp\/v2\/types\/post"}],"author":[{"embeddable":true,"href":"https:\/\/blogdoeloiltoncajuhy.com.br\/site\/wp-json\/wp\/v2\/users\/2"}],"replies":[{"embeddable":true,"href":"https:\/\/blogdoeloiltoncajuhy.com.br\/site\/wp-json\/wp\/v2\/comments?post=93093"}],"version-history":[{"count":1,"href":"https:\/\/blogdoeloiltoncajuhy.com.br\/site\/wp-json\/wp\/v2\/posts\/93093\/revisions"}],"predecessor-version":[{"id":93095,"href":"https:\/\/blogdoeloiltoncajuhy.com.br\/site\/wp-json\/wp\/v2\/posts\/93093\/revisions\/93095"}],"wp:featuredmedia":[{"embeddable":true,"href":"https:\/\/blogdoeloiltoncajuhy.com.br\/site\/wp-json\/wp\/v2\/media\/93094"}],"wp:attachment":[{"href":"https:\/\/blogdoeloiltoncajuhy.com.br\/site\/wp-json\/wp\/v2\/media?parent=93093"}],"wp:term":[{"taxonomy":"category","embeddable":true,"href":"https:\/\/blogdoeloiltoncajuhy.com.br\/site\/wp-json\/wp\/v2\/categories?post=93093"},{"taxonomy":"post_tag","embeddable":true,"href":"https:\/\/blogdoeloiltoncajuhy.com.br\/site\/wp-json\/wp\/v2\/tags?post=93093"}],"curies":[{"name":"wp","href":"https:\/\/api.w.org\/{rel}","templated":true}]}}