{"id":93091,"date":"2026-01-22T06:48:45","date_gmt":"2026-01-22T09:48:45","guid":{"rendered":"https:\/\/blogdoeloiltoncajuhy.com.br\/site\/?p=93091"},"modified":"2026-01-22T06:48:46","modified_gmt":"2026-01-22T09:48:46","slug":"piso-do-magisterio-tem-reajuste-de-54-e-vai-a-r-51-mil-em-2026","status":"publish","type":"post","link":"https:\/\/blogdoeloiltoncajuhy.com.br\/site\/piso-do-magisterio-tem-reajuste-de-54-e-vai-a-r-51-mil-em-2026\/","title":{"rendered":"Piso do magist\u00e9rio tem reajuste de 5,4% e vai a R$ 5,1 mil em 2026"},"content":{"rendered":"\n<p class=\"has-medium-font-size\"><strong>MP assinada por Lula atualiza valor, que cresce acima da infla\u00e7\u00e3o.<\/strong><\/p>\n\n\n\n<p><strong>Por Pedro Rafael Vilela\/Ag\u00eancia Brasil<\/strong><\/p>\n\n\n\n<p><strong><a href=\"https:\/\/whatsapp.com\/channel\/0029VaAT7tDLI8Yfj5y9Z50Z\" target=\"_blank\" rel=\"noreferrer noopener\"><mark style=\"background-color:rgba(0, 0, 0, 0)\" class=\"has-inline-color has-luminous-vivid-orange-color\">>> Siga o canal do BEC no WhatsApp<\/mark><\/a><\/strong><\/p>\n\n\n\n<figure class=\"wp-block-image aligncenter size-full\"><a href=\"https:\/\/i0.wp.com\/blogdoeloiltoncajuhy.com.br\/site\/wp-content\/uploads\/2025\/10\/Dia-do-Professor-ChatGPT-Image-14-de-out.-de-2025.png\"><img data-recalc-dims=\"1\" fetchpriority=\"high\" decoding=\"async\" width=\"768\" height=\"512\" src=\"https:\/\/i0.wp.com\/blogdoeloiltoncajuhy.com.br\/site\/wp-content\/uploads\/2025\/10\/Dia-do-Professor-ChatGPT-Image-14-de-out.-de-2025.png?resize=768%2C512\" alt=\"\" class=\"wp-image-90858\" srcset=\"https:\/\/i0.wp.com\/blogdoeloiltoncajuhy.com.br\/site\/wp-content\/uploads\/2025\/10\/Dia-do-Professor-ChatGPT-Image-14-de-out.-de-2025.png?w=768&amp;ssl=1 768w, https:\/\/i0.wp.com\/blogdoeloiltoncajuhy.com.br\/site\/wp-content\/uploads\/2025\/10\/Dia-do-Professor-ChatGPT-Image-14-de-out.-de-2025.png?resize=300%2C200&amp;ssl=1 300w\" sizes=\"(max-width: 768px) 100vw, 768px\" \/><\/a><\/figure>\n\n\n\n<p>O presidente Luiz In\u00e1cio Lula da Silva assinou nesta quarta-feira (21) a Medida Provis\u00f3ria (MP) que atualiza o c\u00e1lculo do piso salarial nacional para os profissionais do magist\u00e9rio p\u00fablico da educa\u00e7\u00e3o b\u00e1sica.<\/p>\n\n\n\n<p>Para este ano, o valor ser\u00e1 reajustado em 5,4%, passando de R$ 4.867,77 para R$ 5.130,63, v\u00e1lido para a rede p\u00fablica de todo o pa\u00eds, com jornada de 40 horas semanais.<\/p>\n\n\n\n<p>O percentual representa um ganho real de 1,5% acima da infla\u00e7\u00e3o medida pelo \u00cdndice Nacional de Pre\u00e7os ao Consumidor (INPC) de 2025, que foi de 3,9%.<\/p>\n\n\n\n<p>O piso salarial \u00e9 o valor m\u00ednimo que professores devem ganhar no Brasil. A legisla\u00e7\u00e3o determina a recomposi\u00e7\u00e3o anual do valor. A norma define que o piso ser\u00e1 atualizado a partir da soma do INPC do ano anterior e de 50% da m\u00e9dia da varia\u00e7\u00e3o percentual da receita real, com base no INPC, relativa \u00e0 contribui\u00e7\u00e3o de estados, Distrito Federal e munic\u00edpios ao Fundo de Manuten\u00e7\u00e3o e Desenvolvimento da Educa\u00e7\u00e3o B\u00e1sica e de Valoriza\u00e7\u00e3o dos Profissionais da Educa\u00e7\u00e3o (Fundeb), realizada nos cinco anos anteriores ao ano da atualiza\u00e7\u00e3o.<\/p>\n\n\n\n<p>A lei tamb\u00e9m determina que o percentual estabelecido nunca poder\u00e1 ser inferior \u00e0 infla\u00e7\u00e3o do ano anterior, medida pelo INPC. No ano passado, seguindo a mesma regra, o reajuste foi de 6,27%.<\/p>\n\n\n\n<p>As remunera\u00e7\u00f5es dos profissionais da educa\u00e7\u00e3o b\u00e1sica s\u00e3o pagas por prefeituras e estados a partir de recursos do Fundeb, bem como de complementa\u00e7\u00f5es da Uni\u00e3o. Por ser uma MP, a medida tem validade imediata, mas precisar\u00e1 ser confirmada pelo Congresso Nacional.<\/p>\n\n\n\n<p>A Medida Provis\u00f3ria ser\u00e1 publicada na pr\u00f3xima edi\u00e7\u00e3o do Di\u00e1rio Oficial da Uni\u00e3o (DOU), nesta quinta-feira (22).<\/p>\n","protected":false},"excerpt":{"rendered":"<p>MP assinada por Lula atualiza valor, que cresce acima da infla\u00e7\u00e3o. Por Pedro Rafael Vilela\/Ag\u00eancia Brasil >> Siga o canal do BEC no WhatsApp O presidente Luiz In\u00e1cio Lula da Silva assinou nesta quarta-feira (21) a Medida Provis\u00f3ria (MP) que atualiza o c\u00e1lculo do piso salarial nacional para os profissionais do magist\u00e9rio p\u00fablico da educa\u00e7\u00e3o [&hellip;]<\/p>\n","protected":false},"author":2,"featured_media":90858,"comment_status":"open","ping_status":"open","sticky":false,"template":"","format":"standard","meta":{"_acf_changed":false,"_monsterinsights_skip_tracking":false,"_monsterinsights_sitenote_active":false,"_monsterinsights_sitenote_note":"","_monsterinsights_sitenote_category":0,"_jetpack_memberships_contains_paid_content":false,"footnotes":"","jetpack_publicize_message":"","jetpack_publicize_feature_enabled":true,"jetpack_social_post_already_shared":true,"jetpack_social_options":{"image_generator_settings":{"template":"highway","default_image_id":0,"font":"","enabled":false},"version":2}},"categories":[14],"tags":[],"class_list":["post-93091","post","type-post","status-publish","format-standard","has-post-thumbnail","hentry","category-educacao"],"acf":[],"jetpack_publicize_connections":[],"jetpack_featured_media_url":"https:\/\/i0.wp.com\/blogdoeloiltoncajuhy.com.br\/site\/wp-content\/uploads\/2025\/10\/Dia-do-Professor-ChatGPT-Image-14-de-out.-de-2025.png?fit=768%2C512&ssl=1","jetpack_sharing_enabled":true,"publishpress_future_workflow_manual_trigger":{"enabledWorkflows":[]},"_links":{"self":[{"href":"https:\/\/blogdoeloiltoncajuhy.com.br\/site\/wp-json\/wp\/v2\/posts\/93091","targetHints":{"allow":["GET"]}}],"collection":[{"href":"https:\/\/blogdoeloiltoncajuhy.com.br\/site\/wp-json\/wp\/v2\/posts"}],"about":[{"href":"https:\/\/blogdoeloiltoncajuhy.com.br\/site\/wp-json\/wp\/v2\/types\/post"}],"author":[{"embeddable":true,"href":"https:\/\/blogdoeloiltoncajuhy.com.br\/site\/wp-json\/wp\/v2\/users\/2"}],"replies":[{"embeddable":true,"href":"https:\/\/blogdoeloiltoncajuhy.com.br\/site\/wp-json\/wp\/v2\/comments?post=93091"}],"version-history":[{"count":1,"href":"https:\/\/blogdoeloiltoncajuhy.com.br\/site\/wp-json\/wp\/v2\/posts\/93091\/revisions"}],"predecessor-version":[{"id":93092,"href":"https:\/\/blogdoeloiltoncajuhy.com.br\/site\/wp-json\/wp\/v2\/posts\/93091\/revisions\/93092"}],"wp:featuredmedia":[{"embeddable":true,"href":"https:\/\/blogdoeloiltoncajuhy.com.br\/site\/wp-json\/wp\/v2\/media\/90858"}],"wp:attachment":[{"href":"https:\/\/blogdoeloiltoncajuhy.com.br\/site\/wp-json\/wp\/v2\/media?parent=93091"}],"wp:term":[{"taxonomy":"category","embeddable":true,"href":"https:\/\/blogdoeloiltoncajuhy.com.br\/site\/wp-json\/wp\/v2\/categories?post=93091"},{"taxonomy":"post_tag","embeddable":true,"href":"https:\/\/blogdoeloiltoncajuhy.com.br\/site\/wp-json\/wp\/v2\/tags?post=93091"}],"curies":[{"name":"wp","href":"https:\/\/api.w.org\/{rel}","templated":true}]}}