{"id":93079,"date":"2026-01-21T09:13:28","date_gmt":"2026-01-21T12:13:28","guid":{"rendered":"https:\/\/blogdoeloiltoncajuhy.com.br\/site\/?p=93079"},"modified":"2026-01-21T09:13:29","modified_gmt":"2026-01-21T12:13:29","slug":"tinho-do-acordeon-passa-por-cirurgias-apos-acidente-em-nota-equipe-tranquiliza-fas","status":"publish","type":"post","link":"https:\/\/blogdoeloiltoncajuhy.com.br\/site\/tinho-do-acordeon-passa-por-cirurgias-apos-acidente-em-nota-equipe-tranquiliza-fas\/","title":{"rendered":"Tinho do Acordeon passa por cirurgias ap\u00f3s acidente; em nota, equipe tranquiliza f\u00e3s"},"content":{"rendered":"\n<p class=\"has-medium-font-size\"><strong>Cantor e sanfoneiro permanece internado e est\u00e1 fora de perigo.<\/strong><\/p>\n\n\n\n<p><strong>Por Blog do Eloilton Cajuhy \u2013 BEC<\/strong><\/p>\n\n\n\n<p><strong><a href=\"https:\/\/whatsapp.com\/channel\/0029VaAT7tDLI8Yfj5y9Z50Z\" target=\"_blank\" rel=\"noreferrer noopener\"><mark style=\"background-color:rgba(0, 0, 0, 0)\" class=\"has-inline-color has-luminous-vivid-orange-color\">>> Siga o canal do BEC no WhatsApp<\/mark><\/a><\/strong><\/p>\n\n\n\n<figure class=\"wp-block-image aligncenter size-full\"><a href=\"https:\/\/i0.wp.com\/blogdoeloiltoncajuhy.com.br\/site\/wp-content\/uploads\/2026\/01\/Tinho-do-Acordeon-210126-Redes-Sociais.png?ssl=1\"><img data-recalc-dims=\"1\" fetchpriority=\"high\" decoding=\"async\" width=\"547\" height=\"422\" src=\"https:\/\/i0.wp.com\/blogdoeloiltoncajuhy.com.br\/site\/wp-content\/uploads\/2026\/01\/Tinho-do-Acordeon-210126-Redes-Sociais.png?resize=547%2C422&#038;ssl=1\" alt=\"\" class=\"wp-image-93080\" srcset=\"https:\/\/i0.wp.com\/blogdoeloiltoncajuhy.com.br\/site\/wp-content\/uploads\/2026\/01\/Tinho-do-Acordeon-210126-Redes-Sociais.png?w=547&amp;ssl=1 547w, https:\/\/i0.wp.com\/blogdoeloiltoncajuhy.com.br\/site\/wp-content\/uploads\/2026\/01\/Tinho-do-Acordeon-210126-Redes-Sociais.png?resize=300%2C231&amp;ssl=1 300w\" sizes=\"(max-width: 547px) 100vw, 547px\" \/><\/a><figcaption class=\"wp-element-caption\"><sub>Foto: Redes Sociais<\/sub><\/figcaption><\/figure>\n\n\n\n<p>O cantor e sanfoneiro <strong>Tinho do Acordeon<\/strong>, que sofreu um acidente na noite da \u00faltima <strong>segunda-feira (19)<\/strong>, na cidade de <strong>Juazeiro<\/strong>, segue internado no Hospital de Traumas em Petrolina-PE. A informa\u00e7\u00e3o foi confirmada por meio de um <strong>comunicado oficial divulgado por sua equipe<\/strong>, que buscou tranquilizar familiares, amigos e f\u00e3s do artista.<\/p>\n\n\n\n<p>De acordo com a nota, Tinho j\u00e1 passou por <strong>algumas cirurgias<\/strong> e, no momento da divulga\u00e7\u00e3o do comunicado, <strong>ainda se encontrava no centro cir\u00fargico<\/strong>, sob cuidados m\u00e9dicos. Apesar da gravidade da situa\u00e7\u00e3o inicial, a equipe destacou que o artista <strong>est\u00e1 fora de perigo<\/strong>.<\/p>\n\n\n\n<p>No comunicado, a produ\u00e7\u00e3o do cantor agradeceu as <strong>ora\u00e7\u00f5es, mensagens de apoio e o carinho<\/strong> recebidos desde que a not\u00edcia do acidente se espalhou. A equipe tamb\u00e9m informou que <strong>novas atualiza\u00e7\u00f5es sobre o estado de sa\u00fade<\/strong> de Tinho do Acordeon ser\u00e3o divulgadas em breve.<\/p>\n\n\n\n<p>Tinho do Acordeon \u00e9 conhecido por seu talento na sanfona e por sua contribui\u00e7\u00e3o \u00e0 m\u00fasica nordestina, reunindo admiradores por onde passa. A not\u00edcia mobilizou f\u00e3s e colegas de profiss\u00e3o, que seguem na torcida por sua <strong>r\u00e1pida e plena recupera\u00e7\u00e3o<\/strong>.<\/p>\n","protected":false},"excerpt":{"rendered":"<p>Cantor e sanfoneiro permanece internado e est\u00e1 fora de perigo. Por Blog do Eloilton Cajuhy \u2013 BEC >> Siga o canal do BEC no WhatsApp O cantor e sanfoneiro Tinho do Acordeon, que sofreu um acidente na noite da \u00faltima segunda-feira (19), na cidade de Juazeiro, segue internado no Hospital de Traumas em Petrolina-PE. A [&hellip;]<\/p>\n","protected":false},"author":2,"featured_media":93080,"comment_status":"open","ping_status":"open","sticky":false,"template":"","format":"standard","meta":{"_acf_changed":false,"_monsterinsights_skip_tracking":false,"_monsterinsights_sitenote_active":false,"_monsterinsights_sitenote_note":"","_monsterinsights_sitenote_category":0,"_jetpack_memberships_contains_paid_content":false,"footnotes":"","jetpack_publicize_message":"","jetpack_publicize_feature_enabled":true,"jetpack_social_post_already_shared":true,"jetpack_social_options":{"image_generator_settings":{"template":"highway","default_image_id":0,"font":"","enabled":false},"version":2}},"categories":[8],"tags":[],"class_list":["post-93079","post","type-post","status-publish","format-standard","has-post-thumbnail","hentry","category-cultura"],"acf":[],"jetpack_publicize_connections":[],"jetpack_featured_media_url":"https:\/\/i0.wp.com\/blogdoeloiltoncajuhy.com.br\/site\/wp-content\/uploads\/2026\/01\/Tinho-do-Acordeon-210126-Redes-Sociais.png?fit=547%2C422&ssl=1","jetpack_sharing_enabled":true,"publishpress_future_workflow_manual_trigger":{"enabledWorkflows":[]},"_links":{"self":[{"href":"https:\/\/blogdoeloiltoncajuhy.com.br\/site\/wp-json\/wp\/v2\/posts\/93079","targetHints":{"allow":["GET"]}}],"collection":[{"href":"https:\/\/blogdoeloiltoncajuhy.com.br\/site\/wp-json\/wp\/v2\/posts"}],"about":[{"href":"https:\/\/blogdoeloiltoncajuhy.com.br\/site\/wp-json\/wp\/v2\/types\/post"}],"author":[{"embeddable":true,"href":"https:\/\/blogdoeloiltoncajuhy.com.br\/site\/wp-json\/wp\/v2\/users\/2"}],"replies":[{"embeddable":true,"href":"https:\/\/blogdoeloiltoncajuhy.com.br\/site\/wp-json\/wp\/v2\/comments?post=93079"}],"version-history":[{"count":1,"href":"https:\/\/blogdoeloiltoncajuhy.com.br\/site\/wp-json\/wp\/v2\/posts\/93079\/revisions"}],"predecessor-version":[{"id":93081,"href":"https:\/\/blogdoeloiltoncajuhy.com.br\/site\/wp-json\/wp\/v2\/posts\/93079\/revisions\/93081"}],"wp:featuredmedia":[{"embeddable":true,"href":"https:\/\/blogdoeloiltoncajuhy.com.br\/site\/wp-json\/wp\/v2\/media\/93080"}],"wp:attachment":[{"href":"https:\/\/blogdoeloiltoncajuhy.com.br\/site\/wp-json\/wp\/v2\/media?parent=93079"}],"wp:term":[{"taxonomy":"category","embeddable":true,"href":"https:\/\/blogdoeloiltoncajuhy.com.br\/site\/wp-json\/wp\/v2\/categories?post=93079"},{"taxonomy":"post_tag","embeddable":true,"href":"https:\/\/blogdoeloiltoncajuhy.com.br\/site\/wp-json\/wp\/v2\/tags?post=93079"}],"curies":[{"name":"wp","href":"https:\/\/api.w.org\/{rel}","templated":true}]}}