{"id":93077,"date":"2026-01-21T00:10:00","date_gmt":"2026-01-21T03:10:00","guid":{"rendered":"https:\/\/blogdoeloiltoncajuhy.com.br\/site\/?p=93077"},"modified":"2026-01-20T22:22:29","modified_gmt":"2026-01-21T01:22:29","slug":"homem-e-preso-por-sequestro-e-tortura-da-ex-companheira-na-ba-mulher-pulou-muro-com-a-filha-nos-bracos-para-fugir-do-suspeito","status":"publish","type":"post","link":"https:\/\/blogdoeloiltoncajuhy.com.br\/site\/homem-e-preso-por-sequestro-e-tortura-da-ex-companheira-na-ba-mulher-pulou-muro-com-a-filha-nos-bracos-para-fugir-do-suspeito\/","title":{"rendered":"Homem \u00e9 preso por sequestro e tortura da ex-companheira na BA; mulher pulou muro com a filha nos bra\u00e7os para fugir do suspeito"},"content":{"rendered":"\n<p class=\"has-medium-font-size\"><strong>Crime ocorreu na cidade de Po\u00e7\u00f5es, no sudoeste do estado. M\u00e3e e beb\u00ea de seis meses eram mantidas em c\u00e1rcere privado.<\/strong><\/p>\n\n\n\n<p><strong>Por g1 BA<\/strong><\/p>\n\n\n\n<p><strong><a href=\"https:\/\/whatsapp.com\/channel\/0029VaAT7tDLI8Yfj5y9Z50Z\" target=\"_blank\" rel=\"noreferrer noopener\"><mark style=\"background-color:rgba(0, 0, 0, 0)\" class=\"has-inline-color has-luminous-vivid-orange-color\">>> Siga o canal do BEC no WhatsApp<\/mark><\/a><\/strong><\/p>\n\n\n\n<figure class=\"wp-block-image aligncenter size-full\"><a href=\"https:\/\/i0.wp.com\/blogdoeloiltoncajuhy.com.br\/site\/wp-content\/uploads\/2025\/10\/Jovem-de-19-anos-morre-apos-comer-acaraje-e-passar-mal-em-Bonfim-%E2%80%94-Foto-Policia-Civil.png\"><img data-recalc-dims=\"1\" fetchpriority=\"high\" decoding=\"async\" width=\"800\" height=\"506\" src=\"https:\/\/i0.wp.com\/blogdoeloiltoncajuhy.com.br\/site\/wp-content\/uploads\/2025\/10\/Jovem-de-19-anos-morre-apos-comer-acaraje-e-passar-mal-em-Bonfim-%E2%80%94-Foto-Policia-Civil.png?resize=800%2C506\" alt=\"\" class=\"wp-image-90791\" srcset=\"https:\/\/i0.wp.com\/blogdoeloiltoncajuhy.com.br\/site\/wp-content\/uploads\/2025\/10\/Jovem-de-19-anos-morre-apos-comer-acaraje-e-passar-mal-em-Bonfim-%E2%80%94-Foto-Policia-Civil.png?w=812&amp;ssl=1 812w, https:\/\/i0.wp.com\/blogdoeloiltoncajuhy.com.br\/site\/wp-content\/uploads\/2025\/10\/Jovem-de-19-anos-morre-apos-comer-acaraje-e-passar-mal-em-Bonfim-%E2%80%94-Foto-Policia-Civil.png?resize=300%2C190&amp;ssl=1 300w, https:\/\/i0.wp.com\/blogdoeloiltoncajuhy.com.br\/site\/wp-content\/uploads\/2025\/10\/Jovem-de-19-anos-morre-apos-comer-acaraje-e-passar-mal-em-Bonfim-%E2%80%94-Foto-Policia-Civil.png?resize=768%2C486&amp;ssl=1 768w\" sizes=\"(max-width: 800px) 100vw, 800px\" \/><\/a><figcaption class=\"wp-element-caption\"><sub>Foto: Policia Civil<\/sub><\/figcaption><\/figure>\n\n\n\n<p>Um homem de 18 anos foi preso em flagrante suspeito amea\u00e7ar, sequestrar e torturar a ex-companheira, al\u00e9m de mant\u00ea-la em c\u00e1rcere privado com a filha dos dois, uma beb\u00ea de apenas seis meses. O caso aconteceu na cidade de Po\u00e7\u00f5es, no sudoeste da Bahia e as informa\u00e7\u00f5es foram confirmadas pela Pol\u00edcia Civil (PC).<\/p>\n\n\n\n<p>Segundo a pol\u00edcia, os crimes aconteceram no \u00faltimo s\u00e1bado (17), quando o suspeito invadiu a casa da v\u00edtima, no bairro de Lagoa Grande. Ele manteve a ex-companheira e a filha em c\u00e1rcere privado.<\/p>\n\n\n\n<p>Na noite de domingo (18), a mulher conseguiu escapar pulando o muro da casa, com a beb\u00ea nos bra\u00e7os. Ela buscou a ajuda dos av\u00f3s, que acionaram a pol\u00edcia. Ainda segundo a PC, a v\u00edtima j\u00e1 tinha uma medida protetiva de urg\u00eancia contra o ex-companheiro.<\/p>\n\n\n\n<p>Buscas foram realizadas para encontrar o suspeito, capturado na segunda-feira (19), no bairro de Bela Vista. Ele foi encaminhado para a delegacia, onde passou por exames e segue \u00e0 disposi\u00e7\u00e3o da Justi\u00e7a.<\/p>\n","protected":false},"excerpt":{"rendered":"<p>Crime ocorreu na cidade de Po\u00e7\u00f5es, no sudoeste do estado. M\u00e3e e beb\u00ea de seis meses eram mantidas em c\u00e1rcere privado. Por g1 BA >> Siga o canal do BEC no WhatsApp Um homem de 18 anos foi preso em flagrante suspeito amea\u00e7ar, sequestrar e torturar a ex-companheira, al\u00e9m de mant\u00ea-la em c\u00e1rcere privado com [&hellip;]<\/p>\n","protected":false},"author":2,"featured_media":89651,"comment_status":"open","ping_status":"open","sticky":false,"template":"","format":"standard","meta":{"_acf_changed":false,"_monsterinsights_skip_tracking":false,"_monsterinsights_sitenote_active":false,"_monsterinsights_sitenote_note":"","_monsterinsights_sitenote_category":0,"_jetpack_memberships_contains_paid_content":false,"footnotes":"","jetpack_publicize_message":"","jetpack_publicize_feature_enabled":true,"jetpack_social_post_already_shared":true,"jetpack_social_options":{"image_generator_settings":{"template":"highway","default_image_id":0,"font":"","enabled":false},"version":2}},"categories":[15],"tags":[],"class_list":["post-93077","post","type-post","status-publish","format-standard","has-post-thumbnail","hentry","category-policia"],"acf":[],"jetpack_publicize_connections":[],"jetpack_featured_media_url":"https:\/\/i0.wp.com\/blogdoeloiltoncajuhy.com.br\/site\/wp-content\/uploads\/2025\/08\/Policia-Civil-Foto-Ascom-PC-BA.png?fit=816%2C491&ssl=1","jetpack_sharing_enabled":true,"publishpress_future_workflow_manual_trigger":{"enabledWorkflows":[]},"_links":{"self":[{"href":"https:\/\/blogdoeloiltoncajuhy.com.br\/site\/wp-json\/wp\/v2\/posts\/93077","targetHints":{"allow":["GET"]}}],"collection":[{"href":"https:\/\/blogdoeloiltoncajuhy.com.br\/site\/wp-json\/wp\/v2\/posts"}],"about":[{"href":"https:\/\/blogdoeloiltoncajuhy.com.br\/site\/wp-json\/wp\/v2\/types\/post"}],"author":[{"embeddable":true,"href":"https:\/\/blogdoeloiltoncajuhy.com.br\/site\/wp-json\/wp\/v2\/users\/2"}],"replies":[{"embeddable":true,"href":"https:\/\/blogdoeloiltoncajuhy.com.br\/site\/wp-json\/wp\/v2\/comments?post=93077"}],"version-history":[{"count":1,"href":"https:\/\/blogdoeloiltoncajuhy.com.br\/site\/wp-json\/wp\/v2\/posts\/93077\/revisions"}],"predecessor-version":[{"id":93078,"href":"https:\/\/blogdoeloiltoncajuhy.com.br\/site\/wp-json\/wp\/v2\/posts\/93077\/revisions\/93078"}],"wp:featuredmedia":[{"embeddable":true,"href":"https:\/\/blogdoeloiltoncajuhy.com.br\/site\/wp-json\/wp\/v2\/media\/89651"}],"wp:attachment":[{"href":"https:\/\/blogdoeloiltoncajuhy.com.br\/site\/wp-json\/wp\/v2\/media?parent=93077"}],"wp:term":[{"taxonomy":"category","embeddable":true,"href":"https:\/\/blogdoeloiltoncajuhy.com.br\/site\/wp-json\/wp\/v2\/categories?post=93077"},{"taxonomy":"post_tag","embeddable":true,"href":"https:\/\/blogdoeloiltoncajuhy.com.br\/site\/wp-json\/wp\/v2\/tags?post=93077"}],"curies":[{"name":"wp","href":"https:\/\/api.w.org\/{rel}","templated":true}]}}