{"id":93075,"date":"2026-01-21T00:10:00","date_gmt":"2026-01-21T03:10:00","guid":{"rendered":"https:\/\/blogdoeloiltoncajuhy.com.br\/site\/?p=93075"},"modified":"2026-01-20T22:14:30","modified_gmt":"2026-01-21T01:14:30","slug":"depressao-na-adolescencia-estudo-mostra-que-sentimentos-como-isolamento-social-e-solidao-estao-no-topo-da-lista","status":"publish","type":"post","link":"https:\/\/blogdoeloiltoncajuhy.com.br\/site\/depressao-na-adolescencia-estudo-mostra-que-sentimentos-como-isolamento-social-e-solidao-estao-no-topo-da-lista\/","title":{"rendered":"Depress\u00e3o na adolesc\u00eancia: estudo mostra que sentimentos como isolamento social e solid\u00e3o est\u00e3o no topo da lista"},"content":{"rendered":"\n<p class=\"has-medium-font-size\"><strong>Pesquisadores do Hospital Moinhos de Vento analisaram dados mundiais de 884 jovens e revelam quadro mais complexo e multifacetado do transtorno mental entre jovens.<\/strong><\/p>\n\n\n\n<p><strong>Blog do Eloilton Cajuhy \u2013 BEC<\/strong><\/p>\n\n\n\n<p><strong><a href=\"https:\/\/whatsapp.com\/channel\/0029VaAT7tDLI8Yfj5y9Z50Z\" target=\"_blank\" rel=\"noreferrer noopener\"><mark style=\"background-color:rgba(0, 0, 0, 0)\" class=\"has-inline-color has-luminous-vivid-orange-color\">>> Siga o canal do BEC no WhatsApp<\/mark><\/a><\/strong><\/p>\n\n\n\n<figure class=\"wp-block-image aligncenter size-full\"><a href=\"https:\/\/i0.wp.com\/blogdoeloiltoncajuhy.com.br\/site\/wp-content\/uploads\/2021\/11\/Saude-Mental-18112021.jpeg\"><img data-recalc-dims=\"1\" fetchpriority=\"high\" decoding=\"async\" width=\"640\" height=\"359\" src=\"https:\/\/i0.wp.com\/blogdoeloiltoncajuhy.com.br\/site\/wp-content\/uploads\/2021\/11\/Saude-Mental-18112021.jpeg?resize=640%2C359\" alt=\"\" class=\"wp-image-60963\" srcset=\"https:\/\/i0.wp.com\/blogdoeloiltoncajuhy.com.br\/site\/wp-content\/uploads\/2021\/11\/Saude-Mental-18112021.jpeg?w=640&amp;ssl=1 640w, https:\/\/i0.wp.com\/blogdoeloiltoncajuhy.com.br\/site\/wp-content\/uploads\/2021\/11\/Saude-Mental-18112021.jpeg?resize=300%2C168&amp;ssl=1 300w\" sizes=\"(max-width: 640px) 100vw, 640px\" \/><\/a><\/figure>\n\n\n\n<p>A depress\u00e3o na adolesc\u00eancia vai al\u00e9m da tristeza descrita nos manuais diagn\u00f3sticos tradicionais. \u00c9 o que revela uma revis\u00e3o sistem\u00e1tica e metass\u00edntese conduzida por pesquisadores do Hospital Moinhos de Vento, que analisou dados de 884 adolescentes e jovens, entre 10 e 24 anos, participantes de 39 dos principais estudos desenvolvidos no mundo. A an\u00e1lise mostra que sentimentos como isolamento social, solid\u00e3o e raiva apareceram de forma recorrente nos relatos em primeira pessoa, embora n\u00e3o estejam explicitamente contemplados nos crit\u00e9rios diagn\u00f3sticos do DSM e da CID*.<\/p>\n\n\n\n<p>Segundo a pesquisa, a tristeza foi identificada em 92,3% dos trabalhos analisados, confirmando seu papel central no diagn\u00f3stico cl\u00ednico. No entanto, o isolamento social esteve presente em 78,9% dos estudos e a solid\u00e3o em 69,2%, configurando-se como elementos estruturais da viv\u00eancia da depress\u00e3o entre adolescentes. Emo\u00e7\u00f5es como estresse e frustra\u00e7\u00e3o tamb\u00e9m surgem com alta frequ\u00eancia, al\u00e9m de sentimentos de inutilidade, baixa autoestima, fadiga persistente e desesperan\u00e7a, compondo um quadro mais complexo e multifacetado do sofrimento ps\u00edquico juvenil.<\/p>\n\n\n\n<p>\u201cMuitos adolescentes com depress\u00e3o descrevem um sentimento intenso de deslocamento, sentindo-se separados do mundo, como se houvesse uma barreira entre eles e as outras pessoas. Quando o cuidado se concentra s\u00f3 em tratar o sentimento de tristeza por si s\u00f3, essa \u2018parede\u2019 continua l\u00e1\u201d, explica Christian Kieling, psiquiatra do Hospital Moinhos de Vento e um dos autores do estudo. \u201cIsolamento, solid\u00e3o e emo\u00e7\u00f5es como raiva e frustra\u00e7\u00e3o aparecem de forma muito consistente nos relatos e precisam ser considerados no cuidado\u201d.<\/p>\n\n\n\n<p>A an\u00e1lise de centenas de dados e relatos dos 16 pa\u00edses \u2013 onde foram desenvolvidos os estudos mapeados \u2013 resultou em tr\u00eas grandes temas que ajudam a compreender como os adolescentes d\u00e3o sentido \u00e0 experi\u00eancia da depress\u00e3o.<\/p>\n\n\n\n<ul class=\"wp-block-list\">\n<li>O primeiro envolve a dificuldade de nomear o sofrimento, com uso frequente de met\u00e1foras e sensa\u00e7\u00e3o de estranheza ou desconex\u00e3o.<\/li>\n\n\n\n<li>O segundo diz respeito \u00e0 influ\u00eancia de fatores culturais e contextuais, como conflitos familiares, bullying, press\u00e3o escolar, estere\u00f3tipos de g\u00eanero e expectativas sociais.<\/li>\n\n\n\n<li>J\u00e1 o terceiro aborda o acesso ao cuidado, destacando barreiras como estigma, dificuldade de apoio familiar e desconfian\u00e7a em rela\u00e7\u00e3o aos servi\u00e7os de sa\u00fade mental.<\/li>\n<\/ul>\n\n\n\n<p><\/p>\n\n\n\n<p>De acordo com Anna Carolina Viduani, psic\u00f3loga do Hospital Moinhos de Vento, que liderou o estudo, \u201ca classifica\u00e7\u00e3o tradicional de transtornos mentais captura apenas uma fra\u00e7\u00e3o da experi\u00eancia da depress\u00e3o na adolesc\u00eancia. \u00c9 preciso ouvir, observar e incorporar as caracter\u00edsticas relatadas pelos pr\u00f3prios jovens. Hoje eles enfrentam contextos e desafios diferentes, os quais precisam ser considerados\u201d, observa a profissional.<\/p>\n\n\n\n<p>Ao evidenciar o desalinhamento entre diagn\u00f3stico formal e experi\u00eancia vivida, o estudo refor\u00e7a a import\u00e2ncia de abordagens mais sens\u00edveis ao contexto social, cultural e relacional dos adolescentes. Para os autores, ampliar a escuta e reconhecer essas viv\u00eancias \u00e9 um passo estrat\u00e9gico para qualificar o cuidado em sa\u00fade mental e responder de forma mais efetiva \u00e0s necessidades dessa popula\u00e7\u00e3o.<\/p>\n","protected":false},"excerpt":{"rendered":"<p>Pesquisadores do Hospital Moinhos de Vento analisaram dados mundiais de 884 jovens e revelam quadro mais complexo e multifacetado do transtorno mental entre jovens. Blog do Eloilton Cajuhy \u2013 BEC >> Siga o canal do BEC no WhatsApp A depress\u00e3o na adolesc\u00eancia vai al\u00e9m da tristeza descrita nos manuais diagn\u00f3sticos tradicionais. \u00c9 o que revela [&hellip;]<\/p>\n","protected":false},"author":2,"featured_media":60963,"comment_status":"open","ping_status":"open","sticky":false,"template":"","format":"standard","meta":{"_acf_changed":false,"_monsterinsights_skip_tracking":false,"_monsterinsights_sitenote_active":false,"_monsterinsights_sitenote_note":"","_monsterinsights_sitenote_category":0,"_jetpack_memberships_contains_paid_content":false,"footnotes":"","jetpack_publicize_message":"","jetpack_publicize_feature_enabled":true,"jetpack_social_post_already_shared":true,"jetpack_social_options":{"image_generator_settings":{"template":"highway","default_image_id":0,"font":"","enabled":false},"version":2}},"categories":[7],"tags":[],"class_list":["post-93075","post","type-post","status-publish","format-standard","has-post-thumbnail","hentry","category-saude"],"acf":[],"jetpack_publicize_connections":[],"jetpack_featured_media_url":"https:\/\/i0.wp.com\/blogdoeloiltoncajuhy.com.br\/site\/wp-content\/uploads\/2021\/11\/Saude-Mental-18112021.jpeg?fit=640%2C359&ssl=1","jetpack_sharing_enabled":true,"publishpress_future_workflow_manual_trigger":{"enabledWorkflows":[]},"_links":{"self":[{"href":"https:\/\/blogdoeloiltoncajuhy.com.br\/site\/wp-json\/wp\/v2\/posts\/93075","targetHints":{"allow":["GET"]}}],"collection":[{"href":"https:\/\/blogdoeloiltoncajuhy.com.br\/site\/wp-json\/wp\/v2\/posts"}],"about":[{"href":"https:\/\/blogdoeloiltoncajuhy.com.br\/site\/wp-json\/wp\/v2\/types\/post"}],"author":[{"embeddable":true,"href":"https:\/\/blogdoeloiltoncajuhy.com.br\/site\/wp-json\/wp\/v2\/users\/2"}],"replies":[{"embeddable":true,"href":"https:\/\/blogdoeloiltoncajuhy.com.br\/site\/wp-json\/wp\/v2\/comments?post=93075"}],"version-history":[{"count":1,"href":"https:\/\/blogdoeloiltoncajuhy.com.br\/site\/wp-json\/wp\/v2\/posts\/93075\/revisions"}],"predecessor-version":[{"id":93076,"href":"https:\/\/blogdoeloiltoncajuhy.com.br\/site\/wp-json\/wp\/v2\/posts\/93075\/revisions\/93076"}],"wp:featuredmedia":[{"embeddable":true,"href":"https:\/\/blogdoeloiltoncajuhy.com.br\/site\/wp-json\/wp\/v2\/media\/60963"}],"wp:attachment":[{"href":"https:\/\/blogdoeloiltoncajuhy.com.br\/site\/wp-json\/wp\/v2\/media?parent=93075"}],"wp:term":[{"taxonomy":"category","embeddable":true,"href":"https:\/\/blogdoeloiltoncajuhy.com.br\/site\/wp-json\/wp\/v2\/categories?post=93075"},{"taxonomy":"post_tag","embeddable":true,"href":"https:\/\/blogdoeloiltoncajuhy.com.br\/site\/wp-json\/wp\/v2\/tags?post=93075"}],"curies":[{"name":"wp","href":"https:\/\/api.w.org\/{rel}","templated":true}]}}