{"id":93072,"date":"2026-01-21T00:10:00","date_gmt":"2026-01-21T03:10:00","guid":{"rendered":"https:\/\/blogdoeloiltoncajuhy.com.br\/site\/?p=93072"},"modified":"2026-01-20T21:59:44","modified_gmt":"2026-01-21T00:59:44","slug":"ministerio-da-saude-habilita-centro-de-referencia-em-saude-do-trabalhador-em-bonfim","status":"publish","type":"post","link":"https:\/\/blogdoeloiltoncajuhy.com.br\/site\/ministerio-da-saude-habilita-centro-de-referencia-em-saude-do-trabalhador-em-bonfim\/","title":{"rendered":"Minist\u00e9rio da Sa\u00fade habilita Centro de Refer\u00eancia em Sa\u00fade do Trabalhador em Bonfim"},"content":{"rendered":"\n<p class=\"has-medium-font-size\"><strong>Pa\u00eds passa a contar com 239 centros de atendimento em todos os estados e no DF. Al\u00e9m de acolher o trabalhador, o CEREST analisa se as doen\u00e7as ou sintomas das pessoas atendidas est\u00e3o relacionadas ao trabalho.<\/strong><\/p>\n\n\n\n<p><strong>Blog do Eloilton Cajuhy \u2013 BEC<\/strong><\/p>\n\n\n\n<p><strong><a href=\"https:\/\/whatsapp.com\/channel\/0029VaAT7tDLI8Yfj5y9Z50Z\" target=\"_blank\" rel=\"noreferrer noopener\"><mark style=\"background-color:rgba(0, 0, 0, 0)\" class=\"has-inline-color has-luminous-vivid-orange-color\">>> Siga o canal do BEC no WhatsApp<\/mark><\/a><\/strong><\/p>\n\n\n\n<figure class=\"wp-block-image aligncenter size-full\"><a href=\"https:\/\/i0.wp.com\/blogdoeloiltoncajuhy.com.br\/site\/wp-content\/uploads\/2026\/01\/GOVFED_Cerest-Foto-Myke-Sena-MS.jpeg?ssl=1\"><img data-recalc-dims=\"1\" fetchpriority=\"high\" decoding=\"async\" width=\"768\" height=\"354\" src=\"https:\/\/i0.wp.com\/blogdoeloiltoncajuhy.com.br\/site\/wp-content\/uploads\/2026\/01\/GOVFED_Cerest-Foto-Myke-Sena-MS.jpeg?resize=768%2C354&#038;ssl=1\" alt=\"\" class=\"wp-image-93073\" srcset=\"https:\/\/i0.wp.com\/blogdoeloiltoncajuhy.com.br\/site\/wp-content\/uploads\/2026\/01\/GOVFED_Cerest-Foto-Myke-Sena-MS.jpeg?w=768&amp;ssl=1 768w, https:\/\/i0.wp.com\/blogdoeloiltoncajuhy.com.br\/site\/wp-content\/uploads\/2026\/01\/GOVFED_Cerest-Foto-Myke-Sena-MS.jpeg?resize=300%2C138&amp;ssl=1 300w\" sizes=\"(max-width: 768px) 100vw, 768px\" \/><\/a><figcaption class=\"wp-element-caption\"><sub>Foto: Myke Sena\/MS<\/sub><\/figcaption><\/figure>\n\n\n\n<p>O Minist\u00e9rio da Sa\u00fade habilitou, em dezembro de 2025, 11 novos Centros de Refer\u00eancia de Sa\u00fade do Trabalhador (CERESTs). O pa\u00eds agora conta com uma rede de 239 unidades espalhadas por todos os estados e o Distrito Federal. <strong>A Bahia habilitou 3 novos centros de atendimento ao trabalhador: em Bom Jesus da Lapa, Senhor do Bonfim e Cruz das Almas.<\/strong> As habilita\u00e7\u00f5es foram oficializadas por meio de portaria publicada no Di\u00e1rio Oficial da Uni\u00e3o (DOU) e as unidades v\u00e3o receber, em parcela \u00fanica, o incentivo de R$ 100 mil para a implanta\u00e7\u00e3o dos servi\u00e7os.<\/p>\n\n\n\n<p>Al\u00e9m da Bahia, os estados de Alagoas, Par\u00e1, Pernambuco, Rond\u00f4nia, Rio Grande do Norte, Rio Grande do Sul e Tocantins tamb\u00e9m v\u00e3o instalar novos CERESTs em seus territ\u00f3rios. Ap\u00f3s a habilita\u00e7\u00e3o, cada unidade federativa tem o prazo de 90 dias para atestar o funcionamento do Centro, a partir do recebimento do incentivo financeiro. A Coordena\u00e7\u00e3o-Geral de Vigil\u00e2ncia em Sa\u00fade do Trabalhador (CGSAT) se re\u00fane com representantes dos estados para orientar quanto a esses passos e acompanha o andamento.<\/p>\n\n\n\n<p>Para o ministro da Sa\u00fade, Alexandre Padilha, o atual governo tem um forte compromisso com a sa\u00fade dos trabalhadores e trabalhadoras. \u201cEm 2025, realizamos novamente uma confer\u00eancia nacional de sa\u00fade do trabalhador, para ouvir a classe trabalhadora e construir pol\u00edticas p\u00fablicas participativas. Durante esse evento, eu anunciei a habilita\u00e7\u00e3o desses novos CEREST e agora celebramos a libera\u00e7\u00e3o de recursos para amplia\u00e7\u00e3o da nossa rede de assist\u00eancia ao trabalhador e \u00e0 trabalhadora do Brasil\u201d, afirma o ministro.<\/p>\n\n\n\n<p>De acordo com dados da CGSAT, com essas novas habilita\u00e7\u00f5es a Bahia agora soma 20 Centros de Refer\u00eancia de Sa\u00fade do Trabalhador. Dos 417 munic\u00edpios do estado, 263 s\u00e3o alcan\u00e7ados por um CEREST regional ou municipal, o que representa um total de 63% de cobertura.<\/p>\n\n\n\n<p class=\"has-black-color has-text-color has-link-color has-medium-font-size wp-elements-8b6c6b2c4b7d46e76c484c25d7a0256b\"><strong>Sobre o CEREST<\/strong><\/p>\n\n\n\n<p>O CEREST \u00e9 um servi\u00e7o de retaguarda t\u00e9cnica em sa\u00fade do trabalhador para a Rede SUS e um centro de articula\u00e7\u00e3o intersetorial. Al\u00e9m de acolher o trabalhador, ele tem condi\u00e7\u00e3o de analisar se as doen\u00e7as ou os sintomas das pessoas atendidas est\u00e3o relacionados com as atividades que elas exercem.<\/p>\n\n\n\n<p>Nestes centros, s\u00e3o atendidos assalariados, aut\u00f4nomos, avulsos, tempor\u00e1rios, cooperativados, aprendizes, estagi\u00e1rios, empregados dom\u00e9sticos, aposentados ou desempregados. Os CERESTs tamb\u00e9m realizam a an\u00e1lise da situa\u00e7\u00e3o de sa\u00fade dos trabalhadores da regi\u00e3o, vigil\u00e2ncia nos ambientes e processos de trabalho, a\u00e7\u00f5es de educa\u00e7\u00e3o, entre outas atividades, registrando informa\u00e7\u00f5es que podem subsidiar a cria\u00e7\u00e3o de pol\u00edticas p\u00fablicas.<\/p>\n\n\n\n<p>Em 2024, o Minist\u00e9rio reajustou os valores fixados para habilita\u00e7\u00e3o e custeio mensal do Centro de Refer\u00eancia. Com o aumento, a parcela \u00fanica que os munic\u00edpios e estados recebem ao habilitar um centro passou de R$ 50 mil para R$ 100 mil. Os repasses mensais de custeio tamb\u00e9m ser\u00e3o dobrados, alcan\u00e7ando R$ 80 mil, no caso dos centros estaduais, R$ 60 mil para unidades regionais e R$ 50 mil para municipais.<\/p>\n","protected":false},"excerpt":{"rendered":"<p>Pa\u00eds passa a contar com 239 centros de atendimento em todos os estados e no DF. Al\u00e9m de acolher o trabalhador, o CEREST analisa se as doen\u00e7as ou sintomas das pessoas atendidas est\u00e3o relacionadas ao trabalho. Blog do Eloilton Cajuhy \u2013 BEC >> Siga o canal do BEC no WhatsApp O Minist\u00e9rio da Sa\u00fade habilitou, [&hellip;]<\/p>\n","protected":false},"author":2,"featured_media":93073,"comment_status":"open","ping_status":"open","sticky":false,"template":"","format":"standard","meta":{"_acf_changed":false,"_monsterinsights_skip_tracking":false,"_monsterinsights_sitenote_active":false,"_monsterinsights_sitenote_note":"","_monsterinsights_sitenote_category":0,"_jetpack_memberships_contains_paid_content":false,"footnotes":"","jetpack_publicize_message":"","jetpack_publicize_feature_enabled":true,"jetpack_social_post_already_shared":true,"jetpack_social_options":{"image_generator_settings":{"template":"highway","default_image_id":0,"font":"","enabled":false},"version":2}},"categories":[7],"tags":[],"class_list":["post-93072","post","type-post","status-publish","format-standard","has-post-thumbnail","hentry","category-saude"],"acf":[],"jetpack_publicize_connections":[],"jetpack_featured_media_url":"https:\/\/i0.wp.com\/blogdoeloiltoncajuhy.com.br\/site\/wp-content\/uploads\/2026\/01\/GOVFED_Cerest-Foto-Myke-Sena-MS.jpeg?fit=768%2C354&ssl=1","jetpack_sharing_enabled":true,"publishpress_future_workflow_manual_trigger":{"enabledWorkflows":[]},"_links":{"self":[{"href":"https:\/\/blogdoeloiltoncajuhy.com.br\/site\/wp-json\/wp\/v2\/posts\/93072","targetHints":{"allow":["GET"]}}],"collection":[{"href":"https:\/\/blogdoeloiltoncajuhy.com.br\/site\/wp-json\/wp\/v2\/posts"}],"about":[{"href":"https:\/\/blogdoeloiltoncajuhy.com.br\/site\/wp-json\/wp\/v2\/types\/post"}],"author":[{"embeddable":true,"href":"https:\/\/blogdoeloiltoncajuhy.com.br\/site\/wp-json\/wp\/v2\/users\/2"}],"replies":[{"embeddable":true,"href":"https:\/\/blogdoeloiltoncajuhy.com.br\/site\/wp-json\/wp\/v2\/comments?post=93072"}],"version-history":[{"count":1,"href":"https:\/\/blogdoeloiltoncajuhy.com.br\/site\/wp-json\/wp\/v2\/posts\/93072\/revisions"}],"predecessor-version":[{"id":93074,"href":"https:\/\/blogdoeloiltoncajuhy.com.br\/site\/wp-json\/wp\/v2\/posts\/93072\/revisions\/93074"}],"wp:featuredmedia":[{"embeddable":true,"href":"https:\/\/blogdoeloiltoncajuhy.com.br\/site\/wp-json\/wp\/v2\/media\/93073"}],"wp:attachment":[{"href":"https:\/\/blogdoeloiltoncajuhy.com.br\/site\/wp-json\/wp\/v2\/media?parent=93072"}],"wp:term":[{"taxonomy":"category","embeddable":true,"href":"https:\/\/blogdoeloiltoncajuhy.com.br\/site\/wp-json\/wp\/v2\/categories?post=93072"},{"taxonomy":"post_tag","embeddable":true,"href":"https:\/\/blogdoeloiltoncajuhy.com.br\/site\/wp-json\/wp\/v2\/tags?post=93072"}],"curies":[{"name":"wp","href":"https:\/\/api.w.org\/{rel}","templated":true}]}}