{"id":93060,"date":"2026-01-20T16:06:57","date_gmt":"2026-01-20T19:06:57","guid":{"rendered":"https:\/\/blogdoeloiltoncajuhy.com.br\/site\/?p=93060"},"modified":"2026-01-20T16:06:58","modified_gmt":"2026-01-20T19:06:58","slug":"crianca-e-resgatada-por-vizinha-apos-ficar-ilhada-em-canal-durante-fortes-chuvas","status":"publish","type":"post","link":"https:\/\/blogdoeloiltoncajuhy.com.br\/site\/crianca-e-resgatada-por-vizinha-apos-ficar-ilhada-em-canal-durante-fortes-chuvas\/","title":{"rendered":"Crian\u00e7a \u00e9 resgatada por vizinha ap\u00f3s ficar ilhada em canal durante fortes chuvas"},"content":{"rendered":"\n<p class=\"has-medium-font-size\"><strong>Caso aconteceu na cidade de Lu\u00eds Eduardo Magalh\u00e3es, no oeste do estado.<\/strong><\/p>\n\n\n\n<p><strong>Por g1 BA e TV Oeste<\/strong><\/p>\n\n\n\n<p><strong><a href=\"https:\/\/whatsapp.com\/channel\/0029VaAT7tDLI8Yfj5y9Z50Z\" target=\"_blank\" rel=\"noreferrer noopener\"><mark style=\"background-color:rgba(0, 0, 0, 0)\" class=\"has-inline-color has-luminous-vivid-orange-color\">>> Siga o canal do BEC no WhatsApp<\/mark><\/a><\/strong><\/p>\n\n\n\n<figure class=\"wp-block-image aligncenter size-full is-resized\"><a href=\"https:\/\/i0.wp.com\/blogdoeloiltoncajuhy.com.br\/site\/wp-content\/uploads\/2026\/01\/LEM_Crianca-resgatada-apos-ficar-ilhada-em-canal-%E2%80%94-Foto-Reproducao-Redes-Sociais.png?ssl=1\"><img data-recalc-dims=\"1\" fetchpriority=\"high\" decoding=\"async\" width=\"376\" height=\"502\" src=\"https:\/\/i0.wp.com\/blogdoeloiltoncajuhy.com.br\/site\/wp-content\/uploads\/2026\/01\/LEM_Crianca-resgatada-apos-ficar-ilhada-em-canal-%E2%80%94-Foto-Reproducao-Redes-Sociais.png?resize=376%2C502&#038;ssl=1\" alt=\"\" class=\"wp-image-93061\" style=\"width:418px;height:auto\" srcset=\"https:\/\/i0.wp.com\/blogdoeloiltoncajuhy.com.br\/site\/wp-content\/uploads\/2026\/01\/LEM_Crianca-resgatada-apos-ficar-ilhada-em-canal-%E2%80%94-Foto-Reproducao-Redes-Sociais.png?w=376&amp;ssl=1 376w, https:\/\/i0.wp.com\/blogdoeloiltoncajuhy.com.br\/site\/wp-content\/uploads\/2026\/01\/LEM_Crianca-resgatada-apos-ficar-ilhada-em-canal-%E2%80%94-Foto-Reproducao-Redes-Sociais.png?resize=225%2C300&amp;ssl=1 225w\" sizes=\"(max-width: 376px) 100vw, 376px\" \/><\/a><figcaption class=\"wp-element-caption\"><sub>Crian\u00e7a \u00e9 resgatada por vizinha ap\u00f3s ficar ilhada em canal durante fortes chuvas na Bahia \u2014 Foto: Reprodu\u00e7\u00e3o\/Redes Sociais<\/sub><\/figcaption><\/figure>\n\n\n\n<p>Uma crian\u00e7a de 6 anos foi resgatada por uma vizinha ap\u00f3s ficar ilhada em um canal no bairro Santa Cruz, em Lu\u00eds Eduardo Magalh\u00e3es, no oeste da Bahia, durante as fortes chuvas que atingiram a regi\u00e3o na tarde de segunda-feira (19).<\/p>\n\n\n\n<p>Segundo familiares, <strong><mark style=\"background-color:rgba(0, 0, 0, 0)\" class=\"has-inline-color has-black-color\">Valentina Mendes<\/mark><\/strong> ficou ilhada quando tentou atravessar um canal com dois amigos de 13 e 16 anos. O trio foi surpreendido pela subida repentina da \u00e1gua.<\/p>\n\n\n\n<p>Os adolescentes conseguiram sair do local e pediram socorro. A adolescente La\u00edne Paranagu\u00e1, de 16 anos, viu a situa\u00e7\u00e3o e resolveu ajudar.<\/p>\n\n\n\n<p>&#8220;Fiquei com muito medo. N\u00e3o consegui nem sair do lugar, porque n\u00e3o sei nadar e a correnteza estava muito forte. Via o desespero da minha filha, gritando e chorando, mas eu n\u00e3o conseguia sair do lugar&#8221;, contou Elaine, m\u00e3e de Valentina.<\/p>\n\n\n\n<blockquote class=\"wp-block-quote is-layout-flow wp-block-quote-is-layout-flow\">\n<p><strong><mark style=\"background-color:rgba(0, 0, 0, 0)\" class=\"has-inline-color has-black-color\">&#8220;Sorte que minha vizinha veio, me ajudou e pegou ela&#8221;, afirmou aliviada.<\/mark><\/strong><\/p>\n<\/blockquote>\n\n\n\n<figure class=\"wp-block-image aligncenter size-full is-resized\"><a href=\"https:\/\/i0.wp.com\/blogdoeloiltoncajuhy.com.br\/site\/wp-content\/uploads\/2026\/01\/Laine-resgatou-Valentina-apos-forte-chuva-%E2%80%94-Foto-Gabriel-Pires-TV-Oeste.png?ssl=1\"><img data-recalc-dims=\"1\" decoding=\"async\" width=\"800\" height=\"451\" src=\"https:\/\/i0.wp.com\/blogdoeloiltoncajuhy.com.br\/site\/wp-content\/uploads\/2026\/01\/Laine-resgatou-Valentina-apos-forte-chuva-%E2%80%94-Foto-Gabriel-Pires-TV-Oeste.png?resize=800%2C451&#038;ssl=1\" alt=\"\" class=\"wp-image-93062\" style=\"aspect-ratio:1.7723008757658625;width:640px;height:auto\" srcset=\"https:\/\/i0.wp.com\/blogdoeloiltoncajuhy.com.br\/site\/wp-content\/uploads\/2026\/01\/Laine-resgatou-Valentina-apos-forte-chuva-%E2%80%94-Foto-Gabriel-Pires-TV-Oeste.png?w=817&amp;ssl=1 817w, https:\/\/i0.wp.com\/blogdoeloiltoncajuhy.com.br\/site\/wp-content\/uploads\/2026\/01\/Laine-resgatou-Valentina-apos-forte-chuva-%E2%80%94-Foto-Gabriel-Pires-TV-Oeste.png?resize=300%2C169&amp;ssl=1 300w, https:\/\/i0.wp.com\/blogdoeloiltoncajuhy.com.br\/site\/wp-content\/uploads\/2026\/01\/Laine-resgatou-Valentina-apos-forte-chuva-%E2%80%94-Foto-Gabriel-Pires-TV-Oeste.png?resize=768%2C433&amp;ssl=1 768w\" sizes=\"(max-width: 800px) 100vw, 800px\" \/><\/a><figcaption class=\"wp-element-caption\"><sub>La\u00edne resgatou Valentina ap\u00f3s forte chuva \u2014 Foto: Gabriel Pires \/ TV Oeste<\/sub><\/figcaption><\/figure>\n\n\n\n<p>A adolescente amarrou uma mangueira na cintura e atravessou o canal. Em seguida, mesmo com dificuldades, colocou Valentina nos ombros e a retirou do local.<\/p>\n\n\n\n<p>De acordo com a Defesa Civil da cidade, choveu 114 mil\u00edmetros em Lu\u00eds Eduardo Magalh\u00e3es, na segunda-feira. Apesar dos alagamentos, n\u00e3o houve registros de pessoas desabrigadas ou desalojadas no munic\u00edpio.<\/p>\n\n\n\n<p>O Instituto Nacional de Meteorologia (Inmet) emitiu um alerta de perigo potencial de chuvas intensas em 314 cidades da Bahia, na segunda-feira (19). A medida \u00e9 v\u00e1lida at\u00e9 a noite de domingo (25).<\/p>\n\n\n\n<p>Nesta ter\u00e7a, o Inmet publicou um alerta de perigo de chuvas v\u00e1lido at\u00e9 a noite de quarta-feira (21), para 96 cidades baianas, entre elas Lu\u00eds Eduardo Magalh\u00e3es.<\/p>\n","protected":false},"excerpt":{"rendered":"<p>Caso aconteceu na cidade de Lu\u00eds Eduardo Magalh\u00e3es, no oeste do estado. Por g1 BA e TV Oeste >> Siga o canal do BEC no WhatsApp Uma crian\u00e7a de 6 anos foi resgatada por uma vizinha ap\u00f3s ficar ilhada em um canal no bairro Santa Cruz, em Lu\u00eds Eduardo Magalh\u00e3es, no oeste da Bahia, durante [&hellip;]<\/p>\n","protected":false},"author":2,"featured_media":93061,"comment_status":"open","ping_status":"open","sticky":false,"template":"","format":"standard","meta":{"_acf_changed":false,"_monsterinsights_skip_tracking":false,"_monsterinsights_sitenote_active":false,"_monsterinsights_sitenote_note":"","_monsterinsights_sitenote_category":0,"_jetpack_memberships_contains_paid_content":false,"footnotes":"","jetpack_publicize_message":"","jetpack_publicize_feature_enabled":true,"jetpack_social_post_already_shared":true,"jetpack_social_options":{"image_generator_settings":{"template":"highway","default_image_id":0,"font":"","enabled":false},"version":2}},"categories":[5],"tags":[],"class_list":["post-93060","post","type-post","status-publish","format-standard","has-post-thumbnail","hentry","category-cotidiano"],"acf":[],"jetpack_publicize_connections":[],"jetpack_featured_media_url":"https:\/\/i0.wp.com\/blogdoeloiltoncajuhy.com.br\/site\/wp-content\/uploads\/2026\/01\/LEM_Crianca-resgatada-apos-ficar-ilhada-em-canal-%E2%80%94-Foto-Reproducao-Redes-Sociais.png?fit=376%2C502&ssl=1","jetpack_sharing_enabled":true,"publishpress_future_workflow_manual_trigger":{"enabledWorkflows":[]},"_links":{"self":[{"href":"https:\/\/blogdoeloiltoncajuhy.com.br\/site\/wp-json\/wp\/v2\/posts\/93060","targetHints":{"allow":["GET"]}}],"collection":[{"href":"https:\/\/blogdoeloiltoncajuhy.com.br\/site\/wp-json\/wp\/v2\/posts"}],"about":[{"href":"https:\/\/blogdoeloiltoncajuhy.com.br\/site\/wp-json\/wp\/v2\/types\/post"}],"author":[{"embeddable":true,"href":"https:\/\/blogdoeloiltoncajuhy.com.br\/site\/wp-json\/wp\/v2\/users\/2"}],"replies":[{"embeddable":true,"href":"https:\/\/blogdoeloiltoncajuhy.com.br\/site\/wp-json\/wp\/v2\/comments?post=93060"}],"version-history":[{"count":1,"href":"https:\/\/blogdoeloiltoncajuhy.com.br\/site\/wp-json\/wp\/v2\/posts\/93060\/revisions"}],"predecessor-version":[{"id":93063,"href":"https:\/\/blogdoeloiltoncajuhy.com.br\/site\/wp-json\/wp\/v2\/posts\/93060\/revisions\/93063"}],"wp:featuredmedia":[{"embeddable":true,"href":"https:\/\/blogdoeloiltoncajuhy.com.br\/site\/wp-json\/wp\/v2\/media\/93061"}],"wp:attachment":[{"href":"https:\/\/blogdoeloiltoncajuhy.com.br\/site\/wp-json\/wp\/v2\/media?parent=93060"}],"wp:term":[{"taxonomy":"category","embeddable":true,"href":"https:\/\/blogdoeloiltoncajuhy.com.br\/site\/wp-json\/wp\/v2\/categories?post=93060"},{"taxonomy":"post_tag","embeddable":true,"href":"https:\/\/blogdoeloiltoncajuhy.com.br\/site\/wp-json\/wp\/v2\/tags?post=93060"}],"curies":[{"name":"wp","href":"https:\/\/api.w.org\/{rel}","templated":true}]}}