{"id":93057,"date":"2026-01-20T15:36:06","date_gmt":"2026-01-20T18:36:06","guid":{"rendered":"https:\/\/blogdoeloiltoncajuhy.com.br\/site\/?p=93057"},"modified":"2026-01-20T15:36:08","modified_gmt":"2026-01-20T18:36:08","slug":"grupo-da-tiros-em-cadaver-e-coloca-fogo-em-caixao-durante-enterro-na-bahia","status":"publish","type":"post","link":"https:\/\/blogdoeloiltoncajuhy.com.br\/site\/grupo-da-tiros-em-cadaver-e-coloca-fogo-em-caixao-durante-enterro-na-bahia\/","title":{"rendered":"Grupo d\u00e1 tiros em cad\u00e1ver e coloca fogo em caix\u00e3o durante enterro na Bahia"},"content":{"rendered":"\n<p class=\"has-medium-font-size\"><strong>Caso aconteceu na cidade de Coaraci, no sul do estado. Familiares e amigos de Alessandro Andrade de Souza foram dispersados ap\u00f3s suspeitos atirarem para cima.<\/strong><\/p>\n\n\n\n<p><strong>Por g1 BA<\/strong><\/p>\n\n\n\n<p><strong><a href=\"https:\/\/whatsapp.com\/channel\/0029VaAT7tDLI8Yfj5y9Z50Z\" target=\"_blank\" rel=\"noreferrer noopener\"><mark style=\"background-color:rgba(0, 0, 0, 0)\" class=\"has-inline-color has-luminous-vivid-orange-color\">>> Siga o canal do BEC no WhatsApp<\/mark><\/a><\/strong><\/p>\n\n\n\n<figure class=\"wp-block-image aligncenter size-full is-resized\"><a href=\"https:\/\/i0.wp.com\/blogdoeloiltoncajuhy.com.br\/site\/wp-content\/uploads\/2026\/01\/Delegacia-de-Itabuna-%E2%80%94-Foto-Divulgacao-Policia-Civil.jpg?ssl=1\"><img data-recalc-dims=\"1\" fetchpriority=\"high\" decoding=\"async\" width=\"800\" height=\"499\" src=\"https:\/\/i0.wp.com\/blogdoeloiltoncajuhy.com.br\/site\/wp-content\/uploads\/2026\/01\/Delegacia-de-Itabuna-%E2%80%94-Foto-Divulgacao-Policia-Civil.jpg?resize=800%2C499&#038;ssl=1\" alt=\"\" class=\"wp-image-93058\" style=\"aspect-ratio:1.6026543963439446;width:630px;height:auto\" srcset=\"https:\/\/i0.wp.com\/blogdoeloiltoncajuhy.com.br\/site\/wp-content\/uploads\/2026\/01\/Delegacia-de-Itabuna-%E2%80%94-Foto-Divulgacao-Policia-Civil.jpg?w=984&amp;ssl=1 984w, https:\/\/i0.wp.com\/blogdoeloiltoncajuhy.com.br\/site\/wp-content\/uploads\/2026\/01\/Delegacia-de-Itabuna-%E2%80%94-Foto-Divulgacao-Policia-Civil.jpg?resize=300%2C187&amp;ssl=1 300w, https:\/\/i0.wp.com\/blogdoeloiltoncajuhy.com.br\/site\/wp-content\/uploads\/2026\/01\/Delegacia-de-Itabuna-%E2%80%94-Foto-Divulgacao-Policia-Civil.jpg?resize=768%2C479&amp;ssl=1 768w\" sizes=\"(max-width: 800px) 100vw, 800px\" \/><\/a><figcaption class=\"wp-element-caption\"><sub>6\u00aa Coordenadoria de Pol\u00edcia do Interior (Coorpin\/Itabuna) \u2014 Foto: Divulga\u00e7\u00e3o\/Pol\u00edcia Civil<\/sub><\/figcaption><\/figure>\n\n\n\n<p>Um grupo de homens armados invadiu um sepultamento, deu diversos tiros e colocou fogo no caix\u00e3o de uma pessoa, no cemit\u00e9rio de Coaraci, no sul da Bahia.<\/p>\n\n\n\n<p>O caso aconteceu no s\u00e1bado (17) e \u00e9 investigado pela 6\u00aa Coordenadoria Regional de Pol\u00edcia do Interior (Coorpin\/Itabuna).<\/p>\n\n\n\n<p>Segundo testemunhas, os suspeitos efetuaram disparos para alto para dispersar os familiares e amigos de <strong><mark style=\"background-color:rgba(0, 0, 0, 0)\" class=\"has-inline-color has-black-color\">Alessandro Andrade de Souza<\/mark><\/strong>, morto em confronto com policiais na quinta-feira (15).<\/p>\n\n\n\n<p>Em seguida, atearam fogo no caix\u00e3o e efetuaram dezenas de disparos contra o cad\u00e1ver. A pol\u00edcia tenta identificar os suspeitos.<\/p>\n","protected":false},"excerpt":{"rendered":"<p>Caso aconteceu na cidade de Coaraci, no sul do estado. Familiares e amigos de Alessandro Andrade de Souza foram dispersados ap\u00f3s suspeitos atirarem para cima. Por g1 BA >> Siga o canal do BEC no WhatsApp Um grupo de homens armados invadiu um sepultamento, deu diversos tiros e colocou fogo no caix\u00e3o de uma pessoa, [&hellip;]<\/p>\n","protected":false},"author":2,"featured_media":93058,"comment_status":"open","ping_status":"open","sticky":false,"template":"","format":"standard","meta":{"_acf_changed":false,"_monsterinsights_skip_tracking":false,"_monsterinsights_sitenote_active":false,"_monsterinsights_sitenote_note":"","_monsterinsights_sitenote_category":0,"_jetpack_memberships_contains_paid_content":false,"footnotes":"","jetpack_publicize_message":"","jetpack_publicize_feature_enabled":true,"jetpack_social_post_already_shared":true,"jetpack_social_options":{"image_generator_settings":{"template":"highway","default_image_id":0,"font":"","enabled":false},"version":2}},"categories":[15],"tags":[],"class_list":["post-93057","post","type-post","status-publish","format-standard","has-post-thumbnail","hentry","category-policia"],"acf":[],"jetpack_publicize_connections":[],"jetpack_featured_media_url":"https:\/\/i0.wp.com\/blogdoeloiltoncajuhy.com.br\/site\/wp-content\/uploads\/2026\/01\/Delegacia-de-Itabuna-%E2%80%94-Foto-Divulgacao-Policia-Civil.jpg?fit=984%2C614&ssl=1","jetpack_sharing_enabled":true,"publishpress_future_workflow_manual_trigger":{"enabledWorkflows":[]},"_links":{"self":[{"href":"https:\/\/blogdoeloiltoncajuhy.com.br\/site\/wp-json\/wp\/v2\/posts\/93057","targetHints":{"allow":["GET"]}}],"collection":[{"href":"https:\/\/blogdoeloiltoncajuhy.com.br\/site\/wp-json\/wp\/v2\/posts"}],"about":[{"href":"https:\/\/blogdoeloiltoncajuhy.com.br\/site\/wp-json\/wp\/v2\/types\/post"}],"author":[{"embeddable":true,"href":"https:\/\/blogdoeloiltoncajuhy.com.br\/site\/wp-json\/wp\/v2\/users\/2"}],"replies":[{"embeddable":true,"href":"https:\/\/blogdoeloiltoncajuhy.com.br\/site\/wp-json\/wp\/v2\/comments?post=93057"}],"version-history":[{"count":1,"href":"https:\/\/blogdoeloiltoncajuhy.com.br\/site\/wp-json\/wp\/v2\/posts\/93057\/revisions"}],"predecessor-version":[{"id":93059,"href":"https:\/\/blogdoeloiltoncajuhy.com.br\/site\/wp-json\/wp\/v2\/posts\/93057\/revisions\/93059"}],"wp:featuredmedia":[{"embeddable":true,"href":"https:\/\/blogdoeloiltoncajuhy.com.br\/site\/wp-json\/wp\/v2\/media\/93058"}],"wp:attachment":[{"href":"https:\/\/blogdoeloiltoncajuhy.com.br\/site\/wp-json\/wp\/v2\/media?parent=93057"}],"wp:term":[{"taxonomy":"category","embeddable":true,"href":"https:\/\/blogdoeloiltoncajuhy.com.br\/site\/wp-json\/wp\/v2\/categories?post=93057"},{"taxonomy":"post_tag","embeddable":true,"href":"https:\/\/blogdoeloiltoncajuhy.com.br\/site\/wp-json\/wp\/v2\/tags?post=93057"}],"curies":[{"name":"wp","href":"https:\/\/api.w.org\/{rel}","templated":true}]}}