{"id":93048,"date":"2026-01-20T00:10:00","date_gmt":"2026-01-20T03:10:00","guid":{"rendered":"https:\/\/blogdoeloiltoncajuhy.com.br\/site\/?p=93048"},"modified":"2026-01-19T20:49:08","modified_gmt":"2026-01-19T23:49:08","slug":"presidente-do-pt-nacional-cumpre-agenda-na-bahia-com-foco-nas-reeleicoes-de-jeronimo-e-lula","status":"publish","type":"post","link":"https:\/\/blogdoeloiltoncajuhy.com.br\/site\/presidente-do-pt-nacional-cumpre-agenda-na-bahia-com-foco-nas-reeleicoes-de-jeronimo-e-lula\/","title":{"rendered":"Presidente do PT Nacional cumpre agenda na Bahia com foco nas reelei\u00e7\u00f5es de Jer\u00f4nimo e Lula"},"content":{"rendered":"\n<p class=\"has-medium-font-size\"><strong>Em visita \u00e0 Bahia, Edinho Silva tamb\u00e9m participou de ato do MST para fortalecer ainda mais a rela\u00e7\u00e3o com os movimentos sociais e as bases<\/strong><\/p>\n\n\n\n<p><strong>Blog do Eloilton Cajuhy \u2013 BEC<\/strong><\/p>\n\n\n\n<p><strong><a href=\"https:\/\/whatsapp.com\/channel\/0029VaAT7tDLI8Yfj5y9Z50Z\" target=\"_blank\" rel=\"noreferrer noopener\"><mark style=\"background-color:rgba(0, 0, 0, 0)\" class=\"has-inline-color has-luminous-vivid-orange-color\">>> Siga o canal do BEC no WhatsApp<\/mark><\/a><\/strong><\/p>\n\n\n\n<figure class=\"wp-block-image aligncenter size-full\"><a href=\"https:\/\/i0.wp.com\/blogdoeloiltoncajuhy.com.br\/site\/wp-content\/uploads\/2026\/01\/PT-Bahia-Foto-Adriel-Francisco-2026-01-19.jpeg?ssl=1\"><img data-recalc-dims=\"1\" fetchpriority=\"high\" decoding=\"async\" width=\"768\" height=\"493\" src=\"https:\/\/i0.wp.com\/blogdoeloiltoncajuhy.com.br\/site\/wp-content\/uploads\/2026\/01\/PT-Bahia-Foto-Adriel-Francisco-2026-01-19.jpeg?resize=768%2C493&#038;ssl=1\" alt=\"\" class=\"wp-image-93049\" srcset=\"https:\/\/i0.wp.com\/blogdoeloiltoncajuhy.com.br\/site\/wp-content\/uploads\/2026\/01\/PT-Bahia-Foto-Adriel-Francisco-2026-01-19.jpeg?w=768&amp;ssl=1 768w, https:\/\/i0.wp.com\/blogdoeloiltoncajuhy.com.br\/site\/wp-content\/uploads\/2026\/01\/PT-Bahia-Foto-Adriel-Francisco-2026-01-19.jpeg?resize=300%2C193&amp;ssl=1 300w\" sizes=\"(max-width: 768px) 100vw, 768px\" \/><\/a><figcaption class=\"wp-element-caption\">Foto: Adriel Francisco<\/figcaption><\/figure>\n\n\n\n<p>O presidente Nacional do PT, Edinho Silva, se reuniu, nesta segunda-feira (19), com algumas das principais lideran\u00e7as petistas na Bahia, como o governador Jer\u00f4nimo Rodrigues e o senador Jaques Wagner; o presidente do PT estadual, Tassio Brito e \u00c9den Valadares, secret\u00e1rio nacional de Comunica\u00e7\u00e3o do PT, para discutir t\u00e1ticas com o objetivo de aumentar as bancadas federais e estaduais do grupo governista e trabalhar para reeleger o governador Jer\u00f4nimo Rodrigues e o presidente Lula, que tem na Bahia um dos seus principais palanques eleitorais.<\/p>\n\n\n\n<p>A agenda do presidente Nacional do PT, em Salvador, teve in\u00edcio \u00e0s 8h30, na abertura do Encontro Nacional da MST, no Parque de Exposi\u00e7\u00f5es. Depois, se reuniu com a dire\u00e7\u00e3o do movimento e os candidatos ligados ao MST do Brasil inteiro, que est\u00e3o todos na capital baiana.<\/p>\n\n\n\n<p>Em visita ao governador Jer\u00f4nimo Rodrigues, o presidente Edinho confirmou a presen\u00e7a do presidente Lula nas celebra\u00e7\u00f5es do anivers\u00e1rio de 46 anos do PT, que ser\u00e1 comemorado na capital baiana, entre os dias 05 e 07 de fevereiro. Os petistas tamb\u00e9m combinaram um conjunto de agendas ao longo desse encontro de acolhimento dos demais presidentes estaduais, dos ministros petistas que estar\u00e3o na Bahia, deputados federais, senadores e outras lideran\u00e7as.<\/p>\n\n\n\n<p>Os secret\u00e1rios de Estado, Adolpho Loyola (Serin) e Felipe Freitas (Secretaria de Justi\u00e7a e Direitos Humanos), que tamb\u00e9m participaram da reuni\u00e3o, agradeceram ao presidente Edinho pela escolha de Salvador para sediar o anivers\u00e1rio do Partido dos Trabalhadores e por garantir o empenho na mobiliza\u00e7\u00e3o das dire\u00e7\u00f5es e da milit\u00e2ncia do PT.<\/p>\n","protected":false},"excerpt":{"rendered":"<p>Em visita \u00e0 Bahia, Edinho Silva tamb\u00e9m participou de ato do MST para fortalecer ainda mais a rela\u00e7\u00e3o com os movimentos sociais e as bases Blog do Eloilton Cajuhy \u2013 BEC >> Siga o canal do BEC no WhatsApp O presidente Nacional do PT, Edinho Silva, se reuniu, nesta segunda-feira (19), com algumas das principais [&hellip;]<\/p>\n","protected":false},"author":2,"featured_media":93049,"comment_status":"open","ping_status":"open","sticky":false,"template":"","format":"standard","meta":{"_acf_changed":false,"_monsterinsights_skip_tracking":false,"_monsterinsights_sitenote_active":false,"_monsterinsights_sitenote_note":"","_monsterinsights_sitenote_category":0,"_jetpack_memberships_contains_paid_content":false,"footnotes":"","jetpack_publicize_message":"","jetpack_publicize_feature_enabled":true,"jetpack_social_post_already_shared":true,"jetpack_social_options":{"image_generator_settings":{"template":"highway","default_image_id":0,"font":"","enabled":false},"version":2}},"categories":[3],"tags":[],"class_list":["post-93048","post","type-post","status-publish","format-standard","has-post-thumbnail","hentry","category-politica"],"acf":[],"jetpack_publicize_connections":[],"jetpack_featured_media_url":"https:\/\/i0.wp.com\/blogdoeloiltoncajuhy.com.br\/site\/wp-content\/uploads\/2026\/01\/PT-Bahia-Foto-Adriel-Francisco-2026-01-19.jpeg?fit=768%2C493&ssl=1","jetpack_sharing_enabled":true,"publishpress_future_workflow_manual_trigger":{"enabledWorkflows":[]},"_links":{"self":[{"href":"https:\/\/blogdoeloiltoncajuhy.com.br\/site\/wp-json\/wp\/v2\/posts\/93048","targetHints":{"allow":["GET"]}}],"collection":[{"href":"https:\/\/blogdoeloiltoncajuhy.com.br\/site\/wp-json\/wp\/v2\/posts"}],"about":[{"href":"https:\/\/blogdoeloiltoncajuhy.com.br\/site\/wp-json\/wp\/v2\/types\/post"}],"author":[{"embeddable":true,"href":"https:\/\/blogdoeloiltoncajuhy.com.br\/site\/wp-json\/wp\/v2\/users\/2"}],"replies":[{"embeddable":true,"href":"https:\/\/blogdoeloiltoncajuhy.com.br\/site\/wp-json\/wp\/v2\/comments?post=93048"}],"version-history":[{"count":1,"href":"https:\/\/blogdoeloiltoncajuhy.com.br\/site\/wp-json\/wp\/v2\/posts\/93048\/revisions"}],"predecessor-version":[{"id":93050,"href":"https:\/\/blogdoeloiltoncajuhy.com.br\/site\/wp-json\/wp\/v2\/posts\/93048\/revisions\/93050"}],"wp:featuredmedia":[{"embeddable":true,"href":"https:\/\/blogdoeloiltoncajuhy.com.br\/site\/wp-json\/wp\/v2\/media\/93049"}],"wp:attachment":[{"href":"https:\/\/blogdoeloiltoncajuhy.com.br\/site\/wp-json\/wp\/v2\/media?parent=93048"}],"wp:term":[{"taxonomy":"category","embeddable":true,"href":"https:\/\/blogdoeloiltoncajuhy.com.br\/site\/wp-json\/wp\/v2\/categories?post=93048"},{"taxonomy":"post_tag","embeddable":true,"href":"https:\/\/blogdoeloiltoncajuhy.com.br\/site\/wp-json\/wp\/v2\/tags?post=93048"}],"curies":[{"name":"wp","href":"https:\/\/api.w.org\/{rel}","templated":true}]}}