{"id":93045,"date":"2026-01-20T00:10:00","date_gmt":"2026-01-20T03:10:00","guid":{"rendered":"https:\/\/blogdoeloiltoncajuhy.com.br\/site\/?p=93045"},"modified":"2026-01-19T20:37:42","modified_gmt":"2026-01-19T23:37:42","slug":"convulsao-estresse-extremo-e-neurodiversidade-medico-alerta-para-riscos-neurologicos-em-ambientes-de-alta-pressao","status":"publish","type":"post","link":"https:\/\/blogdoeloiltoncajuhy.com.br\/site\/convulsao-estresse-extremo-e-neurodiversidade-medico-alerta-para-riscos-neurologicos-em-ambientes-de-alta-pressao\/","title":{"rendered":"Convuls\u00e3o, estresse extremo e neurodiversidade: m\u00e9dico alerta para riscos neurol\u00f3gicos em ambientes de alta press\u00e3o"},"content":{"rendered":"\n<p><strong>Blog do Eloilton Cajuhy \u2013 BEC<\/strong><\/p>\n\n\n\n<p><strong><a href=\"https:\/\/whatsapp.com\/channel\/0029VaAT7tDLI8Yfj5y9Z50Z\" target=\"_blank\" rel=\"noreferrer noopener\"><mark style=\"background-color:rgba(0, 0, 0, 0)\" class=\"has-inline-color has-luminous-vivid-orange-color\">>> Siga o canal do BEC no WhatsApp<\/mark><\/a><\/strong><\/p>\n\n\n\n<figure class=\"wp-block-image aligncenter size-full is-resized\"><a href=\"https:\/\/i0.wp.com\/blogdoeloiltoncajuhy.com.br\/site\/wp-content\/uploads\/2026\/01\/Convulsoes_451573_reproducao.jpg?ssl=1\"><img data-recalc-dims=\"1\" fetchpriority=\"high\" decoding=\"async\" width=\"500\" height=\"278\" src=\"https:\/\/i0.wp.com\/blogdoeloiltoncajuhy.com.br\/site\/wp-content\/uploads\/2026\/01\/Convulsoes_451573_reproducao.jpg?resize=500%2C278&#038;ssl=1\" alt=\"\" class=\"wp-image-93046\" style=\"width:694px;height:auto\" srcset=\"https:\/\/i0.wp.com\/blogdoeloiltoncajuhy.com.br\/site\/wp-content\/uploads\/2026\/01\/Convulsoes_451573_reproducao.jpg?w=500&amp;ssl=1 500w, https:\/\/i0.wp.com\/blogdoeloiltoncajuhy.com.br\/site\/wp-content\/uploads\/2026\/01\/Convulsoes_451573_reproducao.jpg?resize=300%2C167&amp;ssl=1 300w\" sizes=\"(max-width: 500px) 100vw, 500px\" \/><\/a><figcaption class=\"wp-element-caption\"><sub>Reprodu\u00e7\u00e3o<\/sub><\/figcaption><\/figure>\n\n\n\n<p>O epis\u00f3dio envolvendo o ator Henri Castelli durante o Big Brother Brasil reacendeu discuss\u00f5es nas redes sociais sobre convuls\u00f5es e sa\u00fade neurol\u00f3gica.<\/p>\n\n\n\n<p>No entanto, segundo o Dr. Matheus Trilico, neurologista e refer\u00eancia no tratamento de adultos com Transtorno do Espectro Autista (TEA) e Transtorno de D\u00e9ficit de Aten\u00e7\u00e3o e Hiperatividade (TDAH), \u00e9 preciso cautela ao se afirmar, apenas com base nas imagens disponibilizadas, que se tratou de uma convuls\u00e3o.<\/p>\n\n\n\n<blockquote class=\"wp-block-quote is-layout-flow wp-block-quote-is-layout-flow\">\n<p><strong><mark style=\"background-color:rgba(0, 0, 0, 0)\" class=\"has-inline-color has-black-color\">\u201cConvuls\u00f5es s\u00e3o diagn\u00f3sticos cl\u00ednicos. Elas exigem avalia\u00e7\u00e3o m\u00e9dica, an\u00e1lise do contexto, hist\u00f3rico do paciente e, muitas vezes, exames complementares. Existem diversos quadros que podem simular uma crise convulsiva, como s\u00edncope, hipoglicemia, queda de press\u00e3o ou exaust\u00e3o extrema\u201d, explica ele.<\/mark><\/strong><\/p>\n<\/blockquote>\n\n\n\n<p>De acordo com o Dr. Trilico, uma convuls\u00e3o ocorre quando h\u00e1 uma descarga el\u00e9trica excessiva e desorganizada no c\u00e9rebro. As causas s\u00e3o variadas e incluem epilepsia, altera\u00e7\u00f5es metab\u00f3licas, priva\u00e7\u00e3o de sono, infec\u00e7\u00f5es, traumas cranianos, uso ou suspens\u00e3o abrupta de medicamentos, al\u00e9m do consumo de \u00e1lcool ou drogas.<\/p>\n\n\n\n<p class=\"has-black-color has-text-color has-link-color has-medium-font-size wp-elements-50cc925aac7cb0d90c55c83db198f57b\"><strong>Convuls\u00f5es podem ocorrer mesmo sem hist\u00f3rico neurol\u00f3gico<\/strong><\/p>\n\n\n\n<p>Um ponto pouco conhecido pela popula\u00e7\u00e3o \u00e9 que crises convulsivas podem acontecer mesmo em pessoas sem diagn\u00f3stico pr\u00e9vio de doen\u00e7a neurol\u00f3gica.<\/p>\n\n\n\n<blockquote class=\"wp-block-quote is-layout-flow wp-block-quote-is-layout-flow\">\n<p><strong><mark style=\"background-color:rgba(0, 0, 0, 0)\" class=\"has-inline-color has-black-color\">\u201cEstresse f\u00edsico e emocional intenso, priva\u00e7\u00e3o de sono, desidrata\u00e7\u00e3o e esfor\u00e7o prolongado, especialmente quando combinados, podem funcionar como gatilhos. Isso n\u00e3o significa, necessariamente, epilepsia, mas indica que o c\u00e9rebro entrou em estado de sobrecarga\u201d, afirma.<\/mark><\/strong><\/p>\n<\/blockquote>\n\n\n\n<p>Os sinais mais conhecidos de uma convuls\u00e3o incluem movimentos involunt\u00e1rios, rigidez muscular, altera\u00e7\u00e3o ou perda de consci\u00eancia, saliva\u00e7\u00e3o excessiva e confus\u00e3o mental ap\u00f3s o epis\u00f3dio. No entanto, o m\u00e9dico ressalta que nem toda convuls\u00e3o \u00e9 intensa ou evidente, e algumas crises s\u00e3o sutis.<\/p>\n\n\n\n<p class=\"has-black-color has-text-color has-link-color has-medium-font-size wp-elements-12d4852d582096540f4aaf3eacb98e65\"><strong>O que fazer \u2014 e o que n\u00e3o fazer \u2014 durante uma crise?<\/strong><\/p>\n\n\n\n<p>O neurologista alerta para pr\u00e1ticas equivocadas ainda muito difundidas. \u201cPuxar a l\u00edngua \u00e9 um mito perigoso e pode causar les\u00f5es graves\u201d, destaca.<\/p>\n\n\n\n<p>A conduta correta inclui proteger a pessoa contra quedas, afastar objetos ao redor, n\u00e3o conter os movimentos, coloc\u00e1-la de lado, se poss\u00edvel, para facilitar a respira\u00e7\u00e3o, e acionar atendimento m\u00e9dico ap\u00f3s o epis\u00f3dio.<\/p>\n\n\n\n<p class=\"has-black-color has-text-color has-link-color has-medium-font-size wp-elements-38a8b3681493e5e56bf7ccaa2c49b22d\"><strong>Ambientes de alta press\u00e3o exigem aten\u00e7\u00e3o redobrada<\/strong><\/p>\n\n\n\n<p>Reality shows, segundo o Dr. Trilico, re\u00fanem fatores de risco importantes para o sistema nervoso, como confinamento, priva\u00e7\u00e3o de sono, press\u00e3o emocional constante e esfor\u00e7o f\u00edsico. \u201cMesmo que um evento seja isolado, o acompanhamento m\u00e9dico \u00e9 fundamental para descartar causas graves e prevenir novos epis\u00f3dios\u201d, ressalta.<\/p>\n\n\n\n<p class=\"has-black-color has-text-color has-link-color has-medium-font-size wp-elements-4c341b8f0ffc680cfe6eaf608df2de3c\"><strong>A rela\u00e7\u00e3o entre convuls\u00f5es, TEA e TDAH em adultos<\/strong><\/p>\n\n\n\n<p>O neurologista tamb\u00e9m chama aten\u00e7\u00e3o para uma associa\u00e7\u00e3o ainda pouco discutida: a rela\u00e7\u00e3o entre epilepsia, TEA e TDAH na vida adulta. Pessoas com autismo apresentam risco aumentado de epilepsia, e a rela\u00e7\u00e3o entre epilepsia e TDAH \u00e9 considerada bidirecional.<\/p>\n\n\n\n<p>\u201cEssas condi\u00e7\u00f5es compartilham mecanismos neurobiol\u00f3gicos e gen\u00e9ticos. Na pr\u00e1tica cl\u00ednica, isso impacta diretamente o diagn\u00f3stico, o tratamento e a qualidade de vida do paciente adulto. O manejo exige abordagem multidisciplinar e aten\u00e7\u00e3o especial \u00e0 escolha de medicamentos, devido \u00e0s poss\u00edveis intera\u00e7\u00f5es entre anticonvulsivantes e f\u00e1rmacos usados no TDAH, alerta Dr Matheus.<\/p>\n\n\n\n<p class=\"has-black-color has-text-color has-link-color has-medium-font-size wp-elements-05fd946c88134f332c5cea43783eecf7\"><strong>Mais informa\u00e7\u00e3o, menos julgamento<\/strong><\/p>\n\n\n\n<p>Para o Dr. Matheus Trilico, epis\u00f3dios neurol\u00f3gicos n\u00e3o devem ser tratados como espet\u00e1culo. \u201c\u00c9 preciso responsabilidade. O c\u00e9rebro \u00e9 sens\u00edvel ao ambiente, ao estresse e \u00e0 priva\u00e7\u00e3o. Informar com qualidade \u00e9 uma forma de promover sa\u00fade e reduzir estigmas\u201d, conclui.<\/p>\n","protected":false},"excerpt":{"rendered":"<p>Blog do Eloilton Cajuhy \u2013 BEC >> Siga o canal do BEC no WhatsApp O epis\u00f3dio envolvendo o ator Henri Castelli durante o Big Brother Brasil reacendeu discuss\u00f5es nas redes sociais sobre convuls\u00f5es e sa\u00fade neurol\u00f3gica. No entanto, segundo o Dr. Matheus Trilico, neurologista e refer\u00eancia no tratamento de adultos com Transtorno do Espectro Autista [&hellip;]<\/p>\n","protected":false},"author":2,"featured_media":93046,"comment_status":"open","ping_status":"open","sticky":false,"template":"","format":"standard","meta":{"_acf_changed":false,"_monsterinsights_skip_tracking":false,"_monsterinsights_sitenote_active":false,"_monsterinsights_sitenote_note":"","_monsterinsights_sitenote_category":0,"_jetpack_memberships_contains_paid_content":false,"footnotes":"","jetpack_publicize_message":"","jetpack_publicize_feature_enabled":true,"jetpack_social_post_already_shared":true,"jetpack_social_options":{"image_generator_settings":{"template":"highway","default_image_id":0,"font":"","enabled":false},"version":2}},"categories":[7],"tags":[],"class_list":["post-93045","post","type-post","status-publish","format-standard","has-post-thumbnail","hentry","category-saude"],"acf":[],"jetpack_publicize_connections":[],"jetpack_featured_media_url":"https:\/\/i0.wp.com\/blogdoeloiltoncajuhy.com.br\/site\/wp-content\/uploads\/2026\/01\/Convulsoes_451573_reproducao.jpg?fit=500%2C278&ssl=1","jetpack_sharing_enabled":true,"publishpress_future_workflow_manual_trigger":{"enabledWorkflows":[]},"_links":{"self":[{"href":"https:\/\/blogdoeloiltoncajuhy.com.br\/site\/wp-json\/wp\/v2\/posts\/93045","targetHints":{"allow":["GET"]}}],"collection":[{"href":"https:\/\/blogdoeloiltoncajuhy.com.br\/site\/wp-json\/wp\/v2\/posts"}],"about":[{"href":"https:\/\/blogdoeloiltoncajuhy.com.br\/site\/wp-json\/wp\/v2\/types\/post"}],"author":[{"embeddable":true,"href":"https:\/\/blogdoeloiltoncajuhy.com.br\/site\/wp-json\/wp\/v2\/users\/2"}],"replies":[{"embeddable":true,"href":"https:\/\/blogdoeloiltoncajuhy.com.br\/site\/wp-json\/wp\/v2\/comments?post=93045"}],"version-history":[{"count":1,"href":"https:\/\/blogdoeloiltoncajuhy.com.br\/site\/wp-json\/wp\/v2\/posts\/93045\/revisions"}],"predecessor-version":[{"id":93047,"href":"https:\/\/blogdoeloiltoncajuhy.com.br\/site\/wp-json\/wp\/v2\/posts\/93045\/revisions\/93047"}],"wp:featuredmedia":[{"embeddable":true,"href":"https:\/\/blogdoeloiltoncajuhy.com.br\/site\/wp-json\/wp\/v2\/media\/93046"}],"wp:attachment":[{"href":"https:\/\/blogdoeloiltoncajuhy.com.br\/site\/wp-json\/wp\/v2\/media?parent=93045"}],"wp:term":[{"taxonomy":"category","embeddable":true,"href":"https:\/\/blogdoeloiltoncajuhy.com.br\/site\/wp-json\/wp\/v2\/categories?post=93045"},{"taxonomy":"post_tag","embeddable":true,"href":"https:\/\/blogdoeloiltoncajuhy.com.br\/site\/wp-json\/wp\/v2\/tags?post=93045"}],"curies":[{"name":"wp","href":"https:\/\/api.w.org\/{rel}","templated":true}]}}