{"id":93036,"date":"2026-01-20T00:10:00","date_gmt":"2026-01-20T03:10:00","guid":{"rendered":"https:\/\/blogdoeloiltoncajuhy.com.br\/site\/?p=93036"},"modified":"2026-01-19T20:07:18","modified_gmt":"2026-01-19T23:07:18","slug":"regulacao-da-inteligencia-artificial-no-trabalho-entra-no-centro-das-politicas-publicas-globais","status":"publish","type":"post","link":"https:\/\/blogdoeloiltoncajuhy.com.br\/site\/regulacao-da-inteligencia-artificial-no-trabalho-entra-no-centro-das-politicas-publicas-globais\/","title":{"rendered":"Regula\u00e7\u00e3o da intelig\u00eancia artificial no trabalho entra no centro das pol\u00edticas p\u00fablicas globais"},"content":{"rendered":"\n<p class=\"has-medium-font-size\"><strong>Avan\u00e7o acelerado da IA pressiona governos a criar regras para proteger direitos sem comprometer a inova\u00e7\u00e3o<\/strong><\/p>\n\n\n\n<p><strong>Blog do Eloilton Cajuhy \u2013 BEC<\/strong><\/p>\n\n\n\n<p><strong><a href=\"https:\/\/whatsapp.com\/channel\/0029VaAT7tDLI8Yfj5y9Z50Z\" target=\"_blank\" rel=\"noreferrer noopener\"><mark style=\"background-color:rgba(0, 0, 0, 0)\" class=\"has-inline-color has-luminous-vivid-orange-color\">>> Siga o canal do BEC no WhatsApp<\/mark><\/a><\/strong><\/p>\n\n\n\n<figure class=\"wp-block-image aligncenter size-full\"><a href=\"https:\/\/i0.wp.com\/blogdoeloiltoncajuhy.com.br\/site\/wp-content\/uploads\/2026\/01\/IA-no-trabalho-Foto-Sigmund-unsplash.jpg?ssl=1\"><img data-recalc-dims=\"1\" fetchpriority=\"high\" decoding=\"async\" width=\"768\" height=\"509\" src=\"https:\/\/i0.wp.com\/blogdoeloiltoncajuhy.com.br\/site\/wp-content\/uploads\/2026\/01\/IA-no-trabalho-Foto-Sigmund-unsplash.jpg?resize=768%2C509&#038;ssl=1\" alt=\"\" class=\"wp-image-93037\" srcset=\"https:\/\/i0.wp.com\/blogdoeloiltoncajuhy.com.br\/site\/wp-content\/uploads\/2026\/01\/IA-no-trabalho-Foto-Sigmund-unsplash.jpg?w=768&amp;ssl=1 768w, https:\/\/i0.wp.com\/blogdoeloiltoncajuhy.com.br\/site\/wp-content\/uploads\/2026\/01\/IA-no-trabalho-Foto-Sigmund-unsplash.jpg?resize=300%2C199&amp;ssl=1 300w\" sizes=\"(max-width: 768px) 100vw, 768px\" \/><\/a><figcaption class=\"wp-element-caption\"><sub>Foto: Sigmund-unsplash<\/sub><\/figcaption><\/figure>\n\n\n\n<p>O uso crescente da intelig\u00eancia artificial no ambiente de trabalho e em decis\u00f5es que afetam a sociedade tem obrigado governos de diferentes pa\u00edses a priorizarem a cria\u00e7\u00e3o de marcos regulat\u00f3rios para a tecnologia. O debate envolve riscos, oportunidades e o equil\u00edbrio entre inova\u00e7\u00e3o, seguran\u00e7a jur\u00eddica e prote\u00e7\u00e3o de direitos. Inicialmente restrita a ambientes experimentais, a IA passou a influenciar processos decis\u00f3rios em \u00e1reas como contrata\u00e7\u00e3o, cr\u00e9dito, sa\u00fade, log\u00edstica e atendimento ao consumidor, ampliando seu impacto direto sobre pessoas e organiza\u00e7\u00f5es.<\/p>\n\n\n\n<p>Segundo Fabio Tiepolo, fundador da StaryaAI, empresa que tem como objetivo capacitar organiza\u00e7\u00f5es e auxili\u00e1-las a transformar opera\u00e7\u00f5es e decis\u00f5es com agentes de IA orquestrados com governan\u00e7a, do dado \u00e0 decis\u00e3o, a urg\u00eancia da regula\u00e7\u00e3o est\u00e1 relacionada \u00e0 maturidade da tecnologia.<\/p>\n\n\n\n<blockquote class=\"wp-block-quote is-layout-flow wp-block-quote-is-layout-flow\">\n<p><strong><mark style=\"background-color:rgba(0, 0, 0, 0)\" class=\"has-inline-color has-black-color\">\u201cA IA deixou de ser experimental e passou a impactar decis\u00f5es reais sobre pessoas, trabalho e direitos. Quando uma tecnologia ganha escala antes das regras, o risco sist\u00eamico cresce. Com isso, entidades governamentais entenderam que precisam agir agora para evitar danos dif\u00edceis de reverter no futuro\u201d, afirma.<\/mark><\/strong><\/p>\n<\/blockquote>\n\n\n\n<p>A aus\u00eancia de regras claras, especialmente no ambiente de trabalho, pode gerar efeitos negativos relevantes. Entre os principais riscos est\u00e3o a discrimina\u00e7\u00e3o algor\u00edtmica, a opacidade nas decis\u00f5es automatizadas, a precariza\u00e7\u00e3o das rela\u00e7\u00f5es laborais e a perda de confian\u00e7a entre trabalhadores e empresas.<\/p>\n\n\n\n<blockquote class=\"wp-block-quote is-layout-flow wp-block-quote-is-layout-flow\">\n<p><strong><mark style=\"background-color:rgba(0, 0, 0, 0)\" class=\"has-inline-color has-black-color\">\u201cSem regras, a IA pode refor\u00e7ar vieses, automatizar injusti\u00e7as e gerar inseguran\u00e7a jur\u00eddica tanto para trabalhadores quanto para empresas\u201d, diz Tiepolo.<\/mark><\/strong><\/p>\n<\/blockquote>\n\n\n\n<p>Dados de mercado refor\u00e7am a dimens\u00e3o do tema. De acordo com relat\u00f3rio do F\u00f3rum Econ\u00f4mico Mundial, cerca de 23% dos empregos globais devem sofrer transforma\u00e7\u00f5es significativas at\u00e9 2027 em fun\u00e7\u00e3o da automa\u00e7\u00e3o e da IA, enquanto a McKinsey estima que at\u00e9 70% das empresas no mundo j\u00e1 utilizam algum tipo de intelig\u00eancia artificial em suas opera\u00e7\u00f5es. Esses n\u00fameros ampliam a press\u00e3o por pol\u00edticas p\u00fablicas que orientem o uso respons\u00e1vel da tecnologia.<\/p>\n\n\n\n<p>Para Tiepolo, o caminho passa por regula\u00e7\u00f5es baseadas em risco. \u201cNem toda IA precisa do mesmo n\u00edvel de controle. Sistemas de alto impacto, como os que afetam emprego, renda ou acesso a benef\u00edcios, devem ter exig\u00eancias mais r\u00edgidas de transpar\u00eancia, auditoria e responsabiliza\u00e7\u00e3o, sem travar a inova\u00e7\u00e3o de baixo risco\u201d, explica. Ele destaca ainda que a automa\u00e7\u00e3o tende a substituir tarefas, e n\u00e3o profiss\u00f5es inteiras, desde que acompanhada de pol\u00edticas de requalifica\u00e7\u00e3o profissional.<\/p>\n\n\n\n<p>Os primeiros impactos das novas legisla\u00e7\u00f5es devem ser sentidos por setores intensivos em dados e decis\u00f5es automatizadas, como tecnologia, servi\u00e7os financeiros, sa\u00fade, recursos humanos, call centers, log\u00edstica e seguros. Nesses segmentos, a IA j\u00e1 influencia processos cr\u00edticos e decis\u00f5es que afetam diretamente indiv\u00edduos e consumidores.<\/p>\n\n\n\n<p>No contexto brasileiro, Tiepolo avalia que o pa\u00eds avan\u00e7ou no debate, mas ainda enfrenta desafios. \u201cO Brasil precisa evoluir na capacita\u00e7\u00e3o t\u00e9cnica do setor p\u00fablico, na clareza de pap\u00e9is regulat\u00f3rios e na integra\u00e7\u00e3o com a LGPD. A boa not\u00edcia \u00e9 que podemos aprender com os erros e os acertos de outros pa\u00edses\u201d, afirma.<\/p>\n\n\n\n<blockquote class=\"wp-block-quote is-layout-flow wp-block-quote-is-layout-flow\">\n<p><strong><mark style=\"background-color:rgba(0, 0, 0, 0)\" class=\"has-inline-color has-black-color\">\u201cA constru\u00e7\u00e3o de uma regula\u00e7\u00e3o eficaz depende do equil\u00edbrio entre sociedade civil, empresas e academia, com di\u00e1logo cont\u00ednuo e base t\u00e9cnica s\u00f3lida\u201d, completa o especialista.<\/mark><\/strong><\/p>\n<\/blockquote>\n","protected":false},"excerpt":{"rendered":"<p>Avan\u00e7o acelerado da IA pressiona governos a criar regras para proteger direitos sem comprometer a inova\u00e7\u00e3o Blog do Eloilton Cajuhy \u2013 BEC >> Siga o canal do BEC no WhatsApp O uso crescente da intelig\u00eancia artificial no ambiente de trabalho e em decis\u00f5es que afetam a sociedade tem obrigado governos de diferentes pa\u00edses a priorizarem [&hellip;]<\/p>\n","protected":false},"author":2,"featured_media":93037,"comment_status":"open","ping_status":"open","sticky":false,"template":"","format":"standard","meta":{"_acf_changed":false,"_monsterinsights_skip_tracking":false,"_monsterinsights_sitenote_active":false,"_monsterinsights_sitenote_note":"","_monsterinsights_sitenote_category":0,"_jetpack_memberships_contains_paid_content":false,"footnotes":"","jetpack_publicize_message":"","jetpack_publicize_feature_enabled":true,"jetpack_social_post_already_shared":true,"jetpack_social_options":{"image_generator_settings":{"template":"highway","default_image_id":0,"font":"","enabled":false},"version":2}},"categories":[1],"tags":[],"class_list":["post-93036","post","type-post","status-publish","format-standard","has-post-thumbnail","hentry","category-noticias"],"acf":[],"jetpack_publicize_connections":[],"jetpack_featured_media_url":"https:\/\/i0.wp.com\/blogdoeloiltoncajuhy.com.br\/site\/wp-content\/uploads\/2026\/01\/IA-no-trabalho-Foto-Sigmund-unsplash.jpg?fit=768%2C509&ssl=1","jetpack_sharing_enabled":true,"publishpress_future_workflow_manual_trigger":{"enabledWorkflows":[]},"_links":{"self":[{"href":"https:\/\/blogdoeloiltoncajuhy.com.br\/site\/wp-json\/wp\/v2\/posts\/93036","targetHints":{"allow":["GET"]}}],"collection":[{"href":"https:\/\/blogdoeloiltoncajuhy.com.br\/site\/wp-json\/wp\/v2\/posts"}],"about":[{"href":"https:\/\/blogdoeloiltoncajuhy.com.br\/site\/wp-json\/wp\/v2\/types\/post"}],"author":[{"embeddable":true,"href":"https:\/\/blogdoeloiltoncajuhy.com.br\/site\/wp-json\/wp\/v2\/users\/2"}],"replies":[{"embeddable":true,"href":"https:\/\/blogdoeloiltoncajuhy.com.br\/site\/wp-json\/wp\/v2\/comments?post=93036"}],"version-history":[{"count":1,"href":"https:\/\/blogdoeloiltoncajuhy.com.br\/site\/wp-json\/wp\/v2\/posts\/93036\/revisions"}],"predecessor-version":[{"id":93038,"href":"https:\/\/blogdoeloiltoncajuhy.com.br\/site\/wp-json\/wp\/v2\/posts\/93036\/revisions\/93038"}],"wp:featuredmedia":[{"embeddable":true,"href":"https:\/\/blogdoeloiltoncajuhy.com.br\/site\/wp-json\/wp\/v2\/media\/93037"}],"wp:attachment":[{"href":"https:\/\/blogdoeloiltoncajuhy.com.br\/site\/wp-json\/wp\/v2\/media?parent=93036"}],"wp:term":[{"taxonomy":"category","embeddable":true,"href":"https:\/\/blogdoeloiltoncajuhy.com.br\/site\/wp-json\/wp\/v2\/categories?post=93036"},{"taxonomy":"post_tag","embeddable":true,"href":"https:\/\/blogdoeloiltoncajuhy.com.br\/site\/wp-json\/wp\/v2\/tags?post=93036"}],"curies":[{"name":"wp","href":"https:\/\/api.w.org\/{rel}","templated":true}]}}