{"id":93008,"date":"2026-01-17T13:12:34","date_gmt":"2026-01-17T16:12:34","guid":{"rendered":"https:\/\/blogdoeloiltoncajuhy.com.br\/site\/?p=93008"},"modified":"2026-01-17T13:12:36","modified_gmt":"2026-01-17T16:12:36","slug":"morre-alan-sanches-deputado-estadual-da-bahia-aos-58-anos","status":"publish","type":"post","link":"https:\/\/blogdoeloiltoncajuhy.com.br\/site\/morre-alan-sanches-deputado-estadual-da-bahia-aos-58-anos\/","title":{"rendered":"Morre Alan Sanches, deputado estadual da Bahia, aos 58 anos"},"content":{"rendered":"\n<p class=\"has-medium-font-size\"><strong>Pol\u00edtico foi eleito deputado estadual quatro vezes, chegou a ser l\u00edder da oposi\u00e7\u00e3o na Alba, e recebeu o Trof\u00e9u Destaque Parlamentar<\/strong><\/p>\n\n\n\n<p><strong>Por g1 BA<\/strong><\/p>\n\n\n\n<p><strong><a href=\"https:\/\/whatsapp.com\/channel\/0029VaAT7tDLI8Yfj5y9Z50Z\" target=\"_blank\" rel=\"noreferrer noopener\"><mark style=\"background-color:rgba(0, 0, 0, 0)\" class=\"has-inline-color has-luminous-vivid-orange-color\">>> Siga o canal do BEC no WhatsApp<\/mark><\/a><\/strong><\/p>\n\n\n\n<figure class=\"wp-block-image aligncenter size-full is-resized\"><a href=\"https:\/\/i0.wp.com\/blogdoeloiltoncajuhy.com.br\/site\/wp-content\/uploads\/2026\/01\/Morre-deputado-estadual-Alan-Sanches-%E2%80%94-Foto-Assembleia-Legislativa-da-Bahia.jpg?ssl=1\"><img data-recalc-dims=\"1\" fetchpriority=\"high\" decoding=\"async\" width=\"800\" height=\"533\" src=\"https:\/\/i0.wp.com\/blogdoeloiltoncajuhy.com.br\/site\/wp-content\/uploads\/2026\/01\/Morre-deputado-estadual-Alan-Sanches-%E2%80%94-Foto-Assembleia-Legislativa-da-Bahia.jpg?resize=800%2C533&#038;ssl=1\" alt=\"\" class=\"wp-image-93009\" style=\"aspect-ratio:1.5000585960389077;width:590px;height:auto\" srcset=\"https:\/\/i0.wp.com\/blogdoeloiltoncajuhy.com.br\/site\/wp-content\/uploads\/2026\/01\/Morre-deputado-estadual-Alan-Sanches-%E2%80%94-Foto-Assembleia-Legislativa-da-Bahia.jpg?w=984&amp;ssl=1 984w, https:\/\/i0.wp.com\/blogdoeloiltoncajuhy.com.br\/site\/wp-content\/uploads\/2026\/01\/Morre-deputado-estadual-Alan-Sanches-%E2%80%94-Foto-Assembleia-Legislativa-da-Bahia.jpg?resize=300%2C200&amp;ssl=1 300w, https:\/\/i0.wp.com\/blogdoeloiltoncajuhy.com.br\/site\/wp-content\/uploads\/2026\/01\/Morre-deputado-estadual-Alan-Sanches-%E2%80%94-Foto-Assembleia-Legislativa-da-Bahia.jpg?resize=768%2C512&amp;ssl=1 768w\" sizes=\"(max-width: 800px) 100vw, 800px\" \/><\/a><figcaption class=\"wp-element-caption\"><sub>Morre deputado estadual Alan Sanches, aos 58 anos \u2014 Foto: Assembleia Legislativa da Bahia<\/sub><\/figcaption><\/figure>\n\n\n\n<p>Morreu, na madrugada deste s\u00e1bado (17), o <strong><mark style=\"background-color:rgba(0, 0, 0, 0)\" class=\"has-inline-color has-black-color\">deputado estadual da Bahia, Alan Eduardo Sanches dos Santos (Uni\u00e3o Brasil)<\/mark><\/strong>, aos 58 anos. O parlamentar estava em casa, em Salvador, e sofreu uma parada card\u00edaca. O Servi\u00e7o de Atendimento M\u00f3vel de Urg\u00eancia (Samu) chegou a ser acionado, mas o parlamentar n\u00e3o resistiu.<\/p>\n\n\n\n<p>O pol\u00edtico foi eleito deputado estadual quatro vezes, chegou a ser l\u00edder da oposi\u00e7\u00e3o na Assembleia Legislativa da Bahia (Alba), e recebeu o Trof\u00e9u Destaque Parlamentar.<\/p>\n\n\n\n<p>Antes de ocupar uma cadeira no Legislativo Estadual, foi vereador de Salvador e presidente da C\u00e2mara Municipal da cidade.<\/p>\n\n\n\n<p>Alan Sanches era formado em Medicina pela Escola Baiana de Medicina e Sa\u00fade P\u00fablica (EBMSP) e se especializou em Ortopedia. Ele \u00e9 pai do vereador de Salvador Duda Sanches.<\/p>\n\n\n\n<p>Ainda n\u00e3o h\u00e1 informa\u00e7\u00f5es sobre vel\u00f3rio e sepultamento do pol\u00edtico.<\/p>\n\n\n\n<p>Em nota, o partido Uni\u00e3o Brasil lamentou a morte do deputado e destacou a trajet\u00f3ria p\u00fablica marcada pela &#8220;dedica\u00e7\u00e3o, seriedade e compromisso com a Bahia&#8221;.<\/p>\n","protected":false},"excerpt":{"rendered":"<p>Pol\u00edtico foi eleito deputado estadual quatro vezes, chegou a ser l\u00edder da oposi\u00e7\u00e3o na Alba, e recebeu o Trof\u00e9u Destaque Parlamentar Por g1 BA >> Siga o canal do BEC no WhatsApp Morreu, na madrugada deste s\u00e1bado (17), o deputado estadual da Bahia, Alan Eduardo Sanches dos Santos (Uni\u00e3o Brasil), aos 58 anos. O parlamentar [&hellip;]<\/p>\n","protected":false},"author":2,"featured_media":93009,"comment_status":"open","ping_status":"open","sticky":false,"template":"","format":"standard","meta":{"_acf_changed":false,"_monsterinsights_skip_tracking":false,"_monsterinsights_sitenote_active":false,"_monsterinsights_sitenote_note":"","_monsterinsights_sitenote_category":0,"_jetpack_memberships_contains_paid_content":false,"footnotes":"","jetpack_publicize_message":"","jetpack_publicize_feature_enabled":true,"jetpack_social_post_already_shared":true,"jetpack_social_options":{"image_generator_settings":{"template":"highway","default_image_id":0,"font":"","enabled":false},"version":2}},"categories":[3],"tags":[],"class_list":["post-93008","post","type-post","status-publish","format-standard","has-post-thumbnail","hentry","category-politica"],"acf":[],"jetpack_publicize_connections":[],"jetpack_featured_media_url":"https:\/\/i0.wp.com\/blogdoeloiltoncajuhy.com.br\/site\/wp-content\/uploads\/2026\/01\/Morre-deputado-estadual-Alan-Sanches-%E2%80%94-Foto-Assembleia-Legislativa-da-Bahia.jpg?fit=984%2C656&ssl=1","jetpack_sharing_enabled":true,"publishpress_future_workflow_manual_trigger":{"enabledWorkflows":[]},"_links":{"self":[{"href":"https:\/\/blogdoeloiltoncajuhy.com.br\/site\/wp-json\/wp\/v2\/posts\/93008","targetHints":{"allow":["GET"]}}],"collection":[{"href":"https:\/\/blogdoeloiltoncajuhy.com.br\/site\/wp-json\/wp\/v2\/posts"}],"about":[{"href":"https:\/\/blogdoeloiltoncajuhy.com.br\/site\/wp-json\/wp\/v2\/types\/post"}],"author":[{"embeddable":true,"href":"https:\/\/blogdoeloiltoncajuhy.com.br\/site\/wp-json\/wp\/v2\/users\/2"}],"replies":[{"embeddable":true,"href":"https:\/\/blogdoeloiltoncajuhy.com.br\/site\/wp-json\/wp\/v2\/comments?post=93008"}],"version-history":[{"count":1,"href":"https:\/\/blogdoeloiltoncajuhy.com.br\/site\/wp-json\/wp\/v2\/posts\/93008\/revisions"}],"predecessor-version":[{"id":93010,"href":"https:\/\/blogdoeloiltoncajuhy.com.br\/site\/wp-json\/wp\/v2\/posts\/93008\/revisions\/93010"}],"wp:featuredmedia":[{"embeddable":true,"href":"https:\/\/blogdoeloiltoncajuhy.com.br\/site\/wp-json\/wp\/v2\/media\/93009"}],"wp:attachment":[{"href":"https:\/\/blogdoeloiltoncajuhy.com.br\/site\/wp-json\/wp\/v2\/media?parent=93008"}],"wp:term":[{"taxonomy":"category","embeddable":true,"href":"https:\/\/blogdoeloiltoncajuhy.com.br\/site\/wp-json\/wp\/v2\/categories?post=93008"},{"taxonomy":"post_tag","embeddable":true,"href":"https:\/\/blogdoeloiltoncajuhy.com.br\/site\/wp-json\/wp\/v2\/tags?post=93008"}],"curies":[{"name":"wp","href":"https:\/\/api.w.org\/{rel}","templated":true}]}}