{"id":93004,"date":"2026-01-17T11:27:23","date_gmt":"2026-01-17T14:27:23","guid":{"rendered":"https:\/\/blogdoeloiltoncajuhy.com.br\/site\/?p=93004"},"modified":"2026-01-17T11:27:24","modified_gmt":"2026-01-17T14:27:24","slug":"bezerra-da-silva-o-eterno-embaixador-dos-morros","status":"publish","type":"post","link":"https:\/\/blogdoeloiltoncajuhy.com.br\/site\/bezerra-da-silva-o-eterno-embaixador-dos-morros\/","title":{"rendered":"Bezerra da Silva, o eterno embaixador dos morros"},"content":{"rendered":"\n<p class=\"has-medium-font-size\"><strong>H\u00e1 21 anos, o samba se despedia de um cronista das favelas que transformou dor, malandragem e cr\u00edtica social em m\u00fasica imortal<\/strong><\/p>\n\n\n\n<p><strong>Blog do Eloilton Cajuhy \u2013 BEC<\/strong><\/p>\n\n\n\n<p><strong><a href=\"https:\/\/whatsapp.com\/channel\/0029VaAT7tDLI8Yfj5y9Z50Z\" target=\"_blank\" rel=\"noreferrer noopener\"><mark style=\"background-color:rgba(0, 0, 0, 0)\" class=\"has-inline-color has-luminous-vivid-orange-color\">>> Siga o canal do BEC no WhatsApp<\/mark><\/a><\/strong><\/p>\n\n\n\n<figure class=\"wp-block-image aligncenter size-full is-resized\"><a href=\"https:\/\/i0.wp.com\/blogdoeloiltoncajuhy.com.br\/site\/wp-content\/uploads\/2026\/01\/Bezerra-da-Silva-Foto-Reproducao-do-disco-Presidente-Cao-Cao-de-1992.jpg?ssl=1\"><img data-recalc-dims=\"1\" fetchpriority=\"high\" decoding=\"async\" width=\"800\" height=\"800\" src=\"https:\/\/i0.wp.com\/blogdoeloiltoncajuhy.com.br\/site\/wp-content\/uploads\/2026\/01\/Bezerra-da-Silva-Foto-Reproducao-do-disco-Presidente-Cao-Cao-de-1992.jpg?resize=800%2C800&#038;ssl=1\" alt=\"\" class=\"wp-image-93005\" style=\"width:592px;height:auto\" srcset=\"https:\/\/i0.wp.com\/blogdoeloiltoncajuhy.com.br\/site\/wp-content\/uploads\/2026\/01\/Bezerra-da-Silva-Foto-Reproducao-do-disco-Presidente-Cao-Cao-de-1992.jpg?w=960&amp;ssl=1 960w, https:\/\/i0.wp.com\/blogdoeloiltoncajuhy.com.br\/site\/wp-content\/uploads\/2026\/01\/Bezerra-da-Silva-Foto-Reproducao-do-disco-Presidente-Cao-Cao-de-1992.jpg?resize=300%2C300&amp;ssl=1 300w, https:\/\/i0.wp.com\/blogdoeloiltoncajuhy.com.br\/site\/wp-content\/uploads\/2026\/01\/Bezerra-da-Silva-Foto-Reproducao-do-disco-Presidente-Cao-Cao-de-1992.jpg?resize=150%2C150&amp;ssl=1 150w, https:\/\/i0.wp.com\/blogdoeloiltoncajuhy.com.br\/site\/wp-content\/uploads\/2026\/01\/Bezerra-da-Silva-Foto-Reproducao-do-disco-Presidente-Cao-Cao-de-1992.jpg?resize=768%2C768&amp;ssl=1 768w\" sizes=\"(max-width: 800px) 100vw, 800px\" \/><\/a><figcaption class=\"wp-element-caption\"><sub>Foto: Reprodu\u00e7\u00e3o da capa do disco &#8220;Presidente Ca\u00f4 Ca\u00f4&#8221; de 1992<\/sub><\/figcaption><\/figure>\n\n\n\n<blockquote class=\"wp-block-quote is-layout-flow wp-block-quote-is-layout-flow\">\n<p><strong><mark style=\"background-color:rgba(0, 0, 0, 0)\" class=\"has-inline-color has-black-color\">&#8220;Malandro \u00e9 malandro e Man\u00e9 \u00e9 Man\u00e9<\/mark><\/strong><\/p>\n<\/blockquote>\n\n\n\n<p>No dia 17 de janeiro de 2005, o Brasil perdia um dos seus maiores sambistas. Morria, no Rio de Janeiro, <strong><mark style=\"background-color:rgba(0, 0, 0, 0)\" class=\"has-inline-color has-black-color\">Bezerra da Silva<\/mark><\/strong>, cantor e compositor considerado o embaixador dos morros e favelas. Nascido no Recife no dia 23 de fevereiro de 1927, Bezerra sempre cantou em suas m\u00fasicas sobre os problemas sociais das comunidades.<\/p>\n\n\n\n<p>Ap\u00f3s passar muita dificuldade no Rio de Janeiro, onde chegou a viver como morador de rua em Copacabana e tentou o suic\u00eddio, ele disse que foi salvo por um Santo da Umbanda. Depois disso, comp\u00f4s e gravou seu primeiro compacto em 1969 e o primeiro LP seis anos depois.<\/p>\n\n\n\n<p>Ao longo de sua carreira foram aproximadamente 30 discos lan\u00e7ados. Algumas de suas m\u00fasicas mais conhecidas s\u00e3o &#8220;Malandragem D\u00e1 um Tempo&#8221;, &#8220;Overdose de Cocada&#8221;, &#8220;Malandro N\u00e3o Vacila&#8221;, &#8220;Meu Pir\u00e3o Primeiro&#8221;, &#8220;Pai V\u00e9io 171&#8221;, &#8220;Candidato Ca\u00f4 Ca\u00f4&#8221;.<\/p>\n\n\n\n<p>Em 2001, Bezerra se tornou evang\u00e9lico e, dois anos depois, gravou um CD gospel. Em 2005, ano de sua morte, ele ainda participou de trabalhos com as bandas Planet Hemp, O Rappa e Velhas Virgens. Ele morreu v\u00edtima de parada card\u00edaca, numa segunda-feira, j\u00e1 que sempre dizia que n\u00e3o queria atrapalhar o final de semana dos amigos quando morresse.<\/p>\n\n\n\n<p>Dicr\u00f3, outro sambista de renome do Rio de Janeiro, e melhor amigo do Cantor, disse na \u00e9poca que Bezerra era o maior 171 de todos, j\u00e1 que morreu no dia 17\/1.<\/p>\n","protected":false},"excerpt":{"rendered":"<p>H\u00e1 21 anos, o samba se despedia de um cronista das favelas que transformou dor, malandragem e cr\u00edtica social em m\u00fasica imortal Blog do Eloilton Cajuhy \u2013 BEC >> Siga o canal do BEC no WhatsApp &#8220;Malandro \u00e9 malandro e Man\u00e9 \u00e9 Man\u00e9 No dia 17 de janeiro de 2005, o Brasil perdia um dos [&hellip;]<\/p>\n","protected":false},"author":2,"featured_media":93006,"comment_status":"open","ping_status":"open","sticky":false,"template":"","format":"standard","meta":{"_acf_changed":false,"_monsterinsights_skip_tracking":false,"_monsterinsights_sitenote_active":false,"_monsterinsights_sitenote_note":"","_monsterinsights_sitenote_category":0,"_jetpack_memberships_contains_paid_content":false,"footnotes":"","jetpack_publicize_message":"","jetpack_publicize_feature_enabled":true,"jetpack_social_post_already_shared":true,"jetpack_social_options":{"image_generator_settings":{"template":"highway","default_image_id":0,"font":"","enabled":false},"version":2}},"categories":[8],"tags":[],"class_list":["post-93004","post","type-post","status-publish","format-standard","has-post-thumbnail","hentry","category-cultura"],"acf":[],"jetpack_publicize_connections":[],"jetpack_featured_media_url":"https:\/\/i0.wp.com\/blogdoeloiltoncajuhy.com.br\/site\/wp-content\/uploads\/2026\/01\/Bezerra-da-Silva-capa.png?fit=876%2C601&ssl=1","jetpack_sharing_enabled":true,"publishpress_future_workflow_manual_trigger":{"enabledWorkflows":[]},"_links":{"self":[{"href":"https:\/\/blogdoeloiltoncajuhy.com.br\/site\/wp-json\/wp\/v2\/posts\/93004","targetHints":{"allow":["GET"]}}],"collection":[{"href":"https:\/\/blogdoeloiltoncajuhy.com.br\/site\/wp-json\/wp\/v2\/posts"}],"about":[{"href":"https:\/\/blogdoeloiltoncajuhy.com.br\/site\/wp-json\/wp\/v2\/types\/post"}],"author":[{"embeddable":true,"href":"https:\/\/blogdoeloiltoncajuhy.com.br\/site\/wp-json\/wp\/v2\/users\/2"}],"replies":[{"embeddable":true,"href":"https:\/\/blogdoeloiltoncajuhy.com.br\/site\/wp-json\/wp\/v2\/comments?post=93004"}],"version-history":[{"count":1,"href":"https:\/\/blogdoeloiltoncajuhy.com.br\/site\/wp-json\/wp\/v2\/posts\/93004\/revisions"}],"predecessor-version":[{"id":93007,"href":"https:\/\/blogdoeloiltoncajuhy.com.br\/site\/wp-json\/wp\/v2\/posts\/93004\/revisions\/93007"}],"wp:featuredmedia":[{"embeddable":true,"href":"https:\/\/blogdoeloiltoncajuhy.com.br\/site\/wp-json\/wp\/v2\/media\/93006"}],"wp:attachment":[{"href":"https:\/\/blogdoeloiltoncajuhy.com.br\/site\/wp-json\/wp\/v2\/media?parent=93004"}],"wp:term":[{"taxonomy":"category","embeddable":true,"href":"https:\/\/blogdoeloiltoncajuhy.com.br\/site\/wp-json\/wp\/v2\/categories?post=93004"},{"taxonomy":"post_tag","embeddable":true,"href":"https:\/\/blogdoeloiltoncajuhy.com.br\/site\/wp-json\/wp\/v2\/tags?post=93004"}],"curies":[{"name":"wp","href":"https:\/\/api.w.org\/{rel}","templated":true}]}}