{"id":92994,"date":"2026-01-16T22:30:00","date_gmt":"2026-01-17T01:30:00","guid":{"rendered":"https:\/\/blogdoeloiltoncajuhy.com.br\/site\/?p=92994"},"modified":"2026-01-16T20:10:27","modified_gmt":"2026-01-16T23:10:27","slug":"senhor-do-bonfim-vai-reunir-fieis-em-grande-celebracao-neste-sabado-17","status":"publish","type":"post","link":"https:\/\/blogdoeloiltoncajuhy.com.br\/site\/senhor-do-bonfim-vai-reunir-fieis-em-grande-celebracao-neste-sabado-17\/","title":{"rendered":"Senhor do Bonfim vai reunir fi\u00e9is em grande celebra\u00e7\u00e3o neste s\u00e1bado (17)"},"content":{"rendered":"\n<p class=\"has-medium-font-size\"><strong>Solenidade contar\u00e1 com celebra\u00e7\u00f5es, prociss\u00e3o pelas ruas da cidade e participa\u00e7\u00e3o de diversas comunidades<\/strong><\/p>\n\n\n\n<p><strong>Por Blog do Eloilton Cajuhy \u2013 BEC<\/strong><\/p>\n\n\n\n<p><strong><a href=\"https:\/\/whatsapp.com\/channel\/0029VaAT7tDLI8Yfj5y9Z50Z\" target=\"_blank\" rel=\"noreferrer noopener\"><mark style=\"background-color:rgba(0, 0, 0, 0)\" class=\"has-inline-color has-luminous-vivid-orange-color\">>> Siga o canal do BEC no WhatsApp<\/mark><\/a><\/strong><\/p>\n\n\n\n<figure class=\"wp-block-image aligncenter size-full is-resized\"><a href=\"https:\/\/i0.wp.com\/blogdoeloiltoncajuhy.com.br\/site\/wp-content\/uploads\/2026\/01\/Festa-do-Senhor-do-Bonfim-2026.png\"><img data-recalc-dims=\"1\" fetchpriority=\"high\" decoding=\"async\" width=\"694\" height=\"865\" src=\"https:\/\/i0.wp.com\/blogdoeloiltoncajuhy.com.br\/site\/wp-content\/uploads\/2026\/01\/Festa-do-Senhor-do-Bonfim-2026.png?resize=694%2C865\" alt=\"\" class=\"wp-image-92691\" style=\"width:614px;height:auto\" srcset=\"https:\/\/i0.wp.com\/blogdoeloiltoncajuhy.com.br\/site\/wp-content\/uploads\/2026\/01\/Festa-do-Senhor-do-Bonfim-2026.png?w=694&amp;ssl=1 694w, https:\/\/i0.wp.com\/blogdoeloiltoncajuhy.com.br\/site\/wp-content\/uploads\/2026\/01\/Festa-do-Senhor-do-Bonfim-2026.png?resize=241%2C300&amp;ssl=1 241w\" sizes=\"(max-width: 694px) 100vw, 694px\" \/><\/a><\/figure>\n\n\n\n<p>Neste s\u00e1bado (17) a cidade de Senhor do Bonfim viver\u00e1 um dos momentos mais marcantes de sua f\u00e9 com a Solenidade do Senhor do Bonfim, padroeiro do munic\u00edpio. A programa\u00e7\u00e3o religiosa ter\u00e1 in\u00edcio logo cedo e seguir\u00e1 ao longo de todo o dia, reunindo fi\u00e9is, clero e comunidades das zonas urbana e rural.<\/p>\n\n\n\n<p>\u00c0s 7h, ser\u00e3o celebradas as Laudes Solenes, seguidas de um caf\u00e9 da manh\u00e3 partilhado entre os participantes, fortalecendo os la\u00e7os de fraternidade e comunh\u00e3o. \u00c0s 10h, acontece a Solene Concelebra\u00e7\u00e3o Eucar\u00edstica, presidida por Dom Hernaldo Pinto Farias, Bispo Diocesano de Bonfim, com a participa\u00e7\u00e3o de todos os padres da Diocese.<\/p>\n\n\n\n<p>Ao meio-dia, os sinos da Catedral e de todas as capelas da Par\u00f3quia repicar\u00e3o em homenagem ao padroeiro, marcando simbolicamente o ponto alto da festa. J\u00e1 \u00e0s 16h30, haver\u00e1 momento de louvor e anima\u00e7\u00e3o, preparando os fi\u00e9is para a celebra\u00e7\u00e3o de encerramento.<\/p>\n\n\n\n<p>\u00c0s 17h, ser\u00e1 celebrada a Solene Concelebra\u00e7\u00e3o Eucar\u00edstica de encerramento da festa, presidida pelo Frei Marcos Cerqueira, Superior Provincial dos Frades Capuchinhos, com a participa\u00e7\u00e3o das comunidades Alto Bonito, Barro, Barroca do Faleiro, Caatinguinha, Carrapichel, Cazumba, Concei\u00e7\u00e3o, Cruzeiro, Curandeira, Estiva, Itapicuru, Jiboia, Lages, Lim\u00f5es, Miss\u00e3o do Sahy, Passagem Velha, Tanquinho, Tijua\u00e7u e V\u00e1rzea do Mulato.<\/p>\n\n\n\n<p>Encerrando a programa\u00e7\u00e3o, \u00e0s 18h, os fi\u00e9is seguir\u00e3o em prociss\u00e3o com a Imagem do Senhor do Bonfim pelas ruas da cidade, culminando com a b\u00ean\u00e7\u00e3o solene do padroeiro, em um momento de profunda f\u00e9, devo\u00e7\u00e3o e gratid\u00e3o.<\/p>\n\n\n\n<p><strong><mark style=\"background-color:rgba(0, 0, 0, 0)\" class=\"has-inline-color has-black-color\">A prociss\u00e3o ter\u00e1 o seguinte roteiro:<\/mark><\/strong> <em>Pra\u00e7a Juracy Magalh\u00e3es > Pra\u00e7a Austricliano de Carvalho > Rua Visconde do Rio Branco > Rua General Os\u00f3rio > Pra\u00e7a Alexandre G\u00f3es > Pra\u00e7a Lauro de Freitas > Rua Floriano Peixoto (Pra\u00e7a Nova) > Avenida Dois de Julho > Rua Jo\u00e3o Maciel > Avenida Ant\u00f4nio Laurindo > Pra\u00e7a Ant\u00f4nio Gon\u00e7alves > Rua Rui Barbosa > Pra\u00e7a Austricliano de Carvalho.<\/em><\/p>\n\n\n\n<p>A Solenidade do Senhor do Bonfim \u00e9 um convite \u00e0 renova\u00e7\u00e3o espiritual e \u00e0 viv\u00eancia da f\u00e9 que une gera\u00e7\u00f5es e fortalece a identidade religiosa do povo bonfinense.<\/p>\n","protected":false},"excerpt":{"rendered":"<p>Solenidade contar\u00e1 com celebra\u00e7\u00f5es, prociss\u00e3o pelas ruas da cidade e participa\u00e7\u00e3o de diversas comunidades Por Blog do Eloilton Cajuhy \u2013 BEC >> Siga o canal do BEC no WhatsApp Neste s\u00e1bado (17) a cidade de Senhor do Bonfim viver\u00e1 um dos momentos mais marcantes de sua f\u00e9 com a Solenidade do Senhor do Bonfim, padroeiro [&hellip;]<\/p>\n","protected":false},"author":2,"featured_media":92691,"comment_status":"open","ping_status":"open","sticky":false,"template":"","format":"standard","meta":{"_acf_changed":false,"_monsterinsights_skip_tracking":false,"_monsterinsights_sitenote_active":false,"_monsterinsights_sitenote_note":"","_monsterinsights_sitenote_category":0,"_jetpack_memberships_contains_paid_content":false,"footnotes":"","jetpack_publicize_message":"","jetpack_publicize_feature_enabled":true,"jetpack_social_post_already_shared":true,"jetpack_social_options":{"image_generator_settings":{"template":"highway","default_image_id":0,"font":"","enabled":false},"version":2}},"categories":[4],"tags":[],"class_list":["post-92994","post","type-post","status-publish","format-standard","has-post-thumbnail","hentry","category-local"],"acf":[],"jetpack_publicize_connections":[],"jetpack_featured_media_url":"https:\/\/i0.wp.com\/blogdoeloiltoncajuhy.com.br\/site\/wp-content\/uploads\/2026\/01\/Festa-do-Senhor-do-Bonfim-2026.png?fit=694%2C865&ssl=1","jetpack_sharing_enabled":true,"publishpress_future_workflow_manual_trigger":{"enabledWorkflows":[]},"_links":{"self":[{"href":"https:\/\/blogdoeloiltoncajuhy.com.br\/site\/wp-json\/wp\/v2\/posts\/92994","targetHints":{"allow":["GET"]}}],"collection":[{"href":"https:\/\/blogdoeloiltoncajuhy.com.br\/site\/wp-json\/wp\/v2\/posts"}],"about":[{"href":"https:\/\/blogdoeloiltoncajuhy.com.br\/site\/wp-json\/wp\/v2\/types\/post"}],"author":[{"embeddable":true,"href":"https:\/\/blogdoeloiltoncajuhy.com.br\/site\/wp-json\/wp\/v2\/users\/2"}],"replies":[{"embeddable":true,"href":"https:\/\/blogdoeloiltoncajuhy.com.br\/site\/wp-json\/wp\/v2\/comments?post=92994"}],"version-history":[{"count":1,"href":"https:\/\/blogdoeloiltoncajuhy.com.br\/site\/wp-json\/wp\/v2\/posts\/92994\/revisions"}],"predecessor-version":[{"id":92995,"href":"https:\/\/blogdoeloiltoncajuhy.com.br\/site\/wp-json\/wp\/v2\/posts\/92994\/revisions\/92995"}],"wp:featuredmedia":[{"embeddable":true,"href":"https:\/\/blogdoeloiltoncajuhy.com.br\/site\/wp-json\/wp\/v2\/media\/92691"}],"wp:attachment":[{"href":"https:\/\/blogdoeloiltoncajuhy.com.br\/site\/wp-json\/wp\/v2\/media?parent=92994"}],"wp:term":[{"taxonomy":"category","embeddable":true,"href":"https:\/\/blogdoeloiltoncajuhy.com.br\/site\/wp-json\/wp\/v2\/categories?post=92994"},{"taxonomy":"post_tag","embeddable":true,"href":"https:\/\/blogdoeloiltoncajuhy.com.br\/site\/wp-json\/wp\/v2\/tags?post=92994"}],"curies":[{"name":"wp","href":"https:\/\/api.w.org\/{rel}","templated":true}]}}