{"id":92990,"date":"2026-01-17T00:10:00","date_gmt":"2026-01-17T03:10:00","guid":{"rendered":"https:\/\/blogdoeloiltoncajuhy.com.br\/site\/?p=92990"},"modified":"2026-01-16T18:06:23","modified_gmt":"2026-01-16T21:06:23","slug":"se-tiver-de-cair-caiam-os-bandidos-afirma-jeronimo-apos-morte-de-capitao-da-pm","status":"publish","type":"post","link":"https:\/\/blogdoeloiltoncajuhy.com.br\/site\/se-tiver-de-cair-caiam-os-bandidos-afirma-jeronimo-apos-morte-de-capitao-da-pm\/","title":{"rendered":"\u201cSe tiver de cair, caiam os bandidos\u201d, afirma Jer\u00f4nimo ap\u00f3s morte de capit\u00e3o da PM"},"content":{"rendered":"\n<p><strong>Pol\u00edtica ao Vivo<\/strong><\/p>\n\n\n\n<p><strong><a href=\"https:\/\/whatsapp.com\/channel\/0029VaAT7tDLI8Yfj5y9Z50Z\" target=\"_blank\" rel=\"noreferrer noopener\"><mark style=\"background-color:rgba(0, 0, 0, 0)\" class=\"has-inline-color has-luminous-vivid-orange-color\">>> Siga o canal do BEC no WhatsApp<\/mark><\/a><\/strong><\/p>\n\n\n\n<figure class=\"wp-block-image aligncenter size-full is-resized\"><a href=\"https:\/\/i0.wp.com\/blogdoeloiltoncajuhy.com.br\/site\/wp-content\/uploads\/2026\/01\/Jeronimo-080126-Redes-Sociais.jpg\"><img data-recalc-dims=\"1\" fetchpriority=\"high\" decoding=\"async\" width=\"438\" height=\"295\" src=\"https:\/\/i0.wp.com\/blogdoeloiltoncajuhy.com.br\/site\/wp-content\/uploads\/2026\/01\/Jeronimo-080126-Redes-Sociais.jpg?resize=438%2C295\" alt=\"\" class=\"wp-image-92755\" style=\"aspect-ratio:1.484813024675655;width:604px;height:auto\" srcset=\"https:\/\/i0.wp.com\/blogdoeloiltoncajuhy.com.br\/site\/wp-content\/uploads\/2026\/01\/Jeronimo-080126-Redes-Sociais.jpg?w=438&amp;ssl=1 438w, https:\/\/i0.wp.com\/blogdoeloiltoncajuhy.com.br\/site\/wp-content\/uploads\/2026\/01\/Jeronimo-080126-Redes-Sociais.jpg?resize=300%2C202&amp;ssl=1 300w\" sizes=\"(max-width: 438px) 100vw, 438px\" \/><\/a><figcaption class=\"wp-element-caption\"><sub>Reprodu\u00e7\u00e3o \/ Redes Sociais<\/sub><\/figcaption><\/figure>\n\n\n\n<p>O governador Jer\u00f4nimo Rodrigues lamentou nesta sexta-feira (16) a morte do capit\u00e3o da Pol\u00edcia Militar Osni\u00e9sio Salom\u00e3o, v\u00edtima de um assalto ap\u00f3s troca de tiros em Salvador. A declara\u00e7\u00e3o foi feita durante cerim\u00f4nia de entrega de 70 ve\u00edculos a munic\u00edpios baianos pelo programa Estrutura de Mobilidade no Sistema \u00danico de Assist\u00eancia Social (MobSUAS Bahia).<\/p>\n\n\n\n<p>Ele destacou o apoio do Estado \u00e0 fam\u00edlia do oficial e \u00e0 corpora\u00e7\u00e3o, al\u00e9m de pedir que o caso n\u00e3o seja usado em disputas pol\u00edticas. \u201cPrimeiro registrar os meus sentimentos aos familiares. Ontem quando a gente estava acompanhando o voto do Bonfim eu j\u00e1 tive a not\u00edcia. Os sentimentos aos familiares, mas tamb\u00e9m a tropa. N\u00f3s n\u00e3o vamos permitir de forma nenhuma que em confronto os nossos caiam. Se tiver de cair, caiam os bandidos e n\u00f3s haveremos de ser firmes com isso\u201d, afirmou.<\/p>\n\n\n\n<p>Em seu pronunciamento, o governador refor\u00e7ou que o epis\u00f3dio n\u00e3o deve ser transformado em pauta partid\u00e1ria. \u201cN\u00f3s n\u00e3o podemos utilizar de fato como o eixo para qualquer debate ou manifesta\u00e7\u00e3o partid\u00e1ria ou pol\u00edtica. N\u00f3s estamos tratando de um tema importante, de um tema que requer da gente muita tranquilidade. O policial que veio falecer n\u00e3o estava trabalhando, ele n\u00e3o estava na sua a\u00e7\u00e3o, mas um policial, \u00e9 um cidad\u00e3o que n\u00f3s entendemos a necessidade de a gente poder fazer um esfor\u00e7o\u201d, disse.<\/p>\n\n\n\n<p>Jer\u00f4nimo tamb\u00e9m anunciou novos investimentos em armamentos, viaturas blindadas, equipamentos de prote\u00e7\u00e3o e concursos para ampliar o efetivo. Ele determinou que a investiga\u00e7\u00e3o alcance n\u00e3o apenas os executores, mas os mandantes do crime. Segundo o governador, o objetivo \u00e9 enfrentar qualquer envolvimento do crime organizado.<\/p>\n\n\n\n<p>\u201cEu vou continuar fortalecendo os investimentos para a Seguran\u00e7a P\u00fablica, seja na compra de armas, seja na compra de viaturas blindadas, seja na compra de coletes, de concurso para que mais policiais tenham. A determina\u00e7\u00e3o minha foi que a gente pudesse ir em busca das pessoas respons\u00e1veis que naquele ato fizeram a a\u00e7\u00e3o, mas tamb\u00e9m daqueles que est\u00e3o por tr\u00e1s. Se tem crime organizado por tr\u00e1s, n\u00f3s haveremos de encontrar\u201d, concluiu.<\/p>\n","protected":false},"excerpt":{"rendered":"<p>Pol\u00edtica ao Vivo >> Siga o canal do BEC no WhatsApp O governador Jer\u00f4nimo Rodrigues lamentou nesta sexta-feira (16) a morte do capit\u00e3o da Pol\u00edcia Militar Osni\u00e9sio Salom\u00e3o, v\u00edtima de um assalto ap\u00f3s troca de tiros em Salvador. A declara\u00e7\u00e3o foi feita durante cerim\u00f4nia de entrega de 70 ve\u00edculos a munic\u00edpios baianos pelo programa Estrutura [&hellip;]<\/p>\n","protected":false},"author":2,"featured_media":84189,"comment_status":"open","ping_status":"open","sticky":false,"template":"","format":"standard","meta":{"_acf_changed":false,"_monsterinsights_skip_tracking":false,"_monsterinsights_sitenote_active":false,"_monsterinsights_sitenote_note":"","_monsterinsights_sitenote_category":0,"_jetpack_memberships_contains_paid_content":false,"footnotes":"","jetpack_publicize_message":"","jetpack_publicize_feature_enabled":true,"jetpack_social_post_already_shared":true,"jetpack_social_options":{"image_generator_settings":{"template":"highway","default_image_id":0,"font":"","enabled":false},"version":2}},"categories":[3],"tags":[],"class_list":["post-92990","post","type-post","status-publish","format-standard","has-post-thumbnail","hentry","category-politica"],"acf":[],"jetpack_publicize_connections":[],"jetpack_featured_media_url":"https:\/\/i0.wp.com\/blogdoeloiltoncajuhy.com.br\/site\/wp-content\/uploads\/2024\/11\/GOVBA_DECRIN-01-JERONIMO-Foto-Feijao-Almeida.webp?fit=1068%2C632&ssl=1","jetpack_sharing_enabled":true,"publishpress_future_workflow_manual_trigger":{"enabledWorkflows":[]},"_links":{"self":[{"href":"https:\/\/blogdoeloiltoncajuhy.com.br\/site\/wp-json\/wp\/v2\/posts\/92990","targetHints":{"allow":["GET"]}}],"collection":[{"href":"https:\/\/blogdoeloiltoncajuhy.com.br\/site\/wp-json\/wp\/v2\/posts"}],"about":[{"href":"https:\/\/blogdoeloiltoncajuhy.com.br\/site\/wp-json\/wp\/v2\/types\/post"}],"author":[{"embeddable":true,"href":"https:\/\/blogdoeloiltoncajuhy.com.br\/site\/wp-json\/wp\/v2\/users\/2"}],"replies":[{"embeddable":true,"href":"https:\/\/blogdoeloiltoncajuhy.com.br\/site\/wp-json\/wp\/v2\/comments?post=92990"}],"version-history":[{"count":1,"href":"https:\/\/blogdoeloiltoncajuhy.com.br\/site\/wp-json\/wp\/v2\/posts\/92990\/revisions"}],"predecessor-version":[{"id":92991,"href":"https:\/\/blogdoeloiltoncajuhy.com.br\/site\/wp-json\/wp\/v2\/posts\/92990\/revisions\/92991"}],"wp:featuredmedia":[{"embeddable":true,"href":"https:\/\/blogdoeloiltoncajuhy.com.br\/site\/wp-json\/wp\/v2\/media\/84189"}],"wp:attachment":[{"href":"https:\/\/blogdoeloiltoncajuhy.com.br\/site\/wp-json\/wp\/v2\/media?parent=92990"}],"wp:term":[{"taxonomy":"category","embeddable":true,"href":"https:\/\/blogdoeloiltoncajuhy.com.br\/site\/wp-json\/wp\/v2\/categories?post=92990"},{"taxonomy":"post_tag","embeddable":true,"href":"https:\/\/blogdoeloiltoncajuhy.com.br\/site\/wp-json\/wp\/v2\/tags?post=92990"}],"curies":[{"name":"wp","href":"https:\/\/api.w.org\/{rel}","templated":true}]}}