{"id":92983,"date":"2026-01-17T00:10:00","date_gmt":"2026-01-17T03:10:00","guid":{"rendered":"https:\/\/blogdoeloiltoncajuhy.com.br\/site\/?p=92983"},"modified":"2026-01-16T17:13:30","modified_gmt":"2026-01-16T20:13:30","slug":"acesb-convoca-associados-para-assembleia-geral-ordinaria-e-extraordinaria","status":"publish","type":"post","link":"https:\/\/blogdoeloiltoncajuhy.com.br\/site\/acesb-convoca-associados-para-assembleia-geral-ordinaria-e-extraordinaria\/","title":{"rendered":"ACESB convoca associados para Assembleia Geral Ordin\u00e1ria e Extraordin\u00e1ria"},"content":{"rendered":"\n<p class=\"has-medium-font-size\"><strong>Encontro ser\u00e1 realizado no dia 2 de fevereiro e definir\u00e1 novo Estatuto Social e elei\u00e7\u00e3o da Diretoria Executiva e do Conselho Fiscal<\/strong><\/p>\n\n\n\n<p><strong>Por Blog do Eloilton Cajuhy \u2013 BEC<\/strong><\/p>\n\n\n\n<p><strong><a href=\"https:\/\/whatsapp.com\/channel\/0029VaAT7tDLI8Yfj5y9Z50Z\" target=\"_blank\" rel=\"noreferrer noopener\"><mark style=\"background-color:rgba(0, 0, 0, 0)\" class=\"has-inline-color has-luminous-vivid-orange-color\">>> Siga o canal do BEC no WhatsApp<\/mark><\/a><\/strong><\/p>\n\n\n\n<figure class=\"wp-block-image aligncenter size-full is-resized\"><a href=\"https:\/\/i0.wp.com\/blogdoeloiltoncajuhy.com.br\/site\/wp-content\/uploads\/2026\/01\/ACESB-16012026.png?ssl=1\"><img data-recalc-dims=\"1\" fetchpriority=\"high\" decoding=\"async\" width=\"650\" height=\"343\" src=\"https:\/\/i0.wp.com\/blogdoeloiltoncajuhy.com.br\/site\/wp-content\/uploads\/2026\/01\/ACESB-16012026.png?resize=650%2C343&#038;ssl=1\" alt=\"\" class=\"wp-image-92984\" style=\"width:714px;height:auto\" srcset=\"https:\/\/i0.wp.com\/blogdoeloiltoncajuhy.com.br\/site\/wp-content\/uploads\/2026\/01\/ACESB-16012026.png?w=650&amp;ssl=1 650w, https:\/\/i0.wp.com\/blogdoeloiltoncajuhy.com.br\/site\/wp-content\/uploads\/2026\/01\/ACESB-16012026.png?resize=300%2C158&amp;ssl=1 300w\" sizes=\"(max-width: 650px) 100vw, 650px\" \/><\/a><\/figure>\n\n\n\n<p>A Associa\u00e7\u00e3o Cultural dos Espadeiros de Senhor do Bonfim (ACESB) publicou edital de convoca\u00e7\u00e3o para a realiza\u00e7\u00e3o da Assembleia Geral Ordin\u00e1ria e Extraordin\u00e1ria, marcada para o dia <strong>2 de fevereiro de 2026<\/strong>, com o objetivo de deliberar sobre temas fundamentais para o futuro da entidade.<\/p>\n\n\n\n<p>A Assembleia acontecer\u00e1 em <strong>primeira convoca\u00e7\u00e3o \u00e0s 19h<\/strong>, com a presen\u00e7a da maioria absoluta dos associados. Caso n\u00e3o haja qu\u00f3rum, ser\u00e1 realizada <strong>segunda convoca\u00e7\u00e3o \u00e0s 19h30<\/strong>, com qualquer n\u00famero de associados presentes. O local definido \u00e9 a <strong>Associa\u00e7\u00e3o dos Aposentados de Senhor do Bonfim<\/strong>, situada na Pra\u00e7a Luiz Viana, n\u00ba 118, no Campo do Gado.<\/p>\n\n\n\n<p>Entre os principais pontos da <strong>ordem do dia<\/strong> est\u00e3o a discuss\u00e3o e delibera\u00e7\u00e3o sobre a aprova\u00e7\u00e3o do novo Estatuto Social da ACESB, a elei\u00e7\u00e3o e posse da Diretoria Executiva e do Conselho Fiscal, al\u00e9m da aprecia\u00e7\u00e3o de assuntos gerais de interesse da associa\u00e7\u00e3o.<\/p>\n\n\n\n<p>A ACESB tamb\u00e9m informa que as <strong>chapas concorrentes<\/strong> aos cargos da Diretoria Executiva e do Conselho Fiscal dever\u00e3o ser registradas at\u00e9 <strong>cinco dias antes da data da Assembleia<\/strong>, por meio de protocolo no e-mail institucional <a><strong>acesb.gestao@gmail.com<\/strong><\/a>, contendo o nome completo dos integrantes e os respectivos cargos.<\/p>\n\n\n\n<p>Conforme o edital, <strong>somente poder\u00e3o votar e ser votados<\/strong> os associados regularmente inscritos e em dia com suas obriga\u00e7\u00f5es estatut\u00e1rias, de acordo com a rela\u00e7\u00e3o que ser\u00e1 disponibilizada pela Diretoria Executiva.<\/p>\n\n\n\n<p>O edital foi publicado em <strong>16 de janeiro de 2026<\/strong>, respeitando o prazo previsto no Estatuto, e est\u00e1 sendo divulgado por meio dos canais oficiais da ACESB. A entidade refor\u00e7a a import\u00e2ncia da participa\u00e7\u00e3o dos associados nesse momento decisivo para o fortalecimento e a organiza\u00e7\u00e3o da cultura dos espadeiros em Senhor do Bonfim.<\/p>\n","protected":false},"excerpt":{"rendered":"<p>Encontro ser\u00e1 realizado no dia 2 de fevereiro e definir\u00e1 novo Estatuto Social e elei\u00e7\u00e3o da Diretoria Executiva e do Conselho Fiscal Por Blog do Eloilton Cajuhy \u2013 BEC >> Siga o canal do BEC no WhatsApp A Associa\u00e7\u00e3o Cultural dos Espadeiros de Senhor do Bonfim (ACESB) publicou edital de convoca\u00e7\u00e3o para a realiza\u00e7\u00e3o da [&hellip;]<\/p>\n","protected":false},"author":2,"featured_media":92984,"comment_status":"open","ping_status":"open","sticky":false,"template":"","format":"standard","meta":{"_acf_changed":false,"_monsterinsights_skip_tracking":false,"_monsterinsights_sitenote_active":false,"_monsterinsights_sitenote_note":"","_monsterinsights_sitenote_category":0,"_jetpack_memberships_contains_paid_content":false,"footnotes":"","jetpack_publicize_message":"","jetpack_publicize_feature_enabled":true,"jetpack_social_post_already_shared":true,"jetpack_social_options":{"image_generator_settings":{"template":"highway","default_image_id":0,"font":"","enabled":false},"version":2}},"categories":[4],"tags":[],"class_list":["post-92983","post","type-post","status-publish","format-standard","has-post-thumbnail","hentry","category-local"],"acf":[],"jetpack_publicize_connections":[],"jetpack_featured_media_url":"https:\/\/i0.wp.com\/blogdoeloiltoncajuhy.com.br\/site\/wp-content\/uploads\/2026\/01\/ACESB-16012026.png?fit=650%2C343&ssl=1","jetpack_sharing_enabled":true,"publishpress_future_workflow_manual_trigger":{"enabledWorkflows":[]},"_links":{"self":[{"href":"https:\/\/blogdoeloiltoncajuhy.com.br\/site\/wp-json\/wp\/v2\/posts\/92983","targetHints":{"allow":["GET"]}}],"collection":[{"href":"https:\/\/blogdoeloiltoncajuhy.com.br\/site\/wp-json\/wp\/v2\/posts"}],"about":[{"href":"https:\/\/blogdoeloiltoncajuhy.com.br\/site\/wp-json\/wp\/v2\/types\/post"}],"author":[{"embeddable":true,"href":"https:\/\/blogdoeloiltoncajuhy.com.br\/site\/wp-json\/wp\/v2\/users\/2"}],"replies":[{"embeddable":true,"href":"https:\/\/blogdoeloiltoncajuhy.com.br\/site\/wp-json\/wp\/v2\/comments?post=92983"}],"version-history":[{"count":1,"href":"https:\/\/blogdoeloiltoncajuhy.com.br\/site\/wp-json\/wp\/v2\/posts\/92983\/revisions"}],"predecessor-version":[{"id":92985,"href":"https:\/\/blogdoeloiltoncajuhy.com.br\/site\/wp-json\/wp\/v2\/posts\/92983\/revisions\/92985"}],"wp:featuredmedia":[{"embeddable":true,"href":"https:\/\/blogdoeloiltoncajuhy.com.br\/site\/wp-json\/wp\/v2\/media\/92984"}],"wp:attachment":[{"href":"https:\/\/blogdoeloiltoncajuhy.com.br\/site\/wp-json\/wp\/v2\/media?parent=92983"}],"wp:term":[{"taxonomy":"category","embeddable":true,"href":"https:\/\/blogdoeloiltoncajuhy.com.br\/site\/wp-json\/wp\/v2\/categories?post=92983"},{"taxonomy":"post_tag","embeddable":true,"href":"https:\/\/blogdoeloiltoncajuhy.com.br\/site\/wp-json\/wp\/v2\/tags?post=92983"}],"curies":[{"name":"wp","href":"https:\/\/api.w.org\/{rel}","templated":true}]}}