{"id":92960,"date":"2026-01-16T00:10:00","date_gmt":"2026-01-16T03:10:00","guid":{"rendered":"https:\/\/blogdoeloiltoncajuhy.com.br\/site\/?p=92960"},"modified":"2026-01-15T17:45:39","modified_gmt":"2026-01-15T20:45:39","slug":"dino-proibe-emendas-para-entidades-ligadas-a-parentes-de-parlamentares","status":"publish","type":"post","link":"https:\/\/blogdoeloiltoncajuhy.com.br\/site\/dino-proibe-emendas-para-entidades-ligadas-a-parentes-de-parlamentares\/","title":{"rendered":"Dino pro\u00edbe emendas para entidades ligadas a parentes de parlamentares"},"content":{"rendered":"\n<p class=\"has-medium-font-size\"><strong>Medida visa impedir pr\u00e1tica de nepotismo e improbidade administrativa<\/strong><\/p>\n\n\n\n<p><strong>Por Felipe Pontes\/Ag\u00eancia Brasil<\/strong><\/p>\n\n\n\n<p><strong><a href=\"https:\/\/whatsapp.com\/channel\/0029VaAT7tDLI8Yfj5y9Z50Z\" target=\"_blank\" rel=\"noreferrer noopener\"><mark style=\"background-color:rgba(0, 0, 0, 0)\" class=\"has-inline-color has-luminous-vivid-orange-color\">>> Siga o canal do BEC no WhatsApp<\/mark><\/a><\/strong><\/p>\n\n\n\n<figure class=\"wp-block-image aligncenter size-full\"><a href=\"https:\/\/i0.wp.com\/blogdoeloiltoncajuhy.com.br\/site\/wp-content\/uploads\/2024\/11\/Ministro-Flavio-Dino_Foto-Gustavo-Moreno-STF.jpeg\"><img data-recalc-dims=\"1\" fetchpriority=\"high\" decoding=\"async\" width=\"760\" height=\"455\" src=\"https:\/\/i0.wp.com\/blogdoeloiltoncajuhy.com.br\/site\/wp-content\/uploads\/2024\/11\/Ministro-Flavio-Dino_Foto-Gustavo-Moreno-STF.jpeg?resize=760%2C455\" alt=\"\" class=\"wp-image-84177\" srcset=\"https:\/\/i0.wp.com\/blogdoeloiltoncajuhy.com.br\/site\/wp-content\/uploads\/2024\/11\/Ministro-Flavio-Dino_Foto-Gustavo-Moreno-STF.jpeg?w=760&amp;ssl=1 760w, https:\/\/i0.wp.com\/blogdoeloiltoncajuhy.com.br\/site\/wp-content\/uploads\/2024\/11\/Ministro-Flavio-Dino_Foto-Gustavo-Moreno-STF.jpeg?resize=300%2C180&amp;ssl=1 300w\" sizes=\"(max-width: 760px) 100vw, 760px\" \/><\/a><figcaption class=\"wp-element-caption\"><sub>Ministro Fl\u00e1vio Dino &#8211; Foto: Gustavo Moreno\/STF<\/sub><\/figcaption><\/figure>\n\n\n\n<p>O ministro Fl\u00e1vio Dino, do Supremo Tribunal Federal (STF), proibiu nesta quinta-feira (15) a destina\u00e7\u00e3o de emendas parlamentares a entidades do terceiro setor que tenham na dire\u00e7\u00e3o parentes do congressista respons\u00e1vel pela indica\u00e7\u00e3o da verba p\u00fablica.<\/p>\n\n\n\n<p>Pela decis\u00e3o, a proibi\u00e7\u00e3o alcan\u00e7a tamb\u00e9m parentes dos assessores parlamentares do respons\u00e1vel pela emenda. A veda\u00e7\u00e3o alcan\u00e7a ainda outros tipos de pessoas jur\u00eddicas, como empresas que tenham entre os s\u00f3cios ou dirigentes familiares ou c\u00f4njuges de congressistas, prestadores de servi\u00e7o e fornecedores.<\/p>\n\n\n\n<blockquote class=\"wp-block-quote is-layout-flow wp-block-quote-is-layout-flow\">\n<p><strong><mark style=\"background-color:rgba(0, 0, 0, 0)\" class=\"has-inline-color has-black-color\">\u201cCom efeito, n\u00e3o se revela compat\u00edvel com o regime republicano que parlamentar possa destinar emendas a entidades vinculadas a familiares, direta ou indiretamente, transformando recursos p\u00fablicos em moeda de afeto, conveni\u00eancia ou lealdade pessoal, para n\u00e3o mencionar hip\u00f3teses de escancarado peculato\u201d, escreveu Dino.<\/mark><\/strong><\/p>\n<\/blockquote>\n\n\n\n<p>Tal pr\u00e1tica \u201cdesnatura por completo a finalidade constitucional das emendas, como tamb\u00e9m esvazia a impessoalidade, degrada a legitimidade da despesa e alimenta a desconfian\u00e7a da sociedade nas institui\u00e7\u00f5es democr\u00e1ticas\u201d, acrescentou o ministro. Ele afirmou ainda que a medida visa impedir a pr\u00e1tica de nepotismo e de improbidade administrativa.<\/p>\n\n\n\n<p>No in\u00edcio da decis\u00e3o, o ministro citou levantamento publicado na quarta-feira (14) pelo jornal O Globo, segundo o qual as emendas destinadas a Organiza\u00e7\u00f5es N\u00e3o Governamentais (ONGs) chegaram a R$ 3,5 bilh\u00f5es na atual legislatura, 410% a mais do destinado em toda a legislatura anterior, entre 2019 e 2022. O valor \u00e9 tamb\u00e9m mais que o triplo das emendas destinadas a estados e o Distrito Federal.<\/p>\n\n\n\n<p>Ap\u00f3s citar esse aumento, Dino afirmou que \u201cavolumam-se ind\u00edcios graves de malversa\u00e7\u00e3o de verbas p\u00fablicas, com a destina\u00e7\u00e3o de recursos para a satisfa\u00e7\u00e3o de interesses privados\u201d. O ministro lembrou que j\u00e1 havia bloqueado os repasses a ONGs sem sede comprovada.<\/p>\n\n\n\n<p>Dino \u00e9 relator de diferentes a\u00e7\u00f5es de descumprimento de preceito fundamental (ADPFs) que tratam da constitucionalidade na libera\u00e7\u00e3o de emendas parlamentares. Desde 2022, o Supremo vem impondo uma s\u00e9rie de medidas para assegurar a transpar\u00eancia e a rastreabilidade dos recursos p\u00fablicos.<\/p>\n\n\n\n<p>Em paralelo, tramitam em diferentes gabinetes diversos casos sobre suspeitas de desvios em emendas parlamentares.<\/p>\n","protected":false},"excerpt":{"rendered":"<p>Medida visa impedir pr\u00e1tica de nepotismo e improbidade administrativa Por Felipe Pontes\/Ag\u00eancia Brasil >> Siga o canal do BEC no WhatsApp O ministro Fl\u00e1vio Dino, do Supremo Tribunal Federal (STF), proibiu nesta quinta-feira (15) a destina\u00e7\u00e3o de emendas parlamentares a entidades do terceiro setor que tenham na dire\u00e7\u00e3o parentes do congressista respons\u00e1vel pela indica\u00e7\u00e3o da [&hellip;]<\/p>\n","protected":false},"author":2,"featured_media":84177,"comment_status":"open","ping_status":"open","sticky":false,"template":"","format":"standard","meta":{"_acf_changed":false,"_monsterinsights_skip_tracking":false,"_monsterinsights_sitenote_active":false,"_monsterinsights_sitenote_note":"","_monsterinsights_sitenote_category":0,"_jetpack_memberships_contains_paid_content":false,"footnotes":"","jetpack_publicize_message":"","jetpack_publicize_feature_enabled":true,"jetpack_social_post_already_shared":true,"jetpack_social_options":{"image_generator_settings":{"template":"highway","default_image_id":0,"font":"","enabled":false},"version":2}},"categories":[3],"tags":[],"class_list":["post-92960","post","type-post","status-publish","format-standard","has-post-thumbnail","hentry","category-politica"],"acf":[],"jetpack_publicize_connections":[],"jetpack_featured_media_url":"https:\/\/i0.wp.com\/blogdoeloiltoncajuhy.com.br\/site\/wp-content\/uploads\/2024\/11\/Ministro-Flavio-Dino_Foto-Gustavo-Moreno-STF.jpeg?fit=760%2C455&ssl=1","jetpack_sharing_enabled":true,"publishpress_future_workflow_manual_trigger":{"enabledWorkflows":[]},"_links":{"self":[{"href":"https:\/\/blogdoeloiltoncajuhy.com.br\/site\/wp-json\/wp\/v2\/posts\/92960","targetHints":{"allow":["GET"]}}],"collection":[{"href":"https:\/\/blogdoeloiltoncajuhy.com.br\/site\/wp-json\/wp\/v2\/posts"}],"about":[{"href":"https:\/\/blogdoeloiltoncajuhy.com.br\/site\/wp-json\/wp\/v2\/types\/post"}],"author":[{"embeddable":true,"href":"https:\/\/blogdoeloiltoncajuhy.com.br\/site\/wp-json\/wp\/v2\/users\/2"}],"replies":[{"embeddable":true,"href":"https:\/\/blogdoeloiltoncajuhy.com.br\/site\/wp-json\/wp\/v2\/comments?post=92960"}],"version-history":[{"count":1,"href":"https:\/\/blogdoeloiltoncajuhy.com.br\/site\/wp-json\/wp\/v2\/posts\/92960\/revisions"}],"predecessor-version":[{"id":92961,"href":"https:\/\/blogdoeloiltoncajuhy.com.br\/site\/wp-json\/wp\/v2\/posts\/92960\/revisions\/92961"}],"wp:featuredmedia":[{"embeddable":true,"href":"https:\/\/blogdoeloiltoncajuhy.com.br\/site\/wp-json\/wp\/v2\/media\/84177"}],"wp:attachment":[{"href":"https:\/\/blogdoeloiltoncajuhy.com.br\/site\/wp-json\/wp\/v2\/media?parent=92960"}],"wp:term":[{"taxonomy":"category","embeddable":true,"href":"https:\/\/blogdoeloiltoncajuhy.com.br\/site\/wp-json\/wp\/v2\/categories?post=92960"},{"taxonomy":"post_tag","embeddable":true,"href":"https:\/\/blogdoeloiltoncajuhy.com.br\/site\/wp-json\/wp\/v2\/tags?post=92960"}],"curies":[{"name":"wp","href":"https:\/\/api.w.org\/{rel}","templated":true}]}}