{"id":92951,"date":"2026-01-16T00:10:00","date_gmt":"2026-01-16T03:10:00","guid":{"rendered":"https:\/\/blogdoeloiltoncajuhy.com.br\/site\/?p=92951"},"modified":"2026-01-15T17:13:59","modified_gmt":"2026-01-15T20:13:59","slug":"nutricionista-da-dicas-para-manter-a-saude-nos-dias-de-calor-excessivo","status":"publish","type":"post","link":"https:\/\/blogdoeloiltoncajuhy.com.br\/site\/nutricionista-da-dicas-para-manter-a-saude-nos-dias-de-calor-excessivo\/","title":{"rendered":"Nutricionista d\u00e1 dicas para manter a sa\u00fade nos dias de calor excessivo"},"content":{"rendered":"\n<p class=\"has-medium-font-size\"><strong>Em dias de muito calor, precisamos prestar aten\u00e7\u00e3o na alimenta\u00e7\u00e3o e na ingest\u00e3o de l\u00edquidos para evitar desidrata\u00e7\u00e3o e outros problemas de sa\u00fade<\/strong><\/p>\n\n\n\n<p><strong>Blog do Eloilton Cajuhy \u2013 BEC<\/strong><\/p>\n\n\n\n<p><strong><a href=\"https:\/\/whatsapp.com\/channel\/0029VaAT7tDLI8Yfj5y9Z50Z\" target=\"_blank\" rel=\"noreferrer noopener\"><mark style=\"background-color:rgba(0, 0, 0, 0)\" class=\"has-inline-color has-luminous-vivid-orange-color\">>> Siga o canal do BEC no WhatsApp<\/mark><\/a><\/strong><\/p>\n\n\n\n<figure class=\"wp-block-image aligncenter size-full\"><a href=\"https:\/\/i0.wp.com\/blogdoeloiltoncajuhy.com.br\/site\/wp-content\/uploads\/2026\/01\/Calor-Foto-Shutterstock-Saude-em-Dia.png?ssl=1\"><img data-recalc-dims=\"1\" fetchpriority=\"high\" decoding=\"async\" width=\"768\" height=\"459\" src=\"https:\/\/i0.wp.com\/blogdoeloiltoncajuhy.com.br\/site\/wp-content\/uploads\/2026\/01\/Calor-Foto-Shutterstock-Saude-em-Dia.png?resize=768%2C459&#038;ssl=1\" alt=\"\" class=\"wp-image-92952\" srcset=\"https:\/\/i0.wp.com\/blogdoeloiltoncajuhy.com.br\/site\/wp-content\/uploads\/2026\/01\/Calor-Foto-Shutterstock-Saude-em-Dia.png?w=768&amp;ssl=1 768w, https:\/\/i0.wp.com\/blogdoeloiltoncajuhy.com.br\/site\/wp-content\/uploads\/2026\/01\/Calor-Foto-Shutterstock-Saude-em-Dia.png?resize=300%2C179&amp;ssl=1 300w\" sizes=\"(max-width: 768px) 100vw, 768px\" \/><\/a><figcaption class=\"wp-element-caption\"><sub>Foto: Shutterstock \/ Sa\u00fade em Dia<\/sub><\/figcaption><\/figure>\n\n\n\n<p>Os extremos nem sempre s\u00e3o ben\u00e9ficos, e as temperaturas s\u00e3o um exemplo claro disso. Tanto o frio intenso quanto o calor excessivo podem representar riscos \u00e0 sa\u00fade. No Brasil, as ondas de calor s\u00e3o cada vez mais severas, com previs\u00f5es indicando temperaturas de at\u00e9 40\u00b0C, podendo alcan\u00e7ar 45\u00b0C em algumas regi\u00f5es, com sensa\u00e7\u00e3o t\u00e9rmica ainda mais elevada. Esse calor extremo pode afetar o organismo de diversas formas, desde a desidrata\u00e7\u00e3o at\u00e9 a redu\u00e7\u00e3o do apetite.<\/p>\n\n\n\n<p>Para preservar a sa\u00fade e o bem-estar, \u00e9 fundamental atentar-se \u00e0 alimenta\u00e7\u00e3o e \u00e0 hidrata\u00e7\u00e3o, como ressalta a nutricionista Karina Domenica Di Rico, gerente de unidade no segmento educacional da empresa Sapore. Segundo ela, em dias mais quentes, \u00e9 recomend\u00e1vel optar por alimentos de f\u00e1cil digest\u00e3o, como verduras, frutas, legumes e carnes magras, al\u00e9m de intensificar a ingest\u00e3o de \u00e1gua, ch\u00e1s gelados e sucos naturais.<\/p>\n\n\n\n<blockquote class=\"wp-block-quote is-layout-flow wp-block-quote-is-layout-flow\">\n<p><strong><mark style=\"background-color:rgba(0, 0, 0, 0)\" class=\"has-inline-color has-black-color\">&#8220;No ver\u00e3o, a eleva\u00e7\u00e3o da temperatura corporal e a transpira\u00e7\u00e3o intensa reduzem a sensa\u00e7\u00e3o de fome e resultam na perda de l\u00edquidos e sais minerais. Por isso, uma alimenta\u00e7\u00e3o mais leve aliada \u00e0 hidrata\u00e7\u00e3o adequada torna-se essencial&#8221;, afirma.<\/mark><\/strong><\/p>\n<\/blockquote>\n\n\n\n<p>Para promover o bem-estar e a sa\u00fade, a nutricionista Karina preparou sete recomenda\u00e7\u00f5es indispens\u00e1veis para enfrentar as ondas de calor intenso com mais seguran\u00e7a:<\/p>\n\n\n\n<p class=\"has-black-color has-text-color has-link-color wp-elements-50bb11de46f9d709cd72ed8e73319915\"><strong>7 dicas essenciais de alimenta\u00e7\u00e3o para enfrentar o calor intenso com sa\u00fade<\/strong><\/p>\n\n\n\n<ol class=\"wp-block-list\">\n<li><strong><mark style=\"background-color:rgba(0, 0, 0, 0)\" class=\"has-inline-color has-black-color\">Aposte em folhas verdes e legumes frescos<\/mark><\/strong>\u00a0\u2013 Priorize o consumo de vegetais crus, sempre bem higienizados. Al\u00e9m de leves e nutritivos, esses alimentos possuem alto teor de \u00e1gua, auxiliando na hidrata\u00e7\u00e3o e no equil\u00edbrio t\u00e9rmico do corpo.<\/li>\n\n\n\n<li><strong><mark style=\"background-color:rgba(0, 0, 0, 0)\" class=\"has-inline-color has-black-color\">Evite molhos industrializados e maionese<\/mark><\/strong>\u00a0\u2013 Opte por temperos naturais como azeite de oliva extravirgem, lim\u00e3o e vinagre. Al\u00e9m de real\u00e7arem o sabor das saladas, esses ingredientes possuem propriedades antioxidantes que ajudam a combater os radicais livres e contribuem para a sa\u00fade do cora\u00e7\u00e3o.<\/li>\n\n\n\n<li><strong><mark style=\"background-color:rgba(0, 0, 0, 0)\" class=\"has-inline-color has-black-color\">Prefira prote\u00ednas magras e grelhadas<\/mark><\/strong>\u00a0\u2013 Carnes magras, como frango, peixe e cortes magros de carne bovina, s\u00e3o de digest\u00e3o mais leve e evitam desconfortos g\u00e1stricos. Al\u00e9m disso, s\u00e3o fontes de prote\u00ednas de alta qualidade sem o excesso de gorduras prejudiciais.<\/li>\n\n\n\n<li><strong><mark style=\"background-color:rgba(0, 0, 0, 0)\" class=\"has-inline-color has-black-color\">Reduza o consumo de carnes gordurosas<\/mark><\/strong>\u00a0\u2013 Carnes vermelhas e cortes com alto teor de gordura demandam mais energia para digest\u00e3o, elevando a temperatura corporal. Em dias quentes, o ideal \u00e9 optar por prepara\u00e7\u00f5es mais leves e menos gordurosas.<\/li>\n\n\n\n<li><strong><mark style=\"background-color:rgba(0, 0, 0, 0)\" class=\"has-inline-color has-black-color\">Escolha sobremesas refrescantes e nutritivas<\/mark><\/strong>\u00a0\u2013 Substitua doces pesados por op\u00e7\u00f5es mais leves e ricas em \u00e1gua, como frutas frescas, saladas de frutas, sorvetes \u00e0 base de frutas, smoothies, flans e gelatinas. Al\u00e9m de deliciosas, essas alternativas contribuem para a hidrata\u00e7\u00e3o.<\/li>\n\n\n\n<li><strong><mark style=\"background-color:rgba(0, 0, 0, 0)\" class=\"has-inline-color has-black-color\">Hidrate-se constantemente<\/mark><\/strong>\u00a0\u2013 A ingest\u00e3o adequada de l\u00edquidos \u00e9 indispens\u00e1vel! Beba bastante \u00e1gua ao longo do dia e varie com ch\u00e1s gelados e sucos naturais. Evite refrigerantes e bebidas muito a\u00e7ucaradas, que podem causar desidrata\u00e7\u00e3o e picos glic\u00eamicos.<\/li>\n\n\n\n<li><strong><mark style=\"background-color:rgba(0, 0, 0, 0)\" class=\"has-inline-color has-black-color\">Modere o consumo de bebidas alco\u00f3licas<\/mark><\/strong>\u00a0\u2013 Al\u00e9m de serem cal\u00f3ricas, as bebidas alco\u00f3licas possuem efeito diur\u00e9tico, favorecendo a desidrata\u00e7\u00e3o. Se as consumir, intercale com \u00e1gua para minimizar os impactos no organismo.<\/li>\n<\/ol>\n","protected":false},"excerpt":{"rendered":"<p>Em dias de muito calor, precisamos prestar aten\u00e7\u00e3o na alimenta\u00e7\u00e3o e na ingest\u00e3o de l\u00edquidos para evitar desidrata\u00e7\u00e3o e outros problemas de sa\u00fade Blog do Eloilton Cajuhy \u2013 BEC >> Siga o canal do BEC no WhatsApp Os extremos nem sempre s\u00e3o ben\u00e9ficos, e as temperaturas s\u00e3o um exemplo claro disso. Tanto o frio intenso [&hellip;]<\/p>\n","protected":false},"author":2,"featured_media":92952,"comment_status":"open","ping_status":"open","sticky":false,"template":"","format":"standard","meta":{"_acf_changed":false,"_monsterinsights_skip_tracking":false,"_monsterinsights_sitenote_active":false,"_monsterinsights_sitenote_note":"","_monsterinsights_sitenote_category":0,"_jetpack_memberships_contains_paid_content":false,"footnotes":"","jetpack_publicize_message":"","jetpack_publicize_feature_enabled":true,"jetpack_social_post_already_shared":true,"jetpack_social_options":{"image_generator_settings":{"template":"highway","default_image_id":0,"font":"","enabled":false},"version":2}},"categories":[7],"tags":[],"class_list":["post-92951","post","type-post","status-publish","format-standard","has-post-thumbnail","hentry","category-saude"],"acf":[],"jetpack_publicize_connections":[],"jetpack_featured_media_url":"https:\/\/i0.wp.com\/blogdoeloiltoncajuhy.com.br\/site\/wp-content\/uploads\/2026\/01\/Calor-Foto-Shutterstock-Saude-em-Dia.png?fit=768%2C459&ssl=1","jetpack_sharing_enabled":true,"publishpress_future_workflow_manual_trigger":{"enabledWorkflows":[]},"_links":{"self":[{"href":"https:\/\/blogdoeloiltoncajuhy.com.br\/site\/wp-json\/wp\/v2\/posts\/92951","targetHints":{"allow":["GET"]}}],"collection":[{"href":"https:\/\/blogdoeloiltoncajuhy.com.br\/site\/wp-json\/wp\/v2\/posts"}],"about":[{"href":"https:\/\/blogdoeloiltoncajuhy.com.br\/site\/wp-json\/wp\/v2\/types\/post"}],"author":[{"embeddable":true,"href":"https:\/\/blogdoeloiltoncajuhy.com.br\/site\/wp-json\/wp\/v2\/users\/2"}],"replies":[{"embeddable":true,"href":"https:\/\/blogdoeloiltoncajuhy.com.br\/site\/wp-json\/wp\/v2\/comments?post=92951"}],"version-history":[{"count":1,"href":"https:\/\/blogdoeloiltoncajuhy.com.br\/site\/wp-json\/wp\/v2\/posts\/92951\/revisions"}],"predecessor-version":[{"id":92953,"href":"https:\/\/blogdoeloiltoncajuhy.com.br\/site\/wp-json\/wp\/v2\/posts\/92951\/revisions\/92953"}],"wp:featuredmedia":[{"embeddable":true,"href":"https:\/\/blogdoeloiltoncajuhy.com.br\/site\/wp-json\/wp\/v2\/media\/92952"}],"wp:attachment":[{"href":"https:\/\/blogdoeloiltoncajuhy.com.br\/site\/wp-json\/wp\/v2\/media?parent=92951"}],"wp:term":[{"taxonomy":"category","embeddable":true,"href":"https:\/\/blogdoeloiltoncajuhy.com.br\/site\/wp-json\/wp\/v2\/categories?post=92951"},{"taxonomy":"post_tag","embeddable":true,"href":"https:\/\/blogdoeloiltoncajuhy.com.br\/site\/wp-json\/wp\/v2\/tags?post=92951"}],"curies":[{"name":"wp","href":"https:\/\/api.w.org\/{rel}","templated":true}]}}