{"id":92947,"date":"2026-01-15T16:02:00","date_gmt":"2026-01-15T19:02:00","guid":{"rendered":"https:\/\/blogdoeloiltoncajuhy.com.br\/site\/?p=92947"},"modified":"2026-01-15T16:03:13","modified_gmt":"2026-01-15T19:03:13","slug":"estao-abertas-inscricoes-para-o-terceiro-coloquio-c27-de-artes-visuais","status":"publish","type":"post","link":"https:\/\/blogdoeloiltoncajuhy.com.br\/site\/estao-abertas-inscricoes-para-o-terceiro-coloquio-c27-de-artes-visuais\/","title":{"rendered":"Est\u00e3o abertas inscri\u00e7\u00f5es para o terceiro \u2018Col\u00f3quio C27\u2019 de artes visuais"},"content":{"rendered":"\n<p class=\"has-medium-font-size\"><strong>Convocat\u00f3ria que seleciona artistas brasileiro segue at\u00e9 o dia 24 de janeiro<\/strong><\/p>\n\n\n\n<p><strong>Blog do Eloilton Cajuhy \u2013 BEC<\/strong><\/p>\n\n\n\n<p><strong><a href=\"https:\/\/whatsapp.com\/channel\/0029VaAT7tDLI8Yfj5y9Z50Z\" target=\"_blank\" rel=\"noreferrer noopener\"><mark style=\"background-color:rgba(0, 0, 0, 0)\" class=\"has-inline-color has-luminous-vivid-orange-color\">>> Siga o canal do BEC no WhatsApp<\/mark><\/a><\/strong><\/p>\n\n\n\n<figure class=\"wp-block-image aligncenter size-full\"><a href=\"https:\/\/i0.wp.com\/blogdoeloiltoncajuhy.com.br\/site\/wp-content\/uploads\/2026\/01\/Coloquio-C27-2026-01-14.jpeg?ssl=1\"><img data-recalc-dims=\"1\" fetchpriority=\"high\" decoding=\"async\" width=\"768\" height=\"512\" src=\"https:\/\/i0.wp.com\/blogdoeloiltoncajuhy.com.br\/site\/wp-content\/uploads\/2026\/01\/Coloquio-C27-2026-01-14.jpeg?resize=768%2C512&#038;ssl=1\" alt=\"\" class=\"wp-image-92948\" srcset=\"https:\/\/i0.wp.com\/blogdoeloiltoncajuhy.com.br\/site\/wp-content\/uploads\/2026\/01\/Coloquio-C27-2026-01-14.jpeg?w=768&amp;ssl=1 768w, https:\/\/i0.wp.com\/blogdoeloiltoncajuhy.com.br\/site\/wp-content\/uploads\/2026\/01\/Coloquio-C27-2026-01-14.jpeg?resize=300%2C200&amp;ssl=1 300w\" sizes=\"(max-width: 768px) 100vw, 768px\" \/><\/a><\/figure>\n\n\n\n<p>O \u201cCol\u00f3quio C27\u201d de artes visuais ganhar\u00e1 uma terceira edi\u00e7\u00e3o em 2026. O projeto, realizado pelo n\u00facleo de pesquisas art\u00edsticas Confraria 27 em Garanhuns (PE), busca estimular discuss\u00f5es sobre as viv\u00eancias art\u00edsticas. Essa edi\u00e7\u00e3o amplia suas a\u00e7\u00f5es e alcance territorial, aceitando inscri\u00e7\u00f5es de artistas de todo o pa\u00eds, at\u00e9 o dia 24 de janeiro.<\/p>\n\n\n\n<p>O evento promover\u00e1 reflex\u00f5es sobre formas de \u201c(r)existir em grupo\u201d e aceita inscri\u00e7\u00f5es de coletivos, grupos e profissionais independentes das artes visuais e \u00e1reas correlatas. A programa\u00e7\u00e3o contar\u00e1 com a\u00e7\u00f5es de frui\u00e7\u00e3o e atividades formativas. Por meio do formul\u00e1rio online, os proponentes podem enviar ideias de a\u00e7\u00f5es, como exposi\u00e7\u00f5es, oficinas, performances, rodas de conversas ou outros formatos.<\/p>\n\n\n\n<p>&#8220;A gente est\u00e1 convidando os artistas para colaborarem com a curadoria. A gente quer que o artista proponha a\u00e7\u00f5es que ele ache importante que esteja na programa\u00e7\u00e3o de um evento como esse e traga o diferencial dele&#8221;, explica o coordenador geral Rafael Sisant.<\/p>\n\n\n\n<p>Esse ano, o col\u00f3quio tem uma edi\u00e7\u00e3o comemorativa aos 10 anos da Confraria 27. No edital, dispon\u00edvel no link <a href=\"https:\/\/linktr.ee\/confraria27producoes\"><strong><mark style=\"background-color:rgba(0, 0, 0, 0)\" class=\"has-inline-color has-vivid-cyan-blue-color\">https:\/\/linktr.ee\/confraria27producoes<\/mark><\/strong><\/a>, est\u00e3o todos os detalhes sobre a sele\u00e7\u00e3o. O resultado est\u00e1 previsto para o pr\u00f3ximo dia 01\/02.<\/p>\n\n\n\n<p>O projeto conta com incentivo do Governo do Estado de Pernambuco, atrav\u00e9s do Funcultura (Fundo Pernambucano de Incentivo \u00e0 Cultura).<\/p>\n\n\n\n<h4 class=\"wp-block-heading\"><strong><mark style=\"background-color:rgba(0, 0, 0, 0)\" class=\"has-inline-color has-black-color\">Servi\u00e7o:<\/mark><\/strong><\/h4>\n\n\n\n<ul class=\"wp-block-list\">\n<li><strong><mark style=\"background-color:rgba(0, 0, 0, 0)\" class=\"has-inline-color has-black-color\">Col\u00f3quio C27 de artes visuais<\/mark><\/strong><\/li>\n\n\n\n<li><strong><mark style=\"background-color:rgba(0, 0, 0, 0)\" class=\"has-inline-color has-black-color\">Prazo para inscri\u00e7\u00e3o:<\/mark><\/strong> at\u00e9 24\/01\/2026<\/li>\n\n\n\n<li><strong><mark style=\"background-color:rgba(0, 0, 0, 0)\" class=\"has-inline-color has-black-color\">Link para edital e formul\u00e1rio online:<\/mark><\/strong> <a href=\"https:\/\/linktr.ee\/confraria27producoes\"><strong><mark style=\"background-color:rgba(0, 0, 0, 0)\" class=\"has-inline-color has-vivid-cyan-blue-color\">https:\/\/linktr.ee\/confraria27producoes<\/mark><\/strong><\/a><\/li>\n\n\n\n<li><strong><mark style=\"background-color:rgba(0, 0, 0, 0)\" class=\"has-inline-color has-black-color\">Inscri\u00e7\u00e3o gratuita.<\/mark><\/strong><\/li>\n<\/ul>\n","protected":false},"excerpt":{"rendered":"<p>Convocat\u00f3ria que seleciona artistas brasileiro segue at\u00e9 o dia 24 de janeiro Blog do Eloilton Cajuhy \u2013 BEC >> Siga o canal do BEC no WhatsApp O \u201cCol\u00f3quio C27\u201d de artes visuais ganhar\u00e1 uma terceira edi\u00e7\u00e3o em 2026. O projeto, realizado pelo n\u00facleo de pesquisas art\u00edsticas Confraria 27 em Garanhuns (PE), busca estimular discuss\u00f5es sobre [&hellip;]<\/p>\n","protected":false},"author":2,"featured_media":92948,"comment_status":"open","ping_status":"open","sticky":false,"template":"","format":"standard","meta":{"_acf_changed":false,"_monsterinsights_skip_tracking":false,"_monsterinsights_sitenote_active":false,"_monsterinsights_sitenote_note":"","_monsterinsights_sitenote_category":0,"_jetpack_memberships_contains_paid_content":false,"footnotes":"","jetpack_publicize_message":"","jetpack_publicize_feature_enabled":true,"jetpack_social_post_already_shared":true,"jetpack_social_options":{"image_generator_settings":{"template":"highway","default_image_id":0,"font":"","enabled":false},"version":2}},"categories":[8],"tags":[],"class_list":["post-92947","post","type-post","status-publish","format-standard","has-post-thumbnail","hentry","category-cultura"],"acf":[],"jetpack_publicize_connections":[],"jetpack_featured_media_url":"https:\/\/i0.wp.com\/blogdoeloiltoncajuhy.com.br\/site\/wp-content\/uploads\/2026\/01\/Coloquio-C27-2026-01-14.jpeg?fit=768%2C512&ssl=1","jetpack_sharing_enabled":true,"publishpress_future_workflow_manual_trigger":{"enabledWorkflows":[]},"_links":{"self":[{"href":"https:\/\/blogdoeloiltoncajuhy.com.br\/site\/wp-json\/wp\/v2\/posts\/92947","targetHints":{"allow":["GET"]}}],"collection":[{"href":"https:\/\/blogdoeloiltoncajuhy.com.br\/site\/wp-json\/wp\/v2\/posts"}],"about":[{"href":"https:\/\/blogdoeloiltoncajuhy.com.br\/site\/wp-json\/wp\/v2\/types\/post"}],"author":[{"embeddable":true,"href":"https:\/\/blogdoeloiltoncajuhy.com.br\/site\/wp-json\/wp\/v2\/users\/2"}],"replies":[{"embeddable":true,"href":"https:\/\/blogdoeloiltoncajuhy.com.br\/site\/wp-json\/wp\/v2\/comments?post=92947"}],"version-history":[{"count":2,"href":"https:\/\/blogdoeloiltoncajuhy.com.br\/site\/wp-json\/wp\/v2\/posts\/92947\/revisions"}],"predecessor-version":[{"id":92950,"href":"https:\/\/blogdoeloiltoncajuhy.com.br\/site\/wp-json\/wp\/v2\/posts\/92947\/revisions\/92950"}],"wp:featuredmedia":[{"embeddable":true,"href":"https:\/\/blogdoeloiltoncajuhy.com.br\/site\/wp-json\/wp\/v2\/media\/92948"}],"wp:attachment":[{"href":"https:\/\/blogdoeloiltoncajuhy.com.br\/site\/wp-json\/wp\/v2\/media?parent=92947"}],"wp:term":[{"taxonomy":"category","embeddable":true,"href":"https:\/\/blogdoeloiltoncajuhy.com.br\/site\/wp-json\/wp\/v2\/categories?post=92947"},{"taxonomy":"post_tag","embeddable":true,"href":"https:\/\/blogdoeloiltoncajuhy.com.br\/site\/wp-json\/wp\/v2\/tags?post=92947"}],"curies":[{"name":"wp","href":"https:\/\/api.w.org\/{rel}","templated":true}]}}