{"id":92941,"date":"2026-01-15T15:42:19","date_gmt":"2026-01-15T18:42:19","guid":{"rendered":"https:\/\/blogdoeloiltoncajuhy.com.br\/site\/?p=92941"},"modified":"2026-01-15T15:42:21","modified_gmt":"2026-01-15T18:42:21","slug":"lavagem-do-bonfim-une-festa-e-devocao-nas-ruas-de-salvador","status":"publish","type":"post","link":"https:\/\/blogdoeloiltoncajuhy.com.br\/site\/lavagem-do-bonfim-une-festa-e-devocao-nas-ruas-de-salvador\/","title":{"rendered":"Lavagem do Bonfim une festa e devo\u00e7\u00e3o nas ruas de Salvador"},"content":{"rendered":"\n<p class=\"has-medium-font-size\"><strong>Culto na Bahia come\u00e7ou em 1745, com imagem peregrina que veio de Portugal<\/strong><\/p>\n\n\n\n<p><strong>Por Folha de S.Paulo<\/strong><\/p>\n\n\n\n<p><strong><a href=\"https:\/\/whatsapp.com\/channel\/0029VaAT7tDLI8Yfj5y9Z50Z\" target=\"_blank\" rel=\"noreferrer noopener\"><mark style=\"background-color:rgba(0, 0, 0, 0)\" class=\"has-inline-color has-luminous-vivid-orange-color\">>> Siga o canal do BEC no WhatsApp<\/mark><\/a><\/strong><\/p>\n\n\n\n<figure class=\"wp-block-image aligncenter size-full\"><a href=\"https:\/\/i0.wp.com\/blogdoeloiltoncajuhy.com.br\/site\/wp-content\/uploads\/2026\/01\/Lavagem-do-Bonfim-em-Salvador-Foto-Thuane-Maria-Divulgacao-Governo-da-Bahia.jpg?ssl=1\"><img data-recalc-dims=\"1\" fetchpriority=\"high\" decoding=\"async\" width=\"768\" height=\"512\" src=\"https:\/\/i0.wp.com\/blogdoeloiltoncajuhy.com.br\/site\/wp-content\/uploads\/2026\/01\/Lavagem-do-Bonfim-em-Salvador-Foto-Thuane-Maria-Divulgacao-Governo-da-Bahia.jpg?resize=768%2C512&#038;ssl=1\" alt=\"\" class=\"wp-image-92942\" srcset=\"https:\/\/i0.wp.com\/blogdoeloiltoncajuhy.com.br\/site\/wp-content\/uploads\/2026\/01\/Lavagem-do-Bonfim-em-Salvador-Foto-Thuane-Maria-Divulgacao-Governo-da-Bahia.jpg?w=768&amp;ssl=1 768w, https:\/\/i0.wp.com\/blogdoeloiltoncajuhy.com.br\/site\/wp-content\/uploads\/2026\/01\/Lavagem-do-Bonfim-em-Salvador-Foto-Thuane-Maria-Divulgacao-Governo-da-Bahia.jpg?resize=300%2C200&amp;ssl=1 300w\" sizes=\"(max-width: 768px) 100vw, 768px\" \/><\/a><figcaption class=\"wp-element-caption\"><sub>Milhares de fi\u00e9is participam do cortejo da Lavagem do Bonfim, em Salvador &#8211; Foto:\u00a0Thuane Maria\/Divulga\u00e7\u00e3o Governo da Bahia<\/sub><\/figcaption><\/figure>\n\n\n\n<p>O entorno da Bas\u00edlica Nossa Senhora da Concei\u00e7\u00e3o da Praia, em Salvador, foi tomado por uma multid\u00e3o vestida de branco desde as primeiras horas desta quinta-feira (15).<\/p>\n\n\n\n<p>Entre baianas adornadas de branco e prata, jarros com flores e \u00e1gua de cheiro e um perfume de alfazema no ar, centenas de milhares de fi\u00e9is participaram da Lavagem do Bonfim, uma das principais celebra\u00e7\u00f5es do calend\u00e1rio de festas populares da Bahia.<\/p>\n\n\n\n<p>A festa religiosa \u00e9 marcada pelo sincretismo. Re\u00fane, lado a lado, o culto ao Senhor do Bonfim pelos cat\u00f3licos e a celebra\u00e7\u00e3o de Oxal\u00e1 pelos adeptos do candombl\u00e9. O cortejo de 6,8 quil\u00f4metros vai at\u00e9 a Bas\u00edlica Santu\u00e1rio Senhor do Bonfim, seguindo a m\u00e1xima baiana de que &#8220;quem tem f\u00e9, vai a p\u00e9&#8221;.<\/p>\n\n\n\n<p>O calend\u00e1rio das celebra\u00e7\u00f5es foi iniciado no \u00faltimo domingo (11), quando uma prociss\u00e3o mar\u00edtima fez o traslado at\u00e9 a Bas\u00edlica de Nossa Senhora da Concei\u00e7\u00e3o da Praia.<\/p>\n\n\n\n<figure class=\"wp-block-image aligncenter size-full\"><a href=\"https:\/\/i0.wp.com\/blogdoeloiltoncajuhy.com.br\/site\/wp-content\/uploads\/2026\/01\/Baianas-seguem-a-pe-ate-a-Colina-Sagrada-Foto-Matheus-Landim-Divulgacao-Governo-da-Bahia.jpg?ssl=1\"><img data-recalc-dims=\"1\" decoding=\"async\" width=\"768\" height=\"512\" src=\"https:\/\/i0.wp.com\/blogdoeloiltoncajuhy.com.br\/site\/wp-content\/uploads\/2026\/01\/Baianas-seguem-a-pe-ate-a-Colina-Sagrada-Foto-Matheus-Landim-Divulgacao-Governo-da-Bahia.jpg?resize=768%2C512&#038;ssl=1\" alt=\"\" class=\"wp-image-92943\" srcset=\"https:\/\/i0.wp.com\/blogdoeloiltoncajuhy.com.br\/site\/wp-content\/uploads\/2026\/01\/Baianas-seguem-a-pe-ate-a-Colina-Sagrada-Foto-Matheus-Landim-Divulgacao-Governo-da-Bahia.jpg?w=768&amp;ssl=1 768w, https:\/\/i0.wp.com\/blogdoeloiltoncajuhy.com.br\/site\/wp-content\/uploads\/2026\/01\/Baianas-seguem-a-pe-ate-a-Colina-Sagrada-Foto-Matheus-Landim-Divulgacao-Governo-da-Bahia.jpg?resize=300%2C200&amp;ssl=1 300w\" sizes=\"(max-width: 768px) 100vw, 768px\" \/><\/a><figcaption class=\"wp-element-caption\"><sub>Baianas seguem a p\u00e9 at\u00e9 a Colina Sagrada, onde v\u00e3o lavar as escadarias e o adro da Bas\u00edlica do Senhor do Bonfim &#8211; Foto: Matheus Landim \/ Divulga\u00e7\u00e3o Governo da Bahia<\/sub><\/figcaption><\/figure>\n\n\n\n<p>Nesta quinta-feira, a festa come\u00e7ou por volta das 7h30 com um ato ecum\u00eanico na Concei\u00e7\u00e3o da Praia, com a presen\u00e7a do governador Jer\u00f4nimo Rodrigues (PT) e do prefeito Bruno Reis (Uni\u00e3o Brasil).<\/p>\n\n\n\n<p>O ato foi encerrado com o Hino ao Senhor do Bonfim, composto em 1923 para comemora\u00e7\u00e3o do primeiro centen\u00e1rio da Independ\u00eancia da Bahia.<\/p>\n\n\n\n<p>Encerrada a cerim\u00f4nia religiosa, a imagem do Senhor do Bonfim seguiu pelas ruas da Cidade Baixa sob um tempo nublado. Cerca de 1 milh\u00e3o de pessoas participaram do cortejo, segundo a prefeitura.<\/p>\n\n\n\n<p>O culto ao Senhor do Bonfim na Bahia come\u00e7ou h\u00e1 281 anos, quando a imagem peregrina veio de Set\u00fabal, em Portugal, para cumprir uma promessa do capit\u00e3o de mar e guerra Theod\u00f3sio Rodrigues de Faria.<\/p>\n\n\n\n<p>A tradi\u00e7\u00e3o do cortejo come\u00e7ou em 1773. Foi iniciada por romeiros e escravos que, a mando dos senhores integrantes da Irmandade do Senhor do Bonfim, limpavam e enfeitavam a igreja para a missa de domingo. O cortejo acontece sempre na quinta-feira que antecede o segundo domingo ap\u00f3s o Dia de Reis.<\/p>\n\n\n\n<figure class=\"wp-block-image aligncenter size-full\"><a href=\"https:\/\/i0.wp.com\/blogdoeloiltoncajuhy.com.br\/site\/wp-content\/uploads\/2026\/01\/SSA_Igreja-do-Bonfim-Foto-Matheus-Landim-GOVBA.png?ssl=1\"><img data-recalc-dims=\"1\" decoding=\"async\" width=\"778\" height=\"520\" src=\"https:\/\/i0.wp.com\/blogdoeloiltoncajuhy.com.br\/site\/wp-content\/uploads\/2026\/01\/SSA_Igreja-do-Bonfim-Foto-Matheus-Landim-GOVBA.png?resize=778%2C520&#038;ssl=1\" alt=\"\" class=\"wp-image-92944\" srcset=\"https:\/\/i0.wp.com\/blogdoeloiltoncajuhy.com.br\/site\/wp-content\/uploads\/2026\/01\/SSA_Igreja-do-Bonfim-Foto-Matheus-Landim-GOVBA.png?w=778&amp;ssl=1 778w, https:\/\/i0.wp.com\/blogdoeloiltoncajuhy.com.br\/site\/wp-content\/uploads\/2026\/01\/SSA_Igreja-do-Bonfim-Foto-Matheus-Landim-GOVBA.png?resize=300%2C201&amp;ssl=1 300w, https:\/\/i0.wp.com\/blogdoeloiltoncajuhy.com.br\/site\/wp-content\/uploads\/2026\/01\/SSA_Igreja-do-Bonfim-Foto-Matheus-Landim-GOVBA.png?resize=768%2C513&amp;ssl=1 768w\" sizes=\"(max-width: 778px) 100vw, 778px\" \/><\/a><figcaption class=\"wp-element-caption\"><sub>Foto: Matheus Landim \/ Divulga\u00e7\u00e3o Governo da Bahia<\/sub><\/figcaption><\/figure>\n\n\n\n<p>No cortejo, cat\u00f3licos, filhas e filhas de santo, praticantes de outras religi\u00f5es e at\u00e9 mesmo ateus se misturaram aos minitrios, grupos de samba-de-roda, de percuss\u00e3o e de capoeira.<\/p>\n\n\n\n<p>Bandas de sopro tocavam cl\u00e1ssicos do ax\u00e9, dando um clima carnavalesco \u00e0 festa religiosa. Desde 1998, o desfile de trios el\u00e9tricos foi proibido na Lavagem.<\/p>\n\n\n\n<p>A imagem do Senhor do Bonfim seguiu at\u00e9 a Colina Sagrada, onde foi recebida com palmas, c\u00e2nticos e fogos de artif\u00edcio. F\u00e9is aproveitaram para amarrar fitinhas do Senhor do Bonfim no gradil que cerca o templo religioso, fazer pedidos e agradecer.<\/p>\n\n\n\n<p>No encerramento do cortejo, o adro e escadarias da Bas\u00edlica foram lavados pelas baianas com folhas e \u00e1gua de cheiro, celebrando por mais um ano a prote\u00e7\u00e3o de Oxal\u00e1 e o Senhor do Bonfim.<\/p>\n\n\n\n<figure class=\"wp-block-image aligncenter size-full\"><a href=\"https:\/\/i0.wp.com\/blogdoeloiltoncajuhy.com.br\/site\/wp-content\/uploads\/2026\/01\/Lavagem-do-Bonfim-em-Salvador-02-Foto-Thuane-Maria-Divulgacao-Governo-da-Bahia.png?ssl=1\"><img data-recalc-dims=\"1\" loading=\"lazy\" decoding=\"async\" width=\"781\" height=\"520\" src=\"https:\/\/i0.wp.com\/blogdoeloiltoncajuhy.com.br\/site\/wp-content\/uploads\/2026\/01\/Lavagem-do-Bonfim-em-Salvador-02-Foto-Thuane-Maria-Divulgacao-Governo-da-Bahia.png?resize=781%2C520&#038;ssl=1\" alt=\"\" class=\"wp-image-92945\" srcset=\"https:\/\/i0.wp.com\/blogdoeloiltoncajuhy.com.br\/site\/wp-content\/uploads\/2026\/01\/Lavagem-do-Bonfim-em-Salvador-02-Foto-Thuane-Maria-Divulgacao-Governo-da-Bahia.png?w=781&amp;ssl=1 781w, https:\/\/i0.wp.com\/blogdoeloiltoncajuhy.com.br\/site\/wp-content\/uploads\/2026\/01\/Lavagem-do-Bonfim-em-Salvador-02-Foto-Thuane-Maria-Divulgacao-Governo-da-Bahia.png?resize=300%2C200&amp;ssl=1 300w, https:\/\/i0.wp.com\/blogdoeloiltoncajuhy.com.br\/site\/wp-content\/uploads\/2026\/01\/Lavagem-do-Bonfim-em-Salvador-02-Foto-Thuane-Maria-Divulgacao-Governo-da-Bahia.png?resize=768%2C511&amp;ssl=1 768w\" sizes=\"(max-width: 781px) 100vw, 781px\" \/><\/a><figcaption class=\"wp-element-caption\"><sub>Foto:\u00a0Thuane Maria\/Divulga\u00e7\u00e3o Governo da Bahia<\/sub><\/figcaption><\/figure>\n","protected":false},"excerpt":{"rendered":"<p>Culto na Bahia come\u00e7ou em 1745, com imagem peregrina que veio de Portugal Por Folha de S.Paulo >> Siga o canal do BEC no WhatsApp O entorno da Bas\u00edlica Nossa Senhora da Concei\u00e7\u00e3o da Praia, em Salvador, foi tomado por uma multid\u00e3o vestida de branco desde as primeiras horas desta quinta-feira (15). Entre baianas adornadas [&hellip;]<\/p>\n","protected":false},"author":2,"featured_media":92945,"comment_status":"open","ping_status":"open","sticky":false,"template":"","format":"standard","meta":{"_acf_changed":false,"_monsterinsights_skip_tracking":false,"_monsterinsights_sitenote_active":false,"_monsterinsights_sitenote_note":"","_monsterinsights_sitenote_category":0,"_jetpack_memberships_contains_paid_content":false,"footnotes":"","jetpack_publicize_message":"","jetpack_publicize_feature_enabled":true,"jetpack_social_post_already_shared":true,"jetpack_social_options":{"image_generator_settings":{"template":"highway","default_image_id":0,"font":"","enabled":false},"version":2}},"categories":[1],"tags":[],"class_list":["post-92941","post","type-post","status-publish","format-standard","has-post-thumbnail","hentry","category-noticias"],"acf":[],"jetpack_publicize_connections":[],"jetpack_featured_media_url":"https:\/\/i0.wp.com\/blogdoeloiltoncajuhy.com.br\/site\/wp-content\/uploads\/2026\/01\/Lavagem-do-Bonfim-em-Salvador-02-Foto-Thuane-Maria-Divulgacao-Governo-da-Bahia.png?fit=781%2C520&ssl=1","jetpack_sharing_enabled":true,"publishpress_future_workflow_manual_trigger":{"enabledWorkflows":[]},"_links":{"self":[{"href":"https:\/\/blogdoeloiltoncajuhy.com.br\/site\/wp-json\/wp\/v2\/posts\/92941","targetHints":{"allow":["GET"]}}],"collection":[{"href":"https:\/\/blogdoeloiltoncajuhy.com.br\/site\/wp-json\/wp\/v2\/posts"}],"about":[{"href":"https:\/\/blogdoeloiltoncajuhy.com.br\/site\/wp-json\/wp\/v2\/types\/post"}],"author":[{"embeddable":true,"href":"https:\/\/blogdoeloiltoncajuhy.com.br\/site\/wp-json\/wp\/v2\/users\/2"}],"replies":[{"embeddable":true,"href":"https:\/\/blogdoeloiltoncajuhy.com.br\/site\/wp-json\/wp\/v2\/comments?post=92941"}],"version-history":[{"count":1,"href":"https:\/\/blogdoeloiltoncajuhy.com.br\/site\/wp-json\/wp\/v2\/posts\/92941\/revisions"}],"predecessor-version":[{"id":92946,"href":"https:\/\/blogdoeloiltoncajuhy.com.br\/site\/wp-json\/wp\/v2\/posts\/92941\/revisions\/92946"}],"wp:featuredmedia":[{"embeddable":true,"href":"https:\/\/blogdoeloiltoncajuhy.com.br\/site\/wp-json\/wp\/v2\/media\/92945"}],"wp:attachment":[{"href":"https:\/\/blogdoeloiltoncajuhy.com.br\/site\/wp-json\/wp\/v2\/media?parent=92941"}],"wp:term":[{"taxonomy":"category","embeddable":true,"href":"https:\/\/blogdoeloiltoncajuhy.com.br\/site\/wp-json\/wp\/v2\/categories?post=92941"},{"taxonomy":"post_tag","embeddable":true,"href":"https:\/\/blogdoeloiltoncajuhy.com.br\/site\/wp-json\/wp\/v2\/tags?post=92941"}],"curies":[{"name":"wp","href":"https:\/\/api.w.org\/{rel}","templated":true}]}}