{"id":92932,"date":"2026-01-15T09:18:59","date_gmt":"2026-01-15T12:18:59","guid":{"rendered":"https:\/\/blogdoeloiltoncajuhy.com.br\/site\/?p=92932"},"modified":"2026-01-15T09:19:00","modified_gmt":"2026-01-15T12:19:00","slug":"operacao-contra-roubo-e-comercio-ilegal-de-canetas-emagrecedoras-prende-segunda-influenciadora-digital-em-salvador","status":"publish","type":"post","link":"https:\/\/blogdoeloiltoncajuhy.com.br\/site\/operacao-contra-roubo-e-comercio-ilegal-de-canetas-emagrecedoras-prende-segunda-influenciadora-digital-em-salvador\/","title":{"rendered":"Opera\u00e7\u00e3o contra roubo e com\u00e9rcio ilegal de canetas emagrecedoras prende segunda influenciadora digital em Salvador"},"content":{"rendered":"\n<p class=\"has-medium-font-size\"><strong>Ao todo, seis pessoas foram alvos de mandados de pris\u00e3o e busca e apreens\u00e3o na cidade. Primeira influenciadora havia sido presa pela manh\u00e3<\/strong><\/p>\n\n\n\n<p><strong>Por g1 BA e TV Bahia<\/strong><\/p>\n\n\n\n<figure class=\"wp-block-image aligncenter size-full\"><a href=\"https:\/\/i0.wp.com\/blogdoeloiltoncajuhy.com.br\/site\/wp-content\/uploads\/2026\/01\/Lais-e-Claudiana.png?ssl=1\"><img data-recalc-dims=\"1\" fetchpriority=\"high\" decoding=\"async\" width=\"800\" height=\"398\" src=\"https:\/\/i0.wp.com\/blogdoeloiltoncajuhy.com.br\/site\/wp-content\/uploads\/2026\/01\/Lais-e-Claudiana.png?resize=800%2C398&#038;ssl=1\" alt=\"\" class=\"wp-image-92933\" srcset=\"https:\/\/i0.wp.com\/blogdoeloiltoncajuhy.com.br\/site\/wp-content\/uploads\/2026\/01\/Lais-e-Claudiana.png?w=844&amp;ssl=1 844w, https:\/\/i0.wp.com\/blogdoeloiltoncajuhy.com.br\/site\/wp-content\/uploads\/2026\/01\/Lais-e-Claudiana.png?resize=300%2C149&amp;ssl=1 300w, https:\/\/i0.wp.com\/blogdoeloiltoncajuhy.com.br\/site\/wp-content\/uploads\/2026\/01\/Lais-e-Claudiana.png?resize=768%2C382&amp;ssl=1 768w\" sizes=\"(max-width: 800px) 100vw, 800px\" \/><\/a><figcaption class=\"wp-element-caption\"><sub>Claudiana Rocha e Lais Santiago &#8211; Fotos: Reprodu\u00e7\u00e3o \/ Redes Sociais<\/sub><\/figcaption><\/figure>\n\n\n\n<p>Uma segunda influenciadora digital foi presa, na tarde desta quarta-feira (14), durante a opera\u00e7\u00e3o contra um grupo envolvido com roubos, recepta\u00e7\u00e3o e com\u00e9rcio ilegal de canetas emagrecedoras em Salvador.<\/p>\n\n\n\n<p>Ao todo, seis pessoas foram alvos de mandados de pris\u00e3o e busca e apreens\u00e3o durante a 2\u00aa fase da Opera\u00e7\u00e3o Mirakel. Duas delas j\u00e1 cumpriam pena em um pres\u00eddio da cidade.<\/p>\n\n\n\n<p>Desta vez, segundo apura\u00e7\u00e3o da <strong>TV Bahia<\/strong>, a suspeita alcan\u00e7ada pela pol\u00edcia foi identificada como <strong><mark style=\"background-color:rgba(0, 0, 0, 0)\" class=\"has-inline-color has-black-color\">Lais Santiago<\/mark><\/strong>. Nas redes sociais, ela acumula mais de 100 mil seguidores.<\/p>\n\n\n\n<p>Conforme pontuou a Pol\u00edcia Civil (PC), a influenciadora digital era procurada por recepta\u00e7\u00e3o das canetas roubadas.<\/p>\n\n\n\n<p>Pela manh\u00e3, a influenciadora <strong><mark style=\"background-color:rgba(0, 0, 0, 0)\" class=\"has-inline-color has-black-color\">Claudiana Rocha<\/mark><\/strong> j\u00e1 havia sido alcan\u00e7ada pela pol\u00edcia. Nas redes sociais, ela se apresentava para os mais de 7 mil seguidores como mentora de profissionais de beleza.<\/p>\n\n\n\n<p>O <strong>g1<\/strong> tentou, mas n\u00e3o conseguiu contato com as defesas das duas suspeitas identificadas. Os nomes dos demais alvos da a\u00e7\u00e3o n\u00e3o foram divulgados.<\/p>\n\n\n\n<p class=\"has-black-color has-text-color has-link-color has-medium-font-size wp-elements-dd60687a8d69bca8830edac65093191f\"><strong>Entenda a opera\u00e7\u00e3o<\/strong><\/p>\n\n\n\n<p>A 1\u00aa Fase da Opera\u00e7\u00e3o Mirakel foi realizada em junho do ano passado. Na ocasi\u00e3o, dois suspeitos de chefiar o esquema foram presos.<\/p>\n\n\n\n<p>As investiga\u00e7\u00f5es apontaram que um dos alvos selecionava adolescentes e coordenava os ataques \u00e0s farm\u00e1cias. O segundo preso exercia o papel de executor dos roubos dos medicamentos.<\/p>\n\n\n\n<p>Na \u00e9poca, foram apreendidos uma bag de entrega por aplicativos, uma capa de chuva e um casaco usados nos roubos e identificados em imagens de c\u00e2meras de seguran\u00e7a, al\u00e9m de produtos de higiene pessoal com suspeita de subtra\u00e7\u00e3o nos estabelecimentos comerciais. Celulares e documentos tamb\u00e9m foram recolhidos pelos policiais.<\/p>\n\n\n\n<p>Durante as investiga\u00e7\u00f5es, conforme pontuou a Pol\u00edcia Civil (PC), diversos adolescentes foram apreendidos e respondem pelo ato infracional an\u00e1logo a roubo.<\/p>\n\n\n\n<p>Foi atrav\u00e9s do relato deles que a participa\u00e7\u00e3o de Claudiana Rocha no esquema foi identificada. Segundo a pol\u00edcia, a mulher encomendava os roubos diretamente com os adolescentes.<\/p>\n\n\n\n<p>A segunda etapa da opera\u00e7\u00e3o contou com a atua\u00e7\u00e3o de cerca de 300 policiais das pol\u00edcias Civil, Militar e T\u00e9cnica, al\u00e9m do Sistema de Intelig\u00eancia da Secretaria da Seguran\u00e7a P\u00fablica da Bahia (SSP-BA).<\/p>\n","protected":false},"excerpt":{"rendered":"<p>Ao todo, seis pessoas foram alvos de mandados de pris\u00e3o e busca e apreens\u00e3o na cidade. Primeira influenciadora havia sido presa pela manh\u00e3 Por g1 BA e TV Bahia Uma segunda influenciadora digital foi presa, na tarde desta quarta-feira (14), durante a opera\u00e7\u00e3o contra um grupo envolvido com roubos, recepta\u00e7\u00e3o e com\u00e9rcio ilegal de canetas [&hellip;]<\/p>\n","protected":false},"author":2,"featured_media":92933,"comment_status":"open","ping_status":"open","sticky":false,"template":"","format":"standard","meta":{"_acf_changed":false,"_monsterinsights_skip_tracking":false,"_monsterinsights_sitenote_active":false,"_monsterinsights_sitenote_note":"","_monsterinsights_sitenote_category":0,"_jetpack_memberships_contains_paid_content":false,"footnotes":"","jetpack_publicize_message":"","jetpack_publicize_feature_enabled":true,"jetpack_social_post_already_shared":true,"jetpack_social_options":{"image_generator_settings":{"template":"highway","default_image_id":0,"font":"","enabled":false},"version":2}},"categories":[15],"tags":[],"class_list":["post-92932","post","type-post","status-publish","format-standard","has-post-thumbnail","hentry","category-policia"],"acf":[],"jetpack_publicize_connections":[],"jetpack_featured_media_url":"https:\/\/i0.wp.com\/blogdoeloiltoncajuhy.com.br\/site\/wp-content\/uploads\/2026\/01\/Lais-e-Claudiana.png?fit=844%2C420&ssl=1","jetpack_sharing_enabled":true,"publishpress_future_workflow_manual_trigger":{"enabledWorkflows":[]},"_links":{"self":[{"href":"https:\/\/blogdoeloiltoncajuhy.com.br\/site\/wp-json\/wp\/v2\/posts\/92932","targetHints":{"allow":["GET"]}}],"collection":[{"href":"https:\/\/blogdoeloiltoncajuhy.com.br\/site\/wp-json\/wp\/v2\/posts"}],"about":[{"href":"https:\/\/blogdoeloiltoncajuhy.com.br\/site\/wp-json\/wp\/v2\/types\/post"}],"author":[{"embeddable":true,"href":"https:\/\/blogdoeloiltoncajuhy.com.br\/site\/wp-json\/wp\/v2\/users\/2"}],"replies":[{"embeddable":true,"href":"https:\/\/blogdoeloiltoncajuhy.com.br\/site\/wp-json\/wp\/v2\/comments?post=92932"}],"version-history":[{"count":1,"href":"https:\/\/blogdoeloiltoncajuhy.com.br\/site\/wp-json\/wp\/v2\/posts\/92932\/revisions"}],"predecessor-version":[{"id":92934,"href":"https:\/\/blogdoeloiltoncajuhy.com.br\/site\/wp-json\/wp\/v2\/posts\/92932\/revisions\/92934"}],"wp:featuredmedia":[{"embeddable":true,"href":"https:\/\/blogdoeloiltoncajuhy.com.br\/site\/wp-json\/wp\/v2\/media\/92933"}],"wp:attachment":[{"href":"https:\/\/blogdoeloiltoncajuhy.com.br\/site\/wp-json\/wp\/v2\/media?parent=92932"}],"wp:term":[{"taxonomy":"category","embeddable":true,"href":"https:\/\/blogdoeloiltoncajuhy.com.br\/site\/wp-json\/wp\/v2\/categories?post=92932"},{"taxonomy":"post_tag","embeddable":true,"href":"https:\/\/blogdoeloiltoncajuhy.com.br\/site\/wp-json\/wp\/v2\/tags?post=92932"}],"curies":[{"name":"wp","href":"https:\/\/api.w.org\/{rel}","templated":true}]}}