{"id":92929,"date":"2026-01-15T09:03:45","date_gmt":"2026-01-15T12:03:45","guid":{"rendered":"https:\/\/blogdoeloiltoncajuhy.com.br\/site\/?p=92929"},"modified":"2026-01-15T09:03:46","modified_gmt":"2026-01-15T12:03:46","slug":"comerciante-de-senhor-do-bonfim-morre-em-acidente-na-br-407","status":"publish","type":"post","link":"https:\/\/blogdoeloiltoncajuhy.com.br\/site\/comerciante-de-senhor-do-bonfim-morre-em-acidente-na-br-407\/","title":{"rendered":"Comerciante de Senhor do Bonfim morre em acidente na BR 407"},"content":{"rendered":"\n<p class=\"has-medium-font-size\"><strong>V\u00edtima atuava no ramo de confec\u00e7\u00f5es em nossa cidade<\/strong><\/p>\n\n\n\n<p><strong>Por Blog do Eloilton Cajuhy \u2013 BEC<\/strong><\/p>\n\n\n\n<p><strong><a href=\"https:\/\/whatsapp.com\/channel\/0029VaAT7tDLI8Yfj5y9Z50Z\" target=\"_blank\" rel=\"noreferrer noopener\"><mark style=\"background-color:rgba(0, 0, 0, 0)\" class=\"has-inline-color has-luminous-vivid-orange-color\">>> Siga o canal do BEC no WhatsApp<\/mark><\/a><\/strong><\/p>\n\n\n\n<figure class=\"wp-block-image aligncenter size-full\"><a href=\"https:\/\/i0.wp.com\/blogdoeloiltoncajuhy.com.br\/site\/wp-content\/uploads\/2026\/01\/Fabio-Conceicao.jpeg?ssl=1\"><img data-recalc-dims=\"1\" fetchpriority=\"high\" decoding=\"async\" width=\"532\" height=\"509\" src=\"https:\/\/i0.wp.com\/blogdoeloiltoncajuhy.com.br\/site\/wp-content\/uploads\/2026\/01\/Fabio-Conceicao.jpeg?resize=532%2C509&#038;ssl=1\" alt=\"\" class=\"wp-image-92930\" srcset=\"https:\/\/i0.wp.com\/blogdoeloiltoncajuhy.com.br\/site\/wp-content\/uploads\/2026\/01\/Fabio-Conceicao.jpeg?w=532&amp;ssl=1 532w, https:\/\/i0.wp.com\/blogdoeloiltoncajuhy.com.br\/site\/wp-content\/uploads\/2026\/01\/Fabio-Conceicao.jpeg?resize=300%2C287&amp;ssl=1 300w\" sizes=\"(max-width: 532px) 100vw, 532px\" \/><\/a><figcaption class=\"wp-element-caption\"><sub>F\u00e1bio Concei\u00e7\u00e3o morreu v\u00edtima de acidente na BR 407<\/sub><\/figcaption><\/figure>\n\n\n\n<p>Um grave acidente foi registrado por volta das 21h30 desta quarta-feira (14), na BR 407, trecho do Povoado de Tanquinho, interior de Senhor do Bonfim. De acordo com informa\u00e7\u00f5es do <strong>Blog do Netto Maravilha<\/strong>, o referido acidente resultou na morte do comerciante de confec\u00e7\u00f5es <strong><mark style=\"background-color:rgba(0, 0, 0, 0)\" class=\"has-inline-color has-black-color\">F\u00e1bio Concei\u00e7\u00e3o de Sena<\/mark><\/strong>, conhecido popularmente como <strong><mark style=\"background-color:rgba(0, 0, 0, 0)\" class=\"has-inline-color has-black-color\">Neg\u00e3o<\/mark><\/strong>.<\/p>\n\n\n\n<p>Segundo informa\u00e7\u00f5es apuradas pelo Blog, F\u00e1bio conduzia um ve\u00edculo modelo Astra e tinha como passageira a senhora Jacqueline Matos Vitor. Ela relatou \u00e0s equipes de resgate que o ve\u00edculo em que os dois viajavam bateu em uma carreta que trafegava no sentido contr\u00e1rio.<\/p>\n\n\n\n<p>O motorista da carreta, que faz transporte para a cidade de Campo Formoso, informou que tentou desviar para evitar a colis\u00e3o, mas n\u00e3o consegiu.<\/p>\n\n\n\n<p>Com a for\u00e7a da batida, o carro foi arremessado, o motor se desprendeu do ve\u00edculo e v\u00e1rios destro\u00e7os ficaram espalhados pela pista. F\u00e1bio ficou preso \u00e0s ferragens e n\u00e3o resistiu aos ferimentos, morrendo ainda no local.<\/p>\n\n\n\n<p>Jaqueline foi socorrida por equipes do Samu e Corpo de Bombeiros de Senhor do Bonfim, que tamb\u00e9m atuou no resgate.<\/p>\n\n\n\n<p>F\u00e1bio era bastante conhecido na cidade. Ele mantinha uma barraca de confec\u00e7\u00f5es na Pra\u00e7a Augusto Sena Gomes e, recentemente, havia inaugurado uma loja na Rua Fernandes da Cunha.<\/p>\n","protected":false},"excerpt":{"rendered":"<p>V\u00edtima atuava no ramo de confec\u00e7\u00f5es em nossa cidade Por Blog do Eloilton Cajuhy \u2013 BEC >> Siga o canal do BEC no WhatsApp Um grave acidente foi registrado por volta das 21h30 desta quarta-feira (14), na BR 407, trecho do Povoado de Tanquinho, interior de Senhor do Bonfim. De acordo com informa\u00e7\u00f5es do Blog [&hellip;]<\/p>\n","protected":false},"author":2,"featured_media":92930,"comment_status":"open","ping_status":"open","sticky":false,"template":"","format":"standard","meta":{"_acf_changed":false,"_monsterinsights_skip_tracking":false,"_monsterinsights_sitenote_active":false,"_monsterinsights_sitenote_note":"","_monsterinsights_sitenote_category":0,"_jetpack_memberships_contains_paid_content":false,"footnotes":"","jetpack_publicize_message":"","jetpack_publicize_feature_enabled":true,"jetpack_social_post_already_shared":true,"jetpack_social_options":{"image_generator_settings":{"template":"highway","default_image_id":0,"font":"","enabled":false},"version":2}},"categories":[15],"tags":[],"class_list":["post-92929","post","type-post","status-publish","format-standard","has-post-thumbnail","hentry","category-policia"],"acf":[],"jetpack_publicize_connections":[],"jetpack_featured_media_url":"https:\/\/i0.wp.com\/blogdoeloiltoncajuhy.com.br\/site\/wp-content\/uploads\/2026\/01\/Fabio-Conceicao.jpeg?fit=532%2C509&ssl=1","jetpack_sharing_enabled":true,"publishpress_future_workflow_manual_trigger":{"enabledWorkflows":[]},"_links":{"self":[{"href":"https:\/\/blogdoeloiltoncajuhy.com.br\/site\/wp-json\/wp\/v2\/posts\/92929","targetHints":{"allow":["GET"]}}],"collection":[{"href":"https:\/\/blogdoeloiltoncajuhy.com.br\/site\/wp-json\/wp\/v2\/posts"}],"about":[{"href":"https:\/\/blogdoeloiltoncajuhy.com.br\/site\/wp-json\/wp\/v2\/types\/post"}],"author":[{"embeddable":true,"href":"https:\/\/blogdoeloiltoncajuhy.com.br\/site\/wp-json\/wp\/v2\/users\/2"}],"replies":[{"embeddable":true,"href":"https:\/\/blogdoeloiltoncajuhy.com.br\/site\/wp-json\/wp\/v2\/comments?post=92929"}],"version-history":[{"count":1,"href":"https:\/\/blogdoeloiltoncajuhy.com.br\/site\/wp-json\/wp\/v2\/posts\/92929\/revisions"}],"predecessor-version":[{"id":92931,"href":"https:\/\/blogdoeloiltoncajuhy.com.br\/site\/wp-json\/wp\/v2\/posts\/92929\/revisions\/92931"}],"wp:featuredmedia":[{"embeddable":true,"href":"https:\/\/blogdoeloiltoncajuhy.com.br\/site\/wp-json\/wp\/v2\/media\/92930"}],"wp:attachment":[{"href":"https:\/\/blogdoeloiltoncajuhy.com.br\/site\/wp-json\/wp\/v2\/media?parent=92929"}],"wp:term":[{"taxonomy":"category","embeddable":true,"href":"https:\/\/blogdoeloiltoncajuhy.com.br\/site\/wp-json\/wp\/v2\/categories?post=92929"},{"taxonomy":"post_tag","embeddable":true,"href":"https:\/\/blogdoeloiltoncajuhy.com.br\/site\/wp-json\/wp\/v2\/tags?post=92929"}],"curies":[{"name":"wp","href":"https:\/\/api.w.org\/{rel}","templated":true}]}}