{"id":92927,"date":"2026-01-15T00:10:00","date_gmt":"2026-01-15T03:10:00","guid":{"rendered":"https:\/\/blogdoeloiltoncajuhy.com.br\/site\/?p=92927"},"modified":"2026-01-14T22:06:35","modified_gmt":"2026-01-15T01:06:35","slug":"8o-dia-da-novena-do-senhor-do-bonfim-reunira-fe-devocao-e-cultura-nesta-quinta-feira","status":"publish","type":"post","link":"https:\/\/blogdoeloiltoncajuhy.com.br\/site\/8o-dia-da-novena-do-senhor-do-bonfim-reunira-fe-devocao-e-cultura-nesta-quinta-feira\/","title":{"rendered":"8\u00ba Dia da Novena do Senhor do Bonfim reunir\u00e1 f\u00e9, devo\u00e7\u00e3o e cultura nesta quinta-feira"},"content":{"rendered":"\n<p class=\"has-medium-font-size\"><strong>Programa\u00e7\u00e3o deste dia 15 de janeiro contar\u00e1 com adora\u00e7\u00e3o, celebra\u00e7\u00e3o eucar\u00edstica, quermesse e apresenta\u00e7\u00e3o cultural<\/strong><\/p>\n\n\n\n<p><strong>Por Blog do Eloilton Cajuhy \u2013 BEC<\/strong><\/p>\n\n\n\n<p><strong><a href=\"https:\/\/whatsapp.com\/channel\/0029VaAT7tDLI8Yfj5y9Z50Z\" target=\"_blank\" rel=\"noreferrer noopener\"><mark style=\"background-color:rgba(0, 0, 0, 0)\" class=\"has-inline-color has-luminous-vivid-orange-color\">>> Siga o canal do BEC no WhatsApp<\/mark><\/a><\/strong><\/p>\n\n\n\n<figure class=\"wp-block-image aligncenter size-full is-resized\"><a href=\"https:\/\/i0.wp.com\/blogdoeloiltoncajuhy.com.br\/site\/wp-content\/uploads\/2026\/01\/Festa-do-Senhor-do-Bonfim-2026.png\"><img data-recalc-dims=\"1\" fetchpriority=\"high\" decoding=\"async\" width=\"694\" height=\"865\" src=\"https:\/\/i0.wp.com\/blogdoeloiltoncajuhy.com.br\/site\/wp-content\/uploads\/2026\/01\/Festa-do-Senhor-do-Bonfim-2026.png?resize=694%2C865\" alt=\"\" class=\"wp-image-92691\" style=\"width:566px;height:auto\" srcset=\"https:\/\/i0.wp.com\/blogdoeloiltoncajuhy.com.br\/site\/wp-content\/uploads\/2026\/01\/Festa-do-Senhor-do-Bonfim-2026.png?w=694&amp;ssl=1 694w, https:\/\/i0.wp.com\/blogdoeloiltoncajuhy.com.br\/site\/wp-content\/uploads\/2026\/01\/Festa-do-Senhor-do-Bonfim-2026.png?resize=241%2C300&amp;ssl=1 241w\" sizes=\"(max-width: 694px) 100vw, 694px\" \/><\/a><\/figure>\n\n\n\n<p>Nesta quinta-feira, <strong>15 de janeiro de 2026<\/strong>, a comunidade cat\u00f3lica vivenciar\u00e1 um momento especial de f\u00e9 e comunh\u00e3o com a realiza\u00e7\u00e3o do <strong>8\u00ba Dia da Novena da Festa do Senhor do Bonfim<\/strong>. A programa\u00e7\u00e3o re\u00fane espiritualidade, participa\u00e7\u00e3o das pastorais e manifesta\u00e7\u00f5es culturais, fortalecendo a tradi\u00e7\u00e3o religiosa que mobiliza fi\u00e9is de toda a regi\u00e3o.<\/p>\n\n\n\n<p>As atividades t\u00eam in\u00edcio pela manh\u00e3, das <strong>10h \u00e0s 12h<\/strong>, com a <strong>Adora\u00e7\u00e3o Eucar\u00edstica e Confiss\u00f5es<\/strong>, proporcionando um tempo de ora\u00e7\u00e3o, reflex\u00e3o e reconcilia\u00e7\u00e3o para os devotos.<\/p>\n\n\n\n<p>\u00c0 noite, \u00e0s <strong>19h<\/strong>, acontece a <strong>Celebra\u00e7\u00e3o Eucar\u00edstica seguida da Novena<\/strong>, que ser\u00e1 presidida pelo <strong>Pe. Laerth Ferreira<\/strong>, da <strong>Par\u00f3quia de V\u00e1rzea Nova<\/strong>. A celebra\u00e7\u00e3o contar\u00e1 com a participa\u00e7\u00e3o especial dos <strong>noiteiros<\/strong>:<\/p>\n\n\n\n<ul class=\"wp-block-list\">\n<li>Ministros Extraordin\u00e1rios da Comunh\u00e3o<\/li>\n\n\n\n<li>Mission\u00e1rios Leigos Redentoristas<\/li>\n\n\n\n<li>Grupo Rei Davi<\/li>\n\n\n\n<li>Grupo Jesus Misericordioso<\/li>\n\n\n\n<li>Comunidade do Brisas do Monte<\/li>\n<\/ul>\n\n\n\n<p>Encerrando a noite em clima de alegria e confraterniza\u00e7\u00e3o, os fi\u00e9is s\u00e3o convidados a participar da <strong>Quermesse<\/strong>, e da <strong>apresenta\u00e7\u00e3o cultural de Will do Cavaco<\/strong>, valorizando a cultura local e promovendo um momento de encontro entre as fam\u00edlias.<\/p>\n\n\n\n<p>O 8\u00ba Dia da Novena do Senhor do Bonfim reafirma a f\u00e9, a devo\u00e7\u00e3o e a uni\u00e3o da comunidade, mantendo viva uma tradi\u00e7\u00e3o que atravessa gera\u00e7\u00f5es e fortalece os la\u00e7os espirituais e sociais.<\/p>\n","protected":false},"excerpt":{"rendered":"<p>Programa\u00e7\u00e3o deste dia 15 de janeiro contar\u00e1 com adora\u00e7\u00e3o, celebra\u00e7\u00e3o eucar\u00edstica, quermesse e apresenta\u00e7\u00e3o cultural Por Blog do Eloilton Cajuhy \u2013 BEC >> Siga o canal do BEC no WhatsApp Nesta quinta-feira, 15 de janeiro de 2026, a comunidade cat\u00f3lica vivenciar\u00e1 um momento especial de f\u00e9 e comunh\u00e3o com a realiza\u00e7\u00e3o do 8\u00ba Dia da [&hellip;]<\/p>\n","protected":false},"author":2,"featured_media":92691,"comment_status":"open","ping_status":"open","sticky":false,"template":"","format":"standard","meta":{"_acf_changed":false,"_monsterinsights_skip_tracking":false,"_monsterinsights_sitenote_active":false,"_monsterinsights_sitenote_note":"","_monsterinsights_sitenote_category":0,"_jetpack_memberships_contains_paid_content":false,"footnotes":"","jetpack_publicize_message":"","jetpack_publicize_feature_enabled":true,"jetpack_social_post_already_shared":true,"jetpack_social_options":{"image_generator_settings":{"template":"highway","default_image_id":0,"font":"","enabled":false},"version":2}},"categories":[4],"tags":[],"class_list":["post-92927","post","type-post","status-publish","format-standard","has-post-thumbnail","hentry","category-local"],"acf":[],"jetpack_publicize_connections":[],"jetpack_featured_media_url":"https:\/\/i0.wp.com\/blogdoeloiltoncajuhy.com.br\/site\/wp-content\/uploads\/2026\/01\/Festa-do-Senhor-do-Bonfim-2026.png?fit=694%2C865&ssl=1","jetpack_sharing_enabled":true,"publishpress_future_workflow_manual_trigger":{"enabledWorkflows":[]},"_links":{"self":[{"href":"https:\/\/blogdoeloiltoncajuhy.com.br\/site\/wp-json\/wp\/v2\/posts\/92927","targetHints":{"allow":["GET"]}}],"collection":[{"href":"https:\/\/blogdoeloiltoncajuhy.com.br\/site\/wp-json\/wp\/v2\/posts"}],"about":[{"href":"https:\/\/blogdoeloiltoncajuhy.com.br\/site\/wp-json\/wp\/v2\/types\/post"}],"author":[{"embeddable":true,"href":"https:\/\/blogdoeloiltoncajuhy.com.br\/site\/wp-json\/wp\/v2\/users\/2"}],"replies":[{"embeddable":true,"href":"https:\/\/blogdoeloiltoncajuhy.com.br\/site\/wp-json\/wp\/v2\/comments?post=92927"}],"version-history":[{"count":1,"href":"https:\/\/blogdoeloiltoncajuhy.com.br\/site\/wp-json\/wp\/v2\/posts\/92927\/revisions"}],"predecessor-version":[{"id":92928,"href":"https:\/\/blogdoeloiltoncajuhy.com.br\/site\/wp-json\/wp\/v2\/posts\/92927\/revisions\/92928"}],"wp:featuredmedia":[{"embeddable":true,"href":"https:\/\/blogdoeloiltoncajuhy.com.br\/site\/wp-json\/wp\/v2\/media\/92691"}],"wp:attachment":[{"href":"https:\/\/blogdoeloiltoncajuhy.com.br\/site\/wp-json\/wp\/v2\/media?parent=92927"}],"wp:term":[{"taxonomy":"category","embeddable":true,"href":"https:\/\/blogdoeloiltoncajuhy.com.br\/site\/wp-json\/wp\/v2\/categories?post=92927"},{"taxonomy":"post_tag","embeddable":true,"href":"https:\/\/blogdoeloiltoncajuhy.com.br\/site\/wp-json\/wp\/v2\/tags?post=92927"}],"curies":[{"name":"wp","href":"https:\/\/api.w.org\/{rel}","templated":true}]}}