{"id":92915,"date":"2026-01-14T19:10:54","date_gmt":"2026-01-14T22:10:54","guid":{"rendered":"https:\/\/blogdoeloiltoncajuhy.com.br\/site\/?p=92915"},"modified":"2026-01-17T19:48:46","modified_gmt":"2026-01-17T22:48:46","slug":"quando-o-vento-leva-o-que-ja-nao-cabe-em-nos","status":"publish","type":"post","link":"https:\/\/blogdoeloiltoncajuhy.com.br\/site\/quando-o-vento-leva-o-que-ja-nao-cabe-em-nos\/","title":{"rendered":"Quando o vento leva o que j\u00e1 n\u00e3o cabe em n\u00f3s"},"content":{"rendered":"\n<p class=\"has-medium-font-size\"><strong>Um convite ao desapego, \u00e0 leveza e \u00e0 coragem de seguir apenas com o essencial<\/strong><\/p>\n\n\n\n<p><strong>Blog do Eloilton Cajuhy \u2013 BEC<\/strong><\/p>\n\n\n\n<p><strong><a href=\"https:\/\/whatsapp.com\/channel\/0029VaAT7tDLI8Yfj5y9Z50Z\" target=\"_blank\" rel=\"noreferrer noopener\"><mark style=\"background-color:rgba(0, 0, 0, 0)\" class=\"has-inline-color has-luminous-vivid-orange-color\">&gt;&gt; Siga o canal do BEC no WhatsApp<\/mark><\/a><\/strong><\/p>\n\n\n\n<figure class=\"wp-block-image aligncenter size-full is-resized\"><a href=\"https:\/\/i0.wp.com\/blogdoeloiltoncajuhy.com.br\/site\/wp-content\/uploads\/2026\/01\/Foto-Andre-Santos-2026-01-12.jpeg?ssl=1\"><img data-recalc-dims=\"1\" fetchpriority=\"high\" decoding=\"async\" width=\"768\" height=\"576\" src=\"https:\/\/i0.wp.com\/blogdoeloiltoncajuhy.com.br\/site\/wp-content\/uploads\/2026\/01\/Foto-Andre-Santos-2026-01-12.jpeg?resize=768%2C576&#038;ssl=1\" alt=\"\" class=\"wp-image-92916\" style=\"width:640px;height:auto\" srcset=\"https:\/\/i0.wp.com\/blogdoeloiltoncajuhy.com.br\/site\/wp-content\/uploads\/2026\/01\/Foto-Andre-Santos-2026-01-12.jpeg?w=768&amp;ssl=1 768w, https:\/\/i0.wp.com\/blogdoeloiltoncajuhy.com.br\/site\/wp-content\/uploads\/2026\/01\/Foto-Andre-Santos-2026-01-12.jpeg?resize=300%2C225&amp;ssl=1 300w\" sizes=\"(max-width: 768px) 100vw, 768px\" \/><\/a><figcaption class=\"wp-element-caption\"><sub>Povoado Bara\u00fana, interior de Senhor do Bonfim &#8211; Foto: Andr\u00e9 Santos<\/sub><\/figcaption><\/figure>\n\n\n\n<blockquote class=\"wp-block-quote is-layout-flow wp-block-quote-is-layout-flow\">\n<p><strong><mark style=\"background-color:rgba(0, 0, 0, 0)\" class=\"has-inline-color has-black-color\">&#8220;Fechei os olhos e pedi um favor ao vento: Leve tudo que for desnecess\u00e1rio. Ando cansada de bagagens pesadas&#8230; Daqui para frente levo apenas o que couber no bolso e no cora\u00e7\u00e3o&#8221;. Cora Coralina<\/mark><\/strong><\/p>\n<\/blockquote>\n\n\n\n<p>H\u00e1 momentos na vida em que o cansa\u00e7o n\u00e3o est\u00e1 no corpo, mas na alma. Um cansa\u00e7o silencioso, feito de excessos acumulados: m\u00e1goas guardadas, culpas desnecess\u00e1rias, expectativas alheias, dores que j\u00e1 cumpriram seu papel e insistem em ficar. \u00c9 nesses momentos que o pedido ao vento, como nos lembra Cora Coralina, se torna um ato de coragem.<\/p>\n\n\n\n<p>Pedir que o vento leve o que \u00e9 desnecess\u00e1rio n\u00e3o \u00e9 fugir, \u00e9 escolher. \u00c9 reconhecer que nem tudo precisa continuar conosco para que sigamos inteiros. Pelo contr\u00e1rio: muitas vezes, s\u00f3 avan\u00e7amos quando aprendemos a soltar. O desapego n\u00e3o \u00e9 perda, \u00e9 al\u00edvio. \u00c9 abrir espa\u00e7o para o novo, para o simples, para aquilo que realmente importa.<\/p>\n\n\n\n<p>As \u201cbagagens pesadas\u201d nem sempre s\u00e3o vis\u00edveis. Elas se escondem nos medos que alimentamos, nas hist\u00f3rias que repetimos, nas dores que j\u00e1 poderiam ter descansado. Carreg\u00e1-las por tanto tempo nos faz esquecer que a vida pode ser mais leve \u2014 e que n\u00e3o fomos feitos para caminhar sobrecarregados.<\/p>\n\n\n\n<p>Seguir levando apenas o que cabe no bolso e no cora\u00e7\u00e3o \u00e9 um exerc\u00edcio di\u00e1rio de consci\u00eancia. No bolso, cabem as experi\u00eancias, os aprendizados, o necess\u00e1rio para viver. No cora\u00e7\u00e3o, que fique o amor, a esperan\u00e7a, a f\u00e9, a gratid\u00e3o. O resto, que o vento leve. Ele sabe para onde ir.<\/p>\n\n\n\n<p>Que tenhamos coragem de fechar os olhos, respirar fundo e confiar. \u00c0s vezes, tudo o que precisamos \u00e9 permitir que o vento fa\u00e7a o seu trabalho e nos ensine, com suavidade, que viver tamb\u00e9m \u00e9 deixar ir.<\/p>\n","protected":false},"excerpt":{"rendered":"<p>Um convite ao desapego, \u00e0 leveza e \u00e0 coragem de seguir apenas com o essencial Blog do Eloilton Cajuhy \u2013 BEC &gt;&gt; Siga o canal do BEC no WhatsApp &#8220;Fechei os olhos e pedi um favor ao vento: Leve tudo que for desnecess\u00e1rio. Ando cansada de bagagens pesadas&#8230; Daqui para frente levo apenas o que [&hellip;]<\/p>\n","protected":false},"author":2,"featured_media":92916,"comment_status":"open","ping_status":"open","sticky":false,"template":"","format":"standard","meta":{"_acf_changed":false,"_monsterinsights_skip_tracking":false,"_monsterinsights_sitenote_active":false,"_monsterinsights_sitenote_note":"","_monsterinsights_sitenote_category":0,"_jetpack_memberships_contains_paid_content":false,"footnotes":"","jetpack_publicize_message":"","jetpack_publicize_feature_enabled":true,"jetpack_social_post_already_shared":true,"jetpack_social_options":{"image_generator_settings":{"template":"highway","default_image_id":0,"font":"","enabled":false},"version":2}},"categories":[9],"tags":[],"class_list":["post-92915","post","type-post","status-publish","format-standard","has-post-thumbnail","hentry","category-reflexao"],"acf":[],"jetpack_publicize_connections":[],"jetpack_featured_media_url":"https:\/\/i0.wp.com\/blogdoeloiltoncajuhy.com.br\/site\/wp-content\/uploads\/2026\/01\/Foto-Andre-Santos-2026-01-12.jpeg?fit=768%2C576&ssl=1","jetpack_sharing_enabled":true,"publishpress_future_workflow_manual_trigger":{"enabledWorkflows":[]},"_links":{"self":[{"href":"https:\/\/blogdoeloiltoncajuhy.com.br\/site\/wp-json\/wp\/v2\/posts\/92915","targetHints":{"allow":["GET"]}}],"collection":[{"href":"https:\/\/blogdoeloiltoncajuhy.com.br\/site\/wp-json\/wp\/v2\/posts"}],"about":[{"href":"https:\/\/blogdoeloiltoncajuhy.com.br\/site\/wp-json\/wp\/v2\/types\/post"}],"author":[{"embeddable":true,"href":"https:\/\/blogdoeloiltoncajuhy.com.br\/site\/wp-json\/wp\/v2\/users\/2"}],"replies":[{"embeddable":true,"href":"https:\/\/blogdoeloiltoncajuhy.com.br\/site\/wp-json\/wp\/v2\/comments?post=92915"}],"version-history":[{"count":2,"href":"https:\/\/blogdoeloiltoncajuhy.com.br\/site\/wp-json\/wp\/v2\/posts\/92915\/revisions"}],"predecessor-version":[{"id":93012,"href":"https:\/\/blogdoeloiltoncajuhy.com.br\/site\/wp-json\/wp\/v2\/posts\/92915\/revisions\/93012"}],"wp:featuredmedia":[{"embeddable":true,"href":"https:\/\/blogdoeloiltoncajuhy.com.br\/site\/wp-json\/wp\/v2\/media\/92916"}],"wp:attachment":[{"href":"https:\/\/blogdoeloiltoncajuhy.com.br\/site\/wp-json\/wp\/v2\/media?parent=92915"}],"wp:term":[{"taxonomy":"category","embeddable":true,"href":"https:\/\/blogdoeloiltoncajuhy.com.br\/site\/wp-json\/wp\/v2\/categories?post=92915"},{"taxonomy":"post_tag","embeddable":true,"href":"https:\/\/blogdoeloiltoncajuhy.com.br\/site\/wp-json\/wp\/v2\/tags?post=92915"}],"curies":[{"name":"wp","href":"https:\/\/api.w.org\/{rel}","templated":true}]}}