{"id":92909,"date":"2026-01-15T00:10:00","date_gmt":"2026-01-15T03:10:00","guid":{"rendered":"https:\/\/blogdoeloiltoncajuhy.com.br\/site\/?p=92909"},"modified":"2026-01-14T15:41:48","modified_gmt":"2026-01-14T18:41:48","slug":"veja-o-ranking-das-musicas-mais-tocadas-em-shows-no-brasil-em-2025","status":"publish","type":"post","link":"https:\/\/blogdoeloiltoncajuhy.com.br\/site\/veja-o-ranking-das-musicas-mais-tocadas-em-shows-no-brasil-em-2025\/","title":{"rendered":"Veja o ranking das m\u00fasicas mais tocadas em shows no Brasil em 2025"},"content":{"rendered":"\n<p class=\"has-medium-font-size\"><strong>Levantamento do Ecad marca o Dia Mundial do Compositor e destaca os autores das can\u00e7\u00f5es<\/strong><\/p>\n\n\n\n<p><strong>Blog do Eloilton Cajuhy &#8211; BEC<\/strong><\/p>\n\n\n\n<p><strong><a href=\"https:\/\/whatsapp.com\/channel\/0029VaAT7tDLI8Yfj5y9Z50Z\" target=\"_blank\" rel=\"noreferrer noopener\"><mark style=\"background-color:rgba(0, 0, 0, 0)\" class=\"has-inline-color has-luminous-vivid-orange-color\">>> Siga o canal do BEC no WhatsApp<\/mark><\/a><\/strong><\/p>\n\n\n\n<figure class=\"wp-block-image aligncenter size-full\"><a href=\"https:\/\/i0.wp.com\/blogdoeloiltoncajuhy.com.br\/site\/wp-content\/uploads\/2026\/01\/Show-musical-IA.png?ssl=1\"><img data-recalc-dims=\"1\" fetchpriority=\"high\" decoding=\"async\" width=\"768\" height=\"432\" src=\"https:\/\/i0.wp.com\/blogdoeloiltoncajuhy.com.br\/site\/wp-content\/uploads\/2026\/01\/Show-musical-IA.png?resize=768%2C432&#038;ssl=1\" alt=\"\" class=\"wp-image-92910\" srcset=\"https:\/\/i0.wp.com\/blogdoeloiltoncajuhy.com.br\/site\/wp-content\/uploads\/2026\/01\/Show-musical-IA.png?w=768&amp;ssl=1 768w, https:\/\/i0.wp.com\/blogdoeloiltoncajuhy.com.br\/site\/wp-content\/uploads\/2026\/01\/Show-musical-IA.png?resize=300%2C169&amp;ssl=1 300w\" sizes=\"(max-width: 768px) 100vw, 768px\" \/><\/a><figcaption class=\"wp-element-caption\"><sub>Imagem gerada por Intelig\u00eancia Artificial &#8211; IA<\/sub><\/figcaption><\/figure>\n\n\n\n<p>Celebrado nesta quinta-feira (15), o <strong><mark style=\"background-color:rgba(0, 0, 0, 0)\" class=\"has-inline-color has-black-color\">Dia Mundial do Compositor<\/mark><\/strong> \u00e9 uma homenagem a quem transforma hist\u00f3rias, emo\u00e7\u00f5es e experi\u00eancias em can\u00e7\u00f5es que atravessam gera\u00e7\u00f5es e fazem parte da identidade cultural do pa\u00eds. Para marcar a data, o Escrit\u00f3rio Central de Arrecada\u00e7\u00e3o e Distribui\u00e7\u00e3o (Ecad) realizou um estudo sobre as m\u00fasicas mais tocadas em shows realizados no Brasil em 2025, considerando apenas eventos adimplentes com os direitos autorais.<\/p>\n\n\n\n<p>A lideran\u00e7a do ranking musical ficou com o \u201chino\u201d sertanejo \u201cEvid\u00eancias\u201d, composi\u00e7\u00e3o de Jos\u00e9 Augusto e Paulo Sergio Valle. Na sequ\u00eancia aparece outro sucesso do g\u00eanero: \u201cBoate azul\u201d, de autoria de Benedito Seviero e Aparecido Tom\u00e1s. Fechando o top 3 est\u00e1 \u201cN\u00e3o quero dinheiro\u201d, de Tim Maia.<\/p>\n\n\n\n<p class=\"has-black-color has-text-color has-link-color has-medium-font-size wp-elements-d2f115bbf9cbcc025590af0918ea35fe\"><strong>N\u00fameros de compositores<\/strong><\/p>\n\n\n\n<p>A gest\u00e3o coletiva da m\u00fasica no Brasil representa atualmente mais de 5 milh\u00f5es de titulares brasileiros e estrangeiros, que t\u00eam suas obras cadastradas para garantir o recebimento de direitos autorais sempre que suas m\u00fasicas s\u00e3o executadas publicamente no pa\u00eds.<\/p>\n\n\n\n<p>Esse sistema \u00e9 administrado pelas associa\u00e7\u00f5es Abramus, Amar, Assim, Sbacem, Sicam, Socinpro e UBC, respons\u00e1veis pela administra\u00e7\u00e3o do Ecad e pelo atendimento aos titulares de direitos autorais em todo o territ\u00f3rio nacional.<\/p>\n\n\n\n<p>Para receber os valores de execu\u00e7\u00e3o p\u00fablica no Brasil, compositores e artistas precisam estar filiados a uma das sete associa\u00e7\u00f5es de m\u00fasica e manter seus dados e repert\u00f3rios atualizados. Os cadastros s\u00e3o feitos pelos pr\u00f3prios titulares ou por seus representantes. J\u00e1 as obras estrangeiras s\u00e3o registradas no pa\u00eds por meio de contratos de representa\u00e7\u00e3o firmados entre associa\u00e7\u00f5es internacionais e brasileiras, garantindo que esses direitos tamb\u00e9m sejam respeitados no Brasil.<\/p>\n\n\n\n<p>O pagamento dos direitos autorais depende do licenciamento musical, que \u00e9 obrigat\u00f3rio por lei. Estabelecimentos, canais de comunica\u00e7\u00e3o e organizadores de eventos, tanto p\u00fablicos quanto privados, devem recolher o valor previsto na Lei de Direitos Autorais (Lei n\u00ba 9.610\/98) para que os compositores e artistas sejam remunerados.<\/p>\n\n\n\n<p>Mesmo ap\u00f3s a morte de um compositor ou artista, os direitos autorais seguem protegidos. A legisla\u00e7\u00e3o brasileira assegura que os herdeiros recebam os rendimentos das obras por at\u00e9 70 anos ap\u00f3s o falecimento do autor ou do \u00faltimo compositor\/autor, em caso de parcerias.<\/p>\n\n\n\n<p><strong><mark style=\"background-color:rgba(0, 0, 0, 0)\" class=\"has-inline-color has-black-color\">Ranking das m\u00fasicas mais tocadas em shows realizados no Brasil em 2025<\/mark><\/strong> (<em>Obs: a lista considera exclusivamente os shows realizados no pa\u00eds no ano passado que pagaram os direitos autorais de execu\u00e7\u00e3o p\u00fablica musical<\/em>)<\/p>\n\n\n\n<figure class=\"wp-block-table\"><table class=\"has-fixed-layout\"><tbody><tr><td><strong><mark style=\"background-color:rgba(0, 0, 0, 0)\" class=\"has-inline-color has-black-color\">Posi\u00e7\u00e3o\u00a0\u00a0\u00a0<\/mark><\/strong><\/td><td><strong><mark style=\"background-color:rgba(0, 0, 0, 0)\" class=\"has-inline-color has-black-color\">M\u00fasica\u00a0\u00a0\u00a0<\/mark><\/strong><\/td><td><strong><mark style=\"background-color:rgba(0, 0, 0, 0)\" class=\"has-inline-color has-black-color\">Autores\u00a0\u00a0\u00a0<\/mark><\/strong><\/td><\/tr><tr><td>1&nbsp;&nbsp;&nbsp;<\/td><td>Evid\u00eancias&nbsp;<\/td><td>Jose Augusto \/ Paulo Sergio Valle&nbsp;<\/td><\/tr><tr><td>2&nbsp;&nbsp;&nbsp;<\/td><td>Boate azul&nbsp;<\/td><td>Benedito&nbsp;Seviero&nbsp;\/ Tomaz&nbsp;<\/td><\/tr><tr><td>3&nbsp;&nbsp;&nbsp;<\/td><td>N\u00e3o quero dinheiro&nbsp;<\/td><td>Tim Maia&nbsp;<\/td><\/tr><tr><td>4&nbsp;&nbsp;&nbsp;<\/td><td>Telefone mudo&nbsp;<\/td><td>Peao&nbsp;Carreiro \/ Franco&nbsp;<\/td><\/tr><tr><td>5&nbsp;&nbsp;<\/td><td>Eva&nbsp;<\/td><td>Cartavetrata&nbsp;\/&nbsp;Umto&nbsp;\/ Ficarelli&nbsp;<\/td><\/tr><tr><td>6&nbsp;&nbsp;<\/td><td>Cheia de manias&nbsp;<\/td><td>Luiz Carlos&nbsp;<\/td><\/tr><tr><td>7&nbsp;&nbsp;<\/td><td>Erro gostoso&nbsp;<\/td><td>Lucas Souza \/ Flavinho Do Kadet \/ Felipe Marins \/ Gabriel&nbsp;Angelo&nbsp;\/&nbsp;Eliabe&nbsp;Quexin&nbsp;\/ Edson Garcia&nbsp;<\/td><\/tr><tr><td>8&nbsp;&nbsp;<\/td><td>Anna Julia&nbsp;<\/td><td>Marcelo Camelo&nbsp;<\/td><\/tr><tr><td>9&nbsp;&nbsp;<\/td><td>Ainda ontem chorei de saudade&nbsp;<\/td><td>Moacyr Franco&nbsp;<\/td><\/tr><tr><td>10&nbsp;&nbsp;<\/td><td>Tentei te esquecer&nbsp;<\/td><td>Cruz Gago<\/td><\/tr><\/tbody><\/table><\/figure>\n","protected":false},"excerpt":{"rendered":"<p>Levantamento do Ecad marca o Dia Mundial do Compositor e destaca os autores das can\u00e7\u00f5es Blog do Eloilton Cajuhy &#8211; BEC >> Siga o canal do BEC no WhatsApp Celebrado nesta quinta-feira (15), o Dia Mundial do Compositor \u00e9 uma homenagem a quem transforma hist\u00f3rias, emo\u00e7\u00f5es e experi\u00eancias em can\u00e7\u00f5es que atravessam gera\u00e7\u00f5es e fazem [&hellip;]<\/p>\n","protected":false},"author":2,"featured_media":92910,"comment_status":"open","ping_status":"open","sticky":false,"template":"","format":"standard","meta":{"_acf_changed":false,"_monsterinsights_skip_tracking":false,"_monsterinsights_sitenote_active":false,"_monsterinsights_sitenote_note":"","_monsterinsights_sitenote_category":0,"_jetpack_memberships_contains_paid_content":false,"footnotes":"","jetpack_publicize_message":"","jetpack_publicize_feature_enabled":true,"jetpack_social_post_already_shared":true,"jetpack_social_options":{"image_generator_settings":{"template":"highway","default_image_id":0,"font":"","enabled":false},"version":2}},"categories":[8],"tags":[],"class_list":["post-92909","post","type-post","status-publish","format-standard","has-post-thumbnail","hentry","category-cultura"],"acf":[],"jetpack_publicize_connections":[],"jetpack_featured_media_url":"https:\/\/i0.wp.com\/blogdoeloiltoncajuhy.com.br\/site\/wp-content\/uploads\/2026\/01\/Show-musical-IA.png?fit=768%2C432&ssl=1","jetpack_sharing_enabled":true,"publishpress_future_workflow_manual_trigger":{"enabledWorkflows":[]},"_links":{"self":[{"href":"https:\/\/blogdoeloiltoncajuhy.com.br\/site\/wp-json\/wp\/v2\/posts\/92909","targetHints":{"allow":["GET"]}}],"collection":[{"href":"https:\/\/blogdoeloiltoncajuhy.com.br\/site\/wp-json\/wp\/v2\/posts"}],"about":[{"href":"https:\/\/blogdoeloiltoncajuhy.com.br\/site\/wp-json\/wp\/v2\/types\/post"}],"author":[{"embeddable":true,"href":"https:\/\/blogdoeloiltoncajuhy.com.br\/site\/wp-json\/wp\/v2\/users\/2"}],"replies":[{"embeddable":true,"href":"https:\/\/blogdoeloiltoncajuhy.com.br\/site\/wp-json\/wp\/v2\/comments?post=92909"}],"version-history":[{"count":1,"href":"https:\/\/blogdoeloiltoncajuhy.com.br\/site\/wp-json\/wp\/v2\/posts\/92909\/revisions"}],"predecessor-version":[{"id":92911,"href":"https:\/\/blogdoeloiltoncajuhy.com.br\/site\/wp-json\/wp\/v2\/posts\/92909\/revisions\/92911"}],"wp:featuredmedia":[{"embeddable":true,"href":"https:\/\/blogdoeloiltoncajuhy.com.br\/site\/wp-json\/wp\/v2\/media\/92910"}],"wp:attachment":[{"href":"https:\/\/blogdoeloiltoncajuhy.com.br\/site\/wp-json\/wp\/v2\/media?parent=92909"}],"wp:term":[{"taxonomy":"category","embeddable":true,"href":"https:\/\/blogdoeloiltoncajuhy.com.br\/site\/wp-json\/wp\/v2\/categories?post=92909"},{"taxonomy":"post_tag","embeddable":true,"href":"https:\/\/blogdoeloiltoncajuhy.com.br\/site\/wp-json\/wp\/v2\/tags?post=92909"}],"curies":[{"name":"wp","href":"https:\/\/api.w.org\/{rel}","templated":true}]}}