{"id":92906,"date":"2026-01-14T15:20:20","date_gmt":"2026-01-14T18:20:20","guid":{"rendered":"https:\/\/blogdoeloiltoncajuhy.com.br\/site\/?p=92906"},"modified":"2026-01-14T15:20:20","modified_gmt":"2026-01-14T18:20:20","slug":"educacao-como-preparar-o-filho-para-um-novo-ciclo-letivo","status":"publish","type":"post","link":"https:\/\/blogdoeloiltoncajuhy.com.br\/site\/educacao-como-preparar-o-filho-para-um-novo-ciclo-letivo\/","title":{"rendered":"Educa\u00e7\u00e3o: como preparar o filho para um novo ciclo letivo?"},"content":{"rendered":"\n<p class=\"has-medium-font-size\"><strong>Especialistas explicam como fam\u00edlias podem apoiar crian\u00e7as, adolescentes e jovens na adapta\u00e7\u00e3o \u00e0s novas etapas da vida escolar<\/strong><\/p>\n\n\n\n<p><strong>Blog do Eloilton Cajuhy &#8211; BEC<\/strong><\/p>\n\n\n\n<p><strong><a href=\"https:\/\/whatsapp.com\/channel\/0029VaAT7tDLI8Yfj5y9Z50Z\" target=\"_blank\" rel=\"noreferrer noopener\"><mark style=\"background-color:rgba(0, 0, 0, 0)\" class=\"has-inline-color has-luminous-vivid-orange-color\">>> Siga o canal do BEC no WhatsApp<\/mark><\/a><\/strong><\/p>\n\n\n\n<figure class=\"wp-block-image aligncenter size-full\"><a href=\"https:\/\/i0.wp.com\/blogdoeloiltoncajuhy.com.br\/site\/wp-content\/uploads\/2026\/01\/Aluno-Estudante-Aula-Freepik.jpg?ssl=1\"><img data-recalc-dims=\"1\" fetchpriority=\"high\" decoding=\"async\" width=\"800\" height=\"450\" src=\"https:\/\/i0.wp.com\/blogdoeloiltoncajuhy.com.br\/site\/wp-content\/uploads\/2026\/01\/Aluno-Estudante-Aula-Freepik.jpg?resize=800%2C450&#038;ssl=1\" alt=\"\" class=\"wp-image-92907\" srcset=\"https:\/\/i0.wp.com\/blogdoeloiltoncajuhy.com.br\/site\/wp-content\/uploads\/2026\/01\/Aluno-Estudante-Aula-Freepik.jpg?w=800&amp;ssl=1 800w, https:\/\/i0.wp.com\/blogdoeloiltoncajuhy.com.br\/site\/wp-content\/uploads\/2026\/01\/Aluno-Estudante-Aula-Freepik.jpg?resize=300%2C169&amp;ssl=1 300w, https:\/\/i0.wp.com\/blogdoeloiltoncajuhy.com.br\/site\/wp-content\/uploads\/2026\/01\/Aluno-Estudante-Aula-Freepik.jpg?resize=768%2C432&amp;ssl=1 768w\" sizes=\"(max-width: 800px) 100vw, 800px\" \/><\/a><figcaption class=\"wp-element-caption\"><sub>Foto: Freepik<\/sub><\/figcaption><\/figure>\n\n\n\n<p>A chegada de um novo ano letivo costuma trazer entusiasmo, mas tamb\u00e9m inseguran\u00e7as, d\u00favidas e desafios para estudantes. Mudan\u00e7a de rotina, novas demandas acad\u00eamicas, ambiente desconhecido e expectativas sociais podem impactar alunos de todas as idades. Segundo educadores, cada transi\u00e7\u00e3o escolar, desde a Educa\u00e7\u00e3o Infantil at\u00e9 o Ensino Superior, exige um tipo diferente de acolhimento, comunica\u00e7\u00e3o e organiza\u00e7\u00e3o.<\/p>\n\n\n\n<p>O per\u00edodo de adapta\u00e7\u00e3o \u00e9 um processo que envolve v\u00ednculo, tempo e escuta. Por isso, a participa\u00e7\u00e3o ativa da fam\u00edlia \u00e9 fundamental para garantir bem-estar emocional e um in\u00edcio de ciclo mais tranquilo. Quanto mais os pais e respons\u00e1veis compreendem as necessidades espec\u00edficas de cada fase, melhor conseguem apoiar os filhos.<\/p>\n\n\n\n<p>A seguir, quatro educadores detalham orienta\u00e7\u00f5es pr\u00e1ticas para cada etapa da jornada educacional.<\/p>\n\n\n\n<p class=\"has-black-color has-text-color has-link-color has-medium-font-size wp-elements-fb9fac492fb2a74db6aab91754371b17\"><strong>Adapta\u00e7\u00e3o para a Educa\u00e7\u00e3o Infantil<\/strong><\/p>\n\n\n\n<p>Nos primeiros dias de escola, especialmente para crian\u00e7as que nunca frequentaram um ambiente educativo, tudo \u00e9 novo: pessoas, regras, espa\u00e7os, hor\u00e1rios e a separa\u00e7\u00e3o dos pais. Esse momento pode despertar muita expectativa, mas tamb\u00e9m medo e inseguran\u00e7a. Por isso, o acolhimento cuidadoso e a previsibilidade s\u00e3o fundamentais. Quando o ambiente escolar transmite confian\u00e7a e os respons\u00e1veis comunicam com transpar\u00eancia o que vai acontecer, a adapta\u00e7\u00e3o se torna mais leve e acolhedora.<\/p>\n\n\n\n<p>Para ajudar nessa transi\u00e7\u00e3o, vale apostar em pequenas estrat\u00e9gias que fazem toda a diferen\u00e7a. Antes de come\u00e7ar o ano letivo, leve a crian\u00e7a para conhecer o espa\u00e7o: mostrar a sala, o p\u00e1tio e os novos colegas ajuda a diminuir a estranheza. Um objeto como um brinquedo ou paninho tamb\u00e9m pode funcionar como um \u201celo\u201d entre casa e escola, trazendo conforto nos momentos de inseguran\u00e7a. Se a escola permitir, os pais tamb\u00e9m podem acompanhar os primeiros dias de aula.<\/p>\n\n\n\n<p>Segundo a coordenadora pedag\u00f3gica, Beatriz Martins, o v\u00ednculo \u00e9 o eixo central do processo. \u201cO in\u00edcio exige acolhimento e previsibilidade, e durante os primeiros dias \u00e9 preciso ter paci\u00eancia. A crian\u00e7a precisa sentir que est\u00e1 segura e que aquele ambiente \u00e9 confi\u00e1vel. Al\u00e9m disso, manter uma rotina est\u00e1vel em casa, com hor\u00e1rios regulares para dormir, comer e brincar, d\u00e1 ao pequeno um senso de seguran\u00e7a que se reflete na escola. Quanto mais estabilidade emocional o adulto transmite, mais rapidamente a crian\u00e7a se organiza internamente\u201d.<\/p>\n\n\n\n<p class=\"has-black-color has-text-color has-link-color has-medium-font-size wp-elements-32be252f82e72af4ff74f0a080e5e10d\"><strong>Adapta\u00e7\u00e3o para o Ensino Fundamental I e II<\/strong><\/p>\n\n\n\n<p>A entrada no Ensino Fundamental I marca um momento decisivo na vida escolar das crian\u00e7as: \u00e9 quando elas come\u00e7am a consolidar h\u00e1bitos de estudo, a conviver com diferentes professores e a lidar com rotinas mais estruturadas. O impacto dessa mudan\u00e7a \u00e9 grande, especialmente para os pequenos, que vinham de uma rotina mais l\u00fadica e flex\u00edvel na Educa\u00e7\u00e3o Infantil. \u00c9 comum que, nas primeiras semanas, surjam d\u00favidas, cansa\u00e7o ou comportamentos mais sens\u00edveis, j\u00e1 que a crian\u00e7a est\u00e1 aprendendo a organizar o pr\u00f3prio material, acompanhar tarefas e se adaptar a um ambiente social mais complexo. \u201cEssa fase exige tempo, acolhimento e paci\u00eancia. A crian\u00e7a est\u00e1 ampliando seu repert\u00f3rio de autonomia e isso n\u00e3o acontece da noite para o dia\u201d, destaca Elo\u00edsa Monteiro, coordenadora pedag\u00f3gica da Escola Bil\u00edngue Aubrick, de S\u00e3o Paulo (SP).<\/p>\n\n\n\n<p>Para apoiar a adapta\u00e7\u00e3o, a recomenda\u00e7\u00e3o \u00e9 construir uma rotina previs\u00edvel, com hor\u00e1rios regulares para acordar, estudar, brincar e descansar. Al\u00e9m disso, conversas curtas e di\u00e1rias podem ajudar o aluno a expressar sentimentos e a compreender os desafios que est\u00e1 enfrentando. \u201cJ\u00e1 em casa, os respons\u00e1veis podem acompanhar o uso da agenda e revisar o material escolar, reduzindo a ansiedade e fortalecendo o senso de responsabilidade. Pequenas estrat\u00e9gias, como organizar juntos o que ser\u00e1 levado para o dia seguinte ou criar um cantinho fixo de estudos, contribuem para que a crian\u00e7a entenda que o processo de aprender \u00e9 cont\u00ednuo e compartilhado entre escola e fam\u00edlia\u201d, acrescenta Eloisa.<\/p>\n\n\n\n<p>J\u00e1 no Ensino Fundamental II, a adapta\u00e7\u00e3o ganha novos contornos. A crian\u00e7a que antes dependia mais do adulto agora precisa lidar com uma exig\u00eancia crescente por autonomia, al\u00e9m das transforma\u00e7\u00f5es f\u00edsicas, emocionais e sociais t\u00edpicas da pr\u00e9-adolesc\u00eancia e adolesc\u00eancia. O aluno passa a circular mais pela escola, tem professores diferentes para cada disciplina e come\u00e7a a desenvolver estrat\u00e9gias pr\u00f3prias de estudo. Esse conjunto de mudan\u00e7as pode gerar inseguran\u00e7a, dificuldade de concentra\u00e7\u00e3o ou oscila\u00e7\u00e3o de humor.<\/p>\n\n\n\n<p>Segundo a orientadora educacional da Aubrick, Isis Galindo, esse comportamento \u00e9 esperado. \u201cO estudante do Fundamental II vive um per\u00edodo de intensas transforma\u00e7\u00f5es internas. Ele precisa de adultos que escutem, orientem e acolham, sem retirar a responsabilidade que \u00e9 pr\u00f3pria dessa fase\u201d, explica. Ela refor\u00e7a que os sentimentos dos alunos precisam ser acolhidos e reconhecidos, pois isso lhes d\u00e1 seguran\u00e7a emocional. \u201cPara os pais, o desafio \u00e9 ajudar os filhos a compreender o que est\u00e3o sentindo, orient\u00e1-los sobre como agir e apoi\u00e1-los a lidar com as frustra\u00e7\u00f5es e desafios que fazem parte do crescimento. Assim, eles se fortalecem para enfrentar as situa\u00e7\u00f5es da vida e as mudan\u00e7as naturais da faixa et\u00e1ria\u201d.<\/p>\n\n\n\n<p>Para tornar o processo mais leve, o di\u00e1logo precisa ser aberto, n\u00e3o apenas sobre tarefas escolares, mas sobre conviv\u00eancia, sentimentos e rela\u00e7\u00f5es. A participa\u00e7\u00e3o da fam\u00edlia continua sendo fundamental, mas agora com foco em orienta\u00e7\u00e3o, n\u00e3o em controle absoluto. \u201cCriar metas realistas, acompanhar o calend\u00e1rio escolar, incentivar o uso consciente de tecnologias e apoiar a organiza\u00e7\u00e3o de materiais e estudos s\u00e3o atitudes que ajudam o aluno a se perceber mais competente. Quando o adolescente sente que tem voz, cria v\u00ednculos mais fortes e se engaja com mais confian\u00e7a nas responsabilidades dessa etapa\u201d, refor\u00e7a \u00cdsis.<\/p>\n\n\n\n<p class=\"has-black-color has-text-color has-link-color has-medium-font-size wp-elements-c65fb59ef59c5882976e27dfcfa46bd1\"><strong>Adapta\u00e7\u00e3o para o Ensino M\u00e9dio<\/strong><\/p>\n\n\n\n<p>O Ensino M\u00e9dio representa a etapa mais desafiadora da Educa\u00e7\u00e3o B\u00e1sica, marcada pelo aumento da carga hor\u00e1ria, aprofundamento de conte\u00fados e o foco na prepara\u00e7\u00e3o para vestibulares e para o Exame Nacional do Ensino M\u00e9dio (ENEM). Apesar dos estudantes serem maiores e mais independentes em sua organiza\u00e7\u00e3o geral, o in\u00edcio da fase final da vida escolar pede acompanhamento pr\u00f3ximo, escuta e apoio.<\/p>\n\n\n\n<p>\u201cLogo no primeiro ano do Ensino M\u00e9dio, os jovens se deparam com um ritmo de aula diferente do Ensino Fundamental, conte\u00fados mais densos, al\u00e9m do turbilh\u00e3o de emo\u00e7\u00f5es e horm\u00f4nios da adolesc\u00eancia. Nessa fase, o adolescente enfrenta diversas mudan\u00e7as f\u00edsicas e emocionais. Al\u00e9m disso, a press\u00e3o por desempenho pode se tornar um peso extra se n\u00e3o houver di\u00e1logo\u201d, diz a Orientadora Educacional do Progresso Bil\u00edngue, de Campinas (SP), Ana J\u00falia Gonzalez.<\/p>\n\n\n\n<p>Para garantir uma transi\u00e7\u00e3o tranquila, o suporte deve ser estrat\u00e9gico: as fam\u00edlias devem orientar e ajudar a tra\u00e7ar o projeto de vida do jovem. \u00c9 crucial incentivar a organiza\u00e7\u00e3o dos estudos, o equil\u00edbrio entre a rotina acad\u00eamica e o autocuidado, e a cria\u00e7\u00e3o de um ambiente livre de distra\u00e7\u00f5es. J\u00e1 a escola tem o papel de oferecer suporte pedag\u00f3gico individualizado, revis\u00f5es, avalia\u00e7\u00f5es diagn\u00f3sticas, monitorias e recupera\u00e7\u00e3o paralela para que o aluno desenvolva a autonomia e sane poss\u00edveis d\u00e9ficits.<\/p>\n\n\n\n<p>\u201cA mensagem principal que os adultos devem passar \u00e9: o jovem n\u00e3o precisa ter todas as respostas agora, ou ter certeza de qual profiss\u00e3o seguir, por exemplo. Mas precisa estar aberto para construir um caminho de futuro, com consist\u00eancia, comprometimento e apoio\u201d, diz Ana J\u00falia.<\/p>\n\n\n\n<p class=\"has-black-color has-text-color has-link-color has-medium-font-size wp-elements-5d44554955daef35057ee08838e6c9dd\"><strong>Adapta\u00e7\u00e3o para o Ensino Superior<\/strong><\/p>\n\n\n\n<p>A entrada na universidade marca o in\u00edcio da vida adulta, exigindo do jovem um salto em autonomia e responsabilidade. Longe da estrutura do Ensino M\u00e9dio, o estudante depara-se com um mundo novo de autonomia acad\u00eamica, necessidade de gerenciar o pr\u00f3prio tempo e, muitas vezes, o desafio de viver longe da fam\u00edlia. Embora a fase traga entusiasmo, \u00e9 comum surgirem solid\u00e3o, sobrecarga e ansiedade devido \u00e0 mudan\u00e7a abrupta na din\u00e2mica de avalia\u00e7\u00e3o e aprofundamento do conte\u00fado. O papel dos pais neste ciclo \u00e9 fundamental, passando de controle para suporte emocional e log\u00edstico, incentivando a independ\u00eancia; mas sem assumir o papel do estudante na solu\u00e7\u00e3o dos pr\u00f3prios problemas.<\/p>\n\n\n\n<p>Para o coordenador pedag\u00f3gico da Escola Internacional de Alphaville, de Barueri (SP), Peter Rifaat, esta \u00e9 uma fase crucial de desenvolvimento identit\u00e1rio. \u201cO jovem come\u00e7a a se reconhecer como adulto. Apoiar a constru\u00e7\u00e3o de rotina, a busca por tutoria e a participa\u00e7\u00e3o em grupos de estudo ajuda muito nesse processo\u201d.<\/p>\n\n\n\n<p>O sucesso na adapta\u00e7\u00e3o depende da proatividade do universit\u00e1rio em montar um calend\u00e1rio pr\u00f3prio para planejar estudos e revis\u00f5es, e em utilizar ativamente os recursos oferecidos pelas institui\u00e7\u00f5es de ensino, como servi\u00e7os de apoio psicol\u00f3gico, tutoria e grupos de extens\u00e3o. \u201c\u00c9 importante entender que n\u00e3o existe um jeito \u00fanico de viver a faculdade. Cada trajet\u00f3ria \u00e9 leg\u00edtima\u201d, finaliza Rifaat.<\/p>\n","protected":false},"excerpt":{"rendered":"<p>Especialistas explicam como fam\u00edlias podem apoiar crian\u00e7as, adolescentes e jovens na adapta\u00e7\u00e3o \u00e0s novas etapas da vida escolar Blog do Eloilton Cajuhy &#8211; BEC >> Siga o canal do BEC no WhatsApp A chegada de um novo ano letivo costuma trazer entusiasmo, mas tamb\u00e9m inseguran\u00e7as, d\u00favidas e desafios para estudantes. Mudan\u00e7a de rotina, novas demandas [&hellip;]<\/p>\n","protected":false},"author":2,"featured_media":92907,"comment_status":"open","ping_status":"open","sticky":false,"template":"","format":"standard","meta":{"_acf_changed":false,"_monsterinsights_skip_tracking":false,"_monsterinsights_sitenote_active":false,"_monsterinsights_sitenote_note":"","_monsterinsights_sitenote_category":0,"_jetpack_memberships_contains_paid_content":false,"footnotes":"","jetpack_publicize_message":"","jetpack_publicize_feature_enabled":true,"jetpack_social_post_already_shared":false,"jetpack_social_options":{"image_generator_settings":{"template":"highway","default_image_id":0,"font":"","enabled":false},"version":2}},"categories":[14],"tags":[],"class_list":["post-92906","post","type-post","status-publish","format-standard","has-post-thumbnail","hentry","category-educacao"],"acf":[],"jetpack_publicize_connections":[],"jetpack_featured_media_url":"https:\/\/i0.wp.com\/blogdoeloiltoncajuhy.com.br\/site\/wp-content\/uploads\/2026\/01\/Aluno-Estudante-Aula-Freepik.jpg?fit=800%2C450&ssl=1","jetpack_sharing_enabled":true,"publishpress_future_workflow_manual_trigger":{"enabledWorkflows":[]},"_links":{"self":[{"href":"https:\/\/blogdoeloiltoncajuhy.com.br\/site\/wp-json\/wp\/v2\/posts\/92906","targetHints":{"allow":["GET"]}}],"collection":[{"href":"https:\/\/blogdoeloiltoncajuhy.com.br\/site\/wp-json\/wp\/v2\/posts"}],"about":[{"href":"https:\/\/blogdoeloiltoncajuhy.com.br\/site\/wp-json\/wp\/v2\/types\/post"}],"author":[{"embeddable":true,"href":"https:\/\/blogdoeloiltoncajuhy.com.br\/site\/wp-json\/wp\/v2\/users\/2"}],"replies":[{"embeddable":true,"href":"https:\/\/blogdoeloiltoncajuhy.com.br\/site\/wp-json\/wp\/v2\/comments?post=92906"}],"version-history":[{"count":1,"href":"https:\/\/blogdoeloiltoncajuhy.com.br\/site\/wp-json\/wp\/v2\/posts\/92906\/revisions"}],"predecessor-version":[{"id":92908,"href":"https:\/\/blogdoeloiltoncajuhy.com.br\/site\/wp-json\/wp\/v2\/posts\/92906\/revisions\/92908"}],"wp:featuredmedia":[{"embeddable":true,"href":"https:\/\/blogdoeloiltoncajuhy.com.br\/site\/wp-json\/wp\/v2\/media\/92907"}],"wp:attachment":[{"href":"https:\/\/blogdoeloiltoncajuhy.com.br\/site\/wp-json\/wp\/v2\/media?parent=92906"}],"wp:term":[{"taxonomy":"category","embeddable":true,"href":"https:\/\/blogdoeloiltoncajuhy.com.br\/site\/wp-json\/wp\/v2\/categories?post=92906"},{"taxonomy":"post_tag","embeddable":true,"href":"https:\/\/blogdoeloiltoncajuhy.com.br\/site\/wp-json\/wp\/v2\/tags?post=92906"}],"curies":[{"name":"wp","href":"https:\/\/api.w.org\/{rel}","templated":true}]}}